{"id":5335,"date":"2009-03-14T10:05:29","date_gmt":"2009-03-14T08:05:29","guid":{"rendered":"http:\/\/www.korhanyilmaz.com\/?p=5335"},"modified":"2009-03-14T10:05:29","modified_gmt":"2009-03-14T08:05:29","slug":"chpli-adaya-saldiri","status":"publish","type":"post","link":"http:\/\/www.korhanyilmaz.com\/?p=5335","title":{"rendered":"CHP&#039;li adaya sald\u0131r\u0131!"},"content":{"rendered":"<p><img loading=\"lazy\" decoding=\"async\" class=\"aligncenter size-full wp-image-5336\" title=\"MU\u011eLA'n\u0131n Marmaris \u0130l\u00e7esi'ne ba\u011fl\u0131 Beldibi Belde'sinin CHP'li Belediye Ba\u015fkan Aday\u0131 Ali Erarslan\" src=\"http:\/\/www.korhanyilmaz.com\/wp-content\/uploads\/2009\/03\/451013446.jpg\" alt=\"MU\u011eLA'n\u0131n Marmaris \u0130l\u00e7esi'ne ba\u011fl\u0131 Beldibi Belde'sinin CHP'li Belediye Ba\u015fkan Aday\u0131 Ali Erarslan\" width=\"300\" height=\"200\" \/><\/p>\n<p style=\"text-align: justify;\"><strong>CHP&#8217;li ba\u015fkan aday\u0131n\u0131n burnu k\u0131r\u0131ld\u0131<\/strong>.<\/p>\n<p style=\"text-align: justify;\">MU\u011eLA&#8217;n\u0131n Marmaris \u0130l\u00e7esi&#8217;ne ba\u011fl\u0131 Beldibi Belde&#8217;sinin CHP&#8217;li Belediye Ba\u015fkan Aday\u0131 Ali Erarslan, \u00f6n\u00fc kesilen bir grup taraf\u0131ndan d\u00f6v\u00fcld\u00fc. Olayla ilgili 4 ki\u015fi g\u00f6zalt\u0131na al\u0131n\u0131rken, burnu k\u0131r\u0131lan Ali Eraslan, sald\u0131r\u0131y\u0131 AKP&#8217;li bir grubun ger\u00e7ekle\u015ftirdi\u011fini ileri s\u00fcrd\u00fc.<\/p>\n<p style=\"text-align: justify;\">Olay, bug\u00fcn saat 22.00 s\u0131ralar\u0131nda Marmaris \u0130l\u00e7esi&#8217;ne ba\u011fl\u0131 Beldibi Beldesi&#8217;nde meydana geldi. CHP se\u00e7im ve irtibat b\u00fcrosunun kar\u015f\u0131s\u0131nda bulunan kahvehanede oyun oynayan gen\u00e7ler aras\u0131nda \u00e7\u0131kan tart\u0131\u015fma, k\u0131sa s\u00fcrede kavgaya d\u00f6n\u00fc\u015ft\u00fc. G\u00fcr\u00fclt\u00fc \u00fczerine se\u00e7im b\u00fcrosundan kahvehaneye giden Belde Belediye Ba\u015fkan Aday\u0131 Ali Erarslan ile bu s\u0131rada b\u00f6lgede devriye gezen Beldibi Jandarma Karakolu ekipleri kavgaya m\u00fcdahale ederek, taraflar\u0131 ay\u0131rd\u0131.<!--more--><\/p>\n<p style=\"text-align: justify;\">Ortal\u0131k yat\u0131\u015ft\u0131ktan k\u0131sa s\u00fcre sonra se\u00e7im b\u00fcrosuna gitmek i\u00e7in kahvehaneden ayr\u0131lan Ali Eraslan&#8217;\u0131n yolu, kavgaya kar\u0131\u015fanlardan 4 ki\u015fi taraf\u0131ndan kesildi. Gruptan H\u00fcseyin \u00c7ak\u0131r, iddiaya g\u00f6re &#8216;Sen adam m\u0131s\u0131n, seni Beldibi&#8217;nden s\u00fcreriz&#8217; dedi, Ali Eraslan&#8217;\u0131n y\u00fcz\u00fcne kafa att\u0131. H\u00fcseyin \u00c7ak\u0131r, ard\u0131ndan, ald\u0131\u011f\u0131 kafa darbesiyle kanlar i\u00e7inde yere y\u0131\u011f\u0131lan Ali Eraslan&#8217;\u0131 tekmeleye ba\u015flad\u0131. Durumu fark eden \u00e7evredekiler olaya m\u00fcdahale edince H\u00fcseyin \u00c7ak\u0131r ka\u00e7t\u0131.<\/p>\n<p style=\"text-align: justify;\">Ali Eraslan, hemen \u00e7evredekiler taraf\u0131ndan otomobille Marmaris Devlet Hastanesi&#8217;ne kald\u0131r\u0131ld\u0131. Yap\u0131lan kontrollerde Eraslan&#8217;\u0131n burnunun k\u0131r\u0131ld\u0131\u011f\u0131 tespit edildi. Burnuna \u00fc\u00e7 diki\u015f at\u0131lan Eraslan, tedavisinin ard\u0131ndan taburcu edildi.<\/p>\n<p style=\"text-align: justify;\"><strong>SALDIRGANLARIN AKP&#8217;L\u0130 OLDU\u011eU \u0130DD\u0130ASI<\/strong><\/p>\n<p style=\"text-align: justify;\">Olay\u0131 haber al\u0131p Marmaris Devlet Hastanesi&#8217;ne gelen Marmaris Belediye Ba\u015fkan\u0131 CHP&#8217;li Ali Acar, \u0130l\u00e7e Ba\u015fkan\u0131 Yama\u00e7 Kaya ve \u00e7ok say\u0131da partili Ali Erarslan&#8217;a ge\u00e7mi\u015f olsun dileklerini sundu.<\/p>\n<p style=\"text-align: justify;\">\u00c7\u0131k\u0131\u015fta bas\u0131n a\u00e7\u0131klamas\u0131 yapan Ali Erarslan, &#8220;S\u00f6zl\u00fc ve yol kesme sald\u0131r\u0131lar\u0131 AKP&#8217;li oldu\u011funu bildi\u011fimiz bir grup taraf\u0131ndan ben ve \u00fcyelerime yap\u0131l\u0131yordu. Bizler hi\u00e7bir zaman kavgac\u0131 ve \u00e7amur atan zihniyetlere sahip olmad\u0131k. Beldibi CHP&#8217;li gen\u00e7lerine ve \u00fcyelerime sakin olmalar\u0131n\u0131, bu t\u00fcr kavga ve sald\u0131r\u0131lar\u0131n bir sonu\u00e7 getirmeyece\u011fini bilmenizi istiyorum. Bana sald\u0131rarak &#8216;sen adam m\u0131s\u0131n? seni Beldibi&#8217;nden s\u00fcreriz&#8217; s\u00f6zlerini s\u00f6yleyerek burnumu k\u0131ran ve darp eden \u015fah\u0131s H\u00fcseyin \u00c7ak\u0131r&#8217;d\u0131r. Bana sald\u0131ran bu ki\u015fi hakk\u0131nda gerekli yasal ba\u015fvurumu yapt\u0131m&#8221; dedi.<\/p>\n<p style=\"text-align: justify;\">CHP Ba\u015fkan Aday\u0131 Erarslan, tedavi sonras\u0131 ifade vermek i\u00e7in Marmaris \u0130l\u00e7e Jandarma Komutanl\u0131\u011f\u0131&#8217;na gitti.<\/p>\n<p style=\"text-align: justify;\">CHP Beldibi Belde Ba\u015fkan\u0131 \u0130lhan Barlas da, &#8220;Se\u00e7im yakla\u015ft\u0131k\u00e7a artan bir gerilim var. Biz bu gerilimin i\u00e7inde olmak istemiyoruz. Herkese sevgi ve sayg\u0131 iletirken zaman zaman \u00fcyelerimize ve se\u00e7im b\u00fcromuza gelen vatanda\u015flara AKP&#8217;li bir grup taraf\u0131ndan s\u00f6zl\u00fc ve fiili sald\u0131r\u0131lar oluyor. Bu saatte kadar bir \u015fikayette bulunmam\u0131\u015ft\u0131k, ama bu sald\u0131r\u0131 sonras\u0131 her t\u00fcrl\u00fc yasal hakk\u0131m\u0131z\u0131 koruyaca\u011f\u0131z&#8217; dedi.<\/p>\n<p style=\"text-align: justify;\">Olayla ilgili soru\u015fturma ba\u015flatan jandarma ekipleri, sald\u0131r\u0131y\u0131 ger\u00e7ekle\u015ftiren H\u00fcseyin \u00c7ak\u0131r ve beraberindeki 3 ki\u015fiyi g\u00f6zalt\u0131na ald\u0131. Zanl\u0131lar ifadeleri al\u0131nmak \u00fczere Marmaris \u0130l\u00e7e Jandarma Komutanl\u0131\u011f\u0131&#8217;na g\u00f6t\u00fcr\u00fcld\u00fc.<\/p>\n<p style=\"text-align: justify;\"><span style=\"color: #888888;\">DHA<\/span><\/p>\n","protected":false},"excerpt":{"rendered":"<\/p>\n<p style=\"text-align: justify;\">CHP&#8217;li ba\u015fkan aday\u0131n\u0131n burnu k\u0131r\u0131ld\u0131.<\/p>\n<p style=\"text-align: justify;\">MU\u011eLA&#8217;n\u0131n Marmaris \u0130l\u00e7esi&#8217;ne ba\u011fl\u0131 Beldibi Belde&#8217;sinin CHP&#8217;li Belediye Ba\u015fkan Aday\u0131 Ali Erarslan, \u00f6n\u00fc kesilen bir grup taraf\u0131ndan d\u00f6v\u00fcld\u00fc. Olayla ilgili 4 ki\u015fi g\u00f6zalt\u0131na al\u0131n\u0131rken, burnu k\u0131r\u0131lan Ali Eraslan, sald\u0131r\u0131y\u0131 AKP&#8217;li bir grubun ger\u00e7ekle\u015ftirdi\u011fini ileri s\u00fcrd\u00fc.<\/p>\n<p style=\"text-align: justify;\">Olay, bug\u00fcn saat 22.00 s\u0131ralar\u0131nda Marmaris \u0130l\u00e7esi&#8217;ne ba\u011fl\u0131 <\/p>\n","protected":false},"author":1,"featured_media":0,"comment_status":"open","ping_status":"closed","sticky":false,"template":"","format":"standard","meta":{"footnotes":""},"categories":[105],"tags":[],"class_list":["post-5335","post","type-post","status-publish","format-standard","hentry","category-gundem","odd"],"_links":{"self":[{"href":"http:\/\/www.korhanyilmaz.com\/index.php?rest_route=\/wp\/v2\/posts\/5335","targetHints":{"allow":["GET"]}}],"collection":[{"href":"http:\/\/www.korhanyilmaz.com\/index.php?rest_route=\/wp\/v2\/posts"}],"about":[{"href":"http:\/\/www.korhanyilmaz.com\/index.php?rest_route=\/wp\/v2\/types\/post"}],"author":[{"embeddable":true,"href":"http:\/\/www.korhanyilmaz.com\/index.php?rest_route=\/wp\/v2\/users\/1"}],"replies":[{"embeddable":true,"href":"http:\/\/www.korhanyilmaz.com\/index.php?rest_route=%2Fwp%2Fv2%2Fcomments&post=5335"}],"version-history":[{"count":0,"href":"http:\/\/www.korhanyilmaz.com\/index.php?rest_route=\/wp\/v2\/posts\/5335\/revisions"}],"wp:attachment":[{"href":"http:\/\/www.korhanyilmaz.com\/index.php?rest_route=%2Fwp%2Fv2%2Fmedia&parent=5335"}],"wp:term":[{"taxonomy":"category","embeddable":true,"href":"http:\/\/www.korhanyilmaz.com\/index.php?rest_route=%2Fwp%2Fv2%2Fcategories&post=5335"},{"taxonomy":"post_tag","embeddable":true,"href":"http:\/\/www.korhanyilmaz.com\/index.php?rest_route=%2Fwp%2Fv2%2Ftags&post=5335"}],"curies":[{"name":"wp","href":"https:\/\/api.w.org\/{rel}","templated":true}]}}