{"id":5308,"date":"2009-03-14T09:51:39","date_gmt":"2009-03-14T07:51:39","guid":{"rendered":"http:\/\/www.korhanyilmaz.com\/?p=5308"},"modified":"2009-03-14T09:51:39","modified_gmt":"2009-03-14T07:51:39","slug":"bunu-goren-yurek-nasil-dayana","status":"publish","type":"post","link":"http:\/\/www.korhanyilmaz.com\/?p=5308","title":{"rendered":"Bunu g\u00f6ren y\u00fcrek nas\u0131l dayana"},"content":{"rendered":"<p style=\"text-align: center;\"><a href=\"http:\/\/www.korhanyilmaz.com\/wp-content\/uploads\/2009\/03\/75486801.jpg\"  class=\"lightview\"><img loading=\"lazy\" decoding=\"async\" class=\"aligncenter size-full wp-image-7738\" src=\"http:\/\/www.korhanyilmaz.com\/wp-content\/uploads\/2009\/03\/75486801.jpg\" alt=\"\" width=\"290\" height=\"192\" \/><\/a><\/p>\n<p style=\"text-align: justify;\"><strong>Erdo\u011fan ve Baykal&#8217;\u0131n, A\u015f\u0131k Mahzuni \u015eerif&#8217;in dizeleriyle meydanlarda y\u00fcr\u00fctt\u00fckleri so\u011fan polemi\u011finin alt\u0131ndan, o\u011ful Mahzuni&#8217;nin dram\u0131 \u00e7\u0131kt\u0131.<\/strong><\/p>\n<p style=\"text-align: justify;\">Do\u011fu\u015ftan i\u015fitme ve konu\u015fma engelli Ferhat Mahzuni, Ankara sokaklar\u0131nda sefil bir hayat s\u00fcr\u00fcyor. Do\u011fru d\u00fcr\u00fcst kalacak yeri dahi olmayan ve birka\u00e7 g\u00fcnd\u00fcr bir mahalle sakininde yatan Ferhat&#8217;\u0131n karn\u0131n\u0131 esnaf doyuruyor.<\/p>\n<p style=\"text-align: justify;\"><strong>BA\u015eBAKAN<\/strong> Tayyip Erdo\u011fan&#8217;\u0131n Elbistan mitinginde A\u015f\u0131k Mahzuni \u015eerif&#8217;in &#8220;Yi\u011fit muhta\u00e7 olmu\u015f kuru so\u011fana&#8221; s\u00f6zleriyle ba\u015flayan ve CHP Genel Ba\u015fkan\u0131 Deniz Baykal&#8217;\u0131n &#8220;Yi\u011fidi kim muhta\u00e7 etmi\u015f kuru so\u011fana?&#8221; s\u00f6zleriyle devam eden polemi\u011fin alt\u0131ndan dram \u00e7\u0131kt\u0131. Cumhuriyet tarihinin en \u00f6nemli ozanlar\u0131ndan A\u015f\u0131k Mahzuni&#8217;nin o\u011flu Ferhat, ba\u015fkent sokaklar\u0131nda sefil bir halde ya\u015f\u0131yor. Do\u011fu\u015ftan i\u015fitme ve konu\u015fma engelli olan Ferhat&#8217;a Dikmen&#8217;deki esnaf sahip \u00e7\u0131k\u0131yor. <!--more--><br \/>\n<a href=\"http:\/\/www.korhanyilmaz.com\/wp-content\/uploads\/2009\/03\/7548475.jpg\"  class=\"lightview\"><img loading=\"lazy\" decoding=\"async\" class=\"size-full wp-image-5310 alignleft\" style=\"margin-left: 10px; margin-right: 10px;\" src=\"http:\/\/www.korhanyilmaz.com\/wp-content\/uploads\/2009\/03\/7548475.jpg\" alt=\"\" width=\"200\" height=\"301\" \/><\/a><br \/>\n<strong>\u00dcvey anne su\u00e7lanm\u0131\u015ft\u0131<\/strong><\/p>\n<p style=\"text-align: justify;\">Yak\u0131n zamana kadar Dikmen \u0130lker Caddesi&#8217;ndeki bir benzinli\u011fin kul\u00fcbesinde ya\u015fayan Ferhat, benzinli\u011fin el de\u011fi\u015ftirmesinin ard\u0131ndan sokakta kald\u0131. A\u015f\u0131k Mahzuni \u015eerif&#8217;in o\u011flu Ferhat&#8217;la ilgili Zaman Gazetesi be\u015f y\u0131l \u00f6nce bir haber yapm\u0131\u015ft\u0131. Haberde Ferhat&#8217;\u0131n zaman zaman dilencilik yapt\u0131\u011f\u0131 vurgulanm\u0131\u015ft\u0131. O d\u00f6nem A\u015f\u0131k Mahzuni&#8217;nin ilk e\u015fi Fatma&#8217;dan olan \u00e7ocuklar\u0131 Ferhat&#8217;\u0131n \u00f6z karde\u015fleri \u015eirin ve Emrah ile \u00fcvey anne Fatma Mahzuni birbirlerini su\u00e7lam\u0131\u015ft\u0131. O d\u00f6nemde sokaklarda ya\u015fayan Ferhat&#8217;a ikiz karde\u015fi \u015eirin Alpsatan Mahzuni&#8217;nin bir kul\u00fcbe tuttu\u011fu belirtilmi\u015fti. \u0130kizi \u015eirin Mahzuni, annesi \u00f6ld\u00fckten sonra Ferhat&#8217;la kendi ba\u015flar\u0131n\u0131n \u00e7aresine bakmak zorunda kald\u0131klar\u0131n\u0131 ve hayat\u0131n\u0131 t\u00fcrk\u00fcc\u00fcl\u00fck yaparak kazan\u0131p karde\u015fine bakt\u0131\u011f\u0131n\u0131 s\u00f6ylerken, \u00fcvey anne Fatma Mahzuni, &#8220;Ferhat&#8217;a da \u015eirin&#8217;e de 26 ya\u015f\u0131na kadar ben bakt\u0131m&#8221; demi\u015fti. A\u015f\u0131k Mahzuni&#8217;nin son e\u015fi, &#8220;Madem Ferhat&#8217;a bakmad\u0131\u011f\u0131m\u0131 s\u00f6yl\u00fcyorlar, o zaman biraz da \u00f6z karde\u015fleri Emrah ve \u015eirin baks\u0131n ona. Ben onu yurtd\u0131\u015f\u0131nda dilsizler okuluna bile vermek istedim ama \u00f6z karde\u015fleri engel oldu&#8221; demi\u015f, \u015eirin Mahzuni, bu iddian\u0131n yalan oldu\u011funu s\u00f6ylemi\u015fti.<\/p>\n<p style=\"text-align: justify;\"><strong>Sat\u0131rlar\u0131na sahip \u00e7\u0131kanlar ona da sahip \u00e7\u0131ks\u0131nlar<\/strong><\/p>\n<p style=\"text-align: justify;\"><strong>A\u015eIK<\/strong> Mahzuni&#8217;nin arkada\u015f\u0131 halk m\u00fczi\u011fi sanat\u00e7\u0131s\u0131 Talip \u015eahin, &#8220;Siyasilerimiz Mahzuni&#8217;nin sat\u0131rlar\u0131na sahip \u00e7\u0131k\u0131yorsa, o\u011fluna da sahip \u00e7\u0131ks\u0131nlar&#8221; dedi. Ferhat&#8217;\u0131n s\u00fcrekli gezdi\u011fi sokakta \u00fcvey annesinin oturdu\u011funu ancak ilgilenmedi\u011fini s\u00f6yleyen \u015eahin \u015funlar\u0131 anlatt\u0131: &#8220;Ferhat y\u0131llard\u0131r sokaklarda. Esnafa gidiyor karn\u0131n\u0131 doyuruyor ve yine sokaklara d\u00f6n\u00fcyor. Neyse ki bir mahalle sakini ona sahip \u00e7\u0131kt\u0131 ve birka\u00e7 g\u00fcnd\u00fcr evinde misafir ediyor. Ferhat, Mahzuni&#8217;nin \u00f6l\u00fcm\u00fcnden sonra telif haklar\u0131ndan hi\u00e7 yararlanmad\u0131. Akli dengesi de yerinde de\u011fil. Bu \u00e7ocuktan vekaleti nas\u0131l ald\u0131lar, hangi noter bu haldeki birinin imzas\u0131n\u0131 kabul etti bilemiyorum. Erdo\u011fan ve Baykal&#8217;\u0131n at\u0131\u015fmalar\u0131nda Mahzuni&#8217;nin dizelerini kulland\u0131ktan sonra i\u00e7im bir kez daha ac\u0131d\u0131.&#8221;<\/p>\n<p style=\"text-align: justify;\"><span style=\"color: #888888;\">Kaynak : Deniz G\u00fcrel \/ H\u00fcrriyet Gazetesi<\/span><\/p>\n","protected":false},"excerpt":{"rendered":"<p style=\"text-align: center;\">\n<p style=\"text-align: justify;\">Erdo\u011fan ve Baykal&#8217;\u0131n, A\u015f\u0131k Mahzuni \u015eerif&#8217;in dizeleriyle meydanlarda y\u00fcr\u00fctt\u00fckleri so\u011fan polemi\u011finin alt\u0131ndan, o\u011ful Mahzuni&#8217;nin dram\u0131 \u00e7\u0131kt\u0131.<\/p>\n<p style=\"text-align: justify;\">Do\u011fu\u015ftan i\u015fitme ve konu\u015fma engelli Ferhat Mahzuni, Ankara sokaklar\u0131nda sefil bir hayat s\u00fcr\u00fcyor. Do\u011fru d\u00fcr\u00fcst kalacak yeri dahi olmayan ve birka\u00e7 g\u00fcnd\u00fcr bir mahalle sakininde yatan Ferhat&#8217;\u0131n karn\u0131n\u0131 esnaf doyuruyor.<\/p>\n<p style=\"text-align:  \n\n","protected":false},"author":1,"featured_media":0,"comment_status":"open","ping_status":"closed","sticky":false,"template":"","format":"standard","meta":{"footnotes":""},"categories":[105],"tags":[],"class_list":["post-5308","post","type-post","status-publish","format-standard","hentry","category-gundem","odd"],"_links":{"self":[{"href":"http:\/\/www.korhanyilmaz.com\/index.php?rest_route=\/wp\/v2\/posts\/5308","targetHints":{"allow":["GET"]}}],"collection":[{"href":"http:\/\/www.korhanyilmaz.com\/index.php?rest_route=\/wp\/v2\/posts"}],"about":[{"href":"http:\/\/www.korhanyilmaz.com\/index.php?rest_route=\/wp\/v2\/types\/post"}],"author":[{"embeddable":true,"href":"http:\/\/www.korhanyilmaz.com\/index.php?rest_route=\/wp\/v2\/users\/1"}],"replies":[{"embeddable":true,"href":"http:\/\/www.korhanyilmaz.com\/index.php?rest_route=%2Fwp%2Fv2%2Fcomments&post=5308"}],"version-history":[{"count":0,"href":"http:\/\/www.korhanyilmaz.com\/index.php?rest_route=\/wp\/v2\/posts\/5308\/revisions"}],"wp:attachment":[{"href":"http:\/\/www.korhanyilmaz.com\/index.php?rest_route=%2Fwp%2Fv2%2Fmedia&parent=5308"}],"wp:term":[{"taxonomy":"category","embeddable":true,"href":"http:\/\/www.korhanyilmaz.com\/index.php?rest_route=%2Fwp%2Fv2%2Fcategories&post=5308"},{"taxonomy":"post_tag","embeddable":true,"href":"http:\/\/www.korhanyilmaz.com\/index.php?rest_route=%2Fwp%2Fv2%2Ftags&post=5308"}],"curies":[{"name":"wp","href":"https:\/\/api.w.org\/{rel}","templated":true}]}}