{"id":5297,"date":"2009-03-13T09:52:06","date_gmt":"2009-03-13T07:52:06","guid":{"rendered":"http:\/\/www.korhanyilmaz.com\/?p=5297"},"modified":"2009-03-13T09:52:06","modified_gmt":"2009-03-13T07:52:06","slug":"hukumetleri-ancak-ihtilal-mahkemeleri-yargilar","status":"publish","type":"post","link":"http:\/\/www.korhanyilmaz.com\/?p=5297","title":{"rendered":"H\u00fck\u00fcmetleri ancak ihtilal mahkemeleri yarg\u0131lar&#8230;"},"content":{"rendered":"<p style=\"text-align: justify;\"><img loading=\"lazy\" decoding=\"async\" class=\"aligncenter size-full wp-image-5298\" title=\"130320092321037059000\" src=\"http:\/\/www.korhanyilmaz.com\/wp-content\/uploads\/2009\/03\/130320092321037059000.jpg\" alt=\"130320092321037059000\" width=\"193\" height=\"102\" \/><strong><\/strong><\/p>\n<p><span style=\"color: #888888;\">28 \u015eUBAT&#8217;IN CUMHURBA\u015eKANI 28 \u015eUBAT&#8217;I ANLATIYOR : <a href=\"http:\/\/www.korhanyilmaz.com\/?p=4753\" target=\"_self\">1<\/a> &#8211; <a href=\"http:\/\/www.korhanyilmaz.com\/?p=4729\" target=\"_self\">2<\/a> &#8211;<a href=\"http:\/\/www.korhanyilmaz.com\/?p=4791\"> 3<\/a> &#8211;<a href=\"http:\/\/www.korhanyilmaz.com\/?p=4946\" target=\"_self\"> 4 <\/a>&#8211; <a href=\"http:\/\/www.korhanyilmaz.com\/?p=5291\">5<\/a> &#8211; <a href=\"http:\/\/www.korhanyilmaz.com\/?p=5297\">6<\/a><\/span><\/p>\n<p style=\"text-align: justify;\">Demirel, 28 \u015eubat s\u00fcrecinin sorumlular\u0131n\u0131n yarg\u0131lanmas\u0131n\u0131 isteyenlere \u015f\u00f6yle cevap veriyor: Nesini soru\u015fturacak 28 \u015eubat&#8217;\u0131n? 28 \u015eubat&#8217;\u0131n sorumlular\u0131 h\u00fck\u00fcmetse, onu imzalamakla, h\u00fck\u00fcmet siyasi bir organd\u0131r, hesab\u0131n\u0131 halka vermi\u015ftir<\/p>\n<p style=\"text-align: justify;\"><strong>Ba\u015fbakanl\u0131k Konutu&#8217;nda tarikat \u015feyhlerine iftar yeme\u011fi g\u00f6r\u00fcnt\u00fclerini televizyonda izledikten sonra ne d\u00fc\u015f\u00fcnd\u00fcn\u00fcz?<\/strong><\/p>\n<p style=\"text-align: justify;\">Bunlar\u0131n \u00e7ok yad\u0131rganaca\u011f\u0131n\u0131 d\u00fc\u015f\u00fcnd\u00fcm. \u015eimdi ba\u015fka bir \u015fey s\u00f6yl\u00fcyorum. T\u00fcrkiye&#8217;de askerin durumunu iyi anlamak laz\u0131m. Bug\u00fcn askere kar\u015f\u0131 bir\u00e7ok sata\u015fmalar, \u015funlar bunlar yap\u0131l\u0131yor ya&#8230; Bunlar\u0131n \u00e7o\u011fu T\u00fcrkiye&#8217;de askerin kanuni, hukuki, tarihi rol\u00fcn\u00fc, yetkilerini, g\u00f6revlerini hi\u00e7 bilmiyor. Ordumuz milli ordumuzdur, e\u015fraf ordusu de\u011fildir. Halk\u0131n i\u00e7inden gelen ve halkla beraber ya\u015fayan bir ordu. Onun i\u00e7indir ki siyaseten s\u00f6yl\u00fcyorum; T\u00fcrkiye sakinse bu insanlar da sakindir. \u00dclkede s\u00fckunet yoksa, bu rahats\u0131zl\u0131klar evvela bas\u0131nda g\u00f6r\u00fcl\u00fcyor, sonra halk\u0131n i\u00e7inde g\u00f6r\u00fcl\u00fcyor. Halk ba\u015fl\u0131yor konu\u015fmaya. Bu bu rahats\u0131zl\u0131klar askere de intikal ediyor.  Bir yerden sonra &#8220;Asker ne duruyor, ni\u00e7in duruyor&#8221; diye askere tazyik oluyor. \u015euna al\u0131\u015fm\u0131\u015ft\u0131r T\u00fcrkiye; bozulursa asker gelir d\u00fczeltir. Bu y\u00fczden de T\u00fcrkiye&#8217;de halk\u0131n rejime olan sahipli\u011finde gev\u015feklik vard\u0131r: &#8220;Nas\u0131lsa bir \u015fey olmaz, isteyen istedi\u011fi kadar oras\u0131ndan buras\u0131ndan \u00e7eksin. \u0130\u015f kafi derecede bozulursa asker gelip d\u00fczeltir.&#8221; <!--more--><\/p>\n<p style=\"text-align: justify;\"><strong>&#8220;Sand\u0131kla d\u00fczeltmesem de olur&#8221; rahatl\u0131\u011f\u0131 i\u00e7inde mi halk<\/strong><\/p>\n<p style=\"text-align: justify;\">A\u015fa\u011f\u0131 yukar\u0131. Zaten i\u015fin teorisinde de rejimin sahibi yoksa, asker ortada bir sahip g\u00f6rm\u00fcyorsa, o rejimi sahipleniyor. \u00c7\u00fcnk\u00fc asker \u00f6yle yeti\u015ftiriliyor; &#8220;bu vatan bizimdir, bunun i\u00e7in \u00f6l\u00fcr\u00fcz&#8221;. Yani &#8220;bunun i\u00e7in ya\u015far\u0131z&#8221; de\u011fil &#8220;bunun i\u00e7in \u00f6l\u00fcr\u00fcz&#8221; diye yeti\u015ftiriliyor. Ve &#8220;\u00d6yleyse, ne duruyorsunuz, \u00fclke ne hale geldi, u\u00e7urumun kenar\u0131na geldi&#8221; deniyor. 27 May\u0131s&#8217;\u0131n da, 12 Mart&#8217;\u0131n da, 12 Eyl\u00fcl&#8217;\u00fcn de alt\u0131nda bu vard\u0131r. 28 \u015eubat meselesinin alt\u0131nda da bu vard\u0131r. Atat\u00fcrk&#8217;\u00fcn 1935&#8217;te s\u00f6yledi\u011fi \u015fey \u00e7ok \u00f6nemli. &#8220;Devleti kurduk, devleti kime emanet edece\u011fiz?&#8221; Halk olabilirsiniz, \u015fu kadar lisan konu\u015fan bu kadar etnik men\u015feden gelen insanlar; bu millet de\u011fildir.  Millet bir \u015feye sahipliktir. Bu sahiplik duygusu meydana gelince \u00fcmmetten millete ge\u00e7iyorsunuz. &#8220;Bunu kime emanet edece\u011fiz?&#8221; dendi\u011fi zaman orada T\u00fcrk ordusuna emanettir. Geliyor 35. madde. \u00dclke sakin de\u011filse, halk\u0131n rahats\u0131z oldu\u011fu yerde askerin rahat oldu\u011funu zannetmeyin. O da halk\u0131n i\u00e7inde ya\u015f\u0131yor. Her g\u00fcn gazeteler yaz\u0131yor, &#8220;ne duruyorsunuz&#8221; laf\u0131&#8230; Ba\u015fl\u0131yor i\u015f y\u00fcr\u00fcmeye.<\/p>\n<p style=\"text-align: justify;\"><strong>Askerin bu rol\u00fc s\u00fcrmeli mi?<\/strong><\/p>\n<p style=\"text-align: justify;\">T\u00fcrkiye&#8217;de demokratik, laik cumhuriyetin etraf\u0131nda b\u00fcy\u00fck \u00e7o\u011funluk toplanabildi\u011fi takdirde &#8220;Acaba Cumhuriyet \u00e7\u00f6ker mi, y\u0131k\u0131l\u0131r m\u0131, b\u00f6l\u00fcn\u00fcr m\u00fc?&#8221; diye kayg\u0131lar olmaz. T\u00fcrkiye&#8217;de siyaset \u00e7ok \u00e7abuk, &#8220;T\u00fcrkiye&#8217;nin b\u00f6l\u00fcnebilece\u011fi, devletin y\u0131k\u0131labilece\u011fi&#8221; \u015feyine geliyor. M\u00fcdahale kararlar\u0131nda, &#8220;u\u00e7urumun kenar\u0131na geldik, i\u00e7 kavgaya gidiyorduk, biz bunu \u00f6nledik&#8221; vard\u0131r. Askerin de rahat olmas\u0131 i\u00e7in halk olarak i\u00e7imizin rahat etmesi laz\u0131m. \u0130\u00e7imizin rahat olmas\u0131 da \u015funa ba\u011fl\u0131: Bence birtak\u0131m hayati ilkeler var ki, bunlar\u0131 Atat\u00fcrk \u00e7ok iyi koymu\u015ftur, bu ilkelerin zedelenmedi\u011fi kanatinde olmal\u0131 halk. Bunun yolu da bir taraftan &#8220;din elden gidiyor&#8221;, bir taraftan da &#8220;din elden gitmiyor, T\u00fcrkiye dinsizli\u011fe gidiyor&#8221; tart\u0131\u015fmalar\u0131n\u0131n s\u00fckunet bulmas\u0131 laz\u0131m. Bu da insanlar\u0131n birbirini anlamas\u0131na ba\u011fl\u0131. Asl\u0131nda din ve vicdan h\u00fcrriyetini inkar eden yok, T\u00fcrkiye kadar M\u00fcsl\u00fcmanl\u0131\u011f\u0131n icaplar\u0131n\u0131n bu kadar iyi yap\u0131ld\u0131\u011f\u0131 ba\u015fka bir \u00fclke yok d\u00fcnyada. Ama bir k\u0131s\u0131m insanlar var ki, bu halk de\u011fil, \u00f6nde g\u00f6r\u00fcnen veya kendisini a\u015f\u0131r\u0131 \u015fekilde dine ba\u011fl\u0131 sayan birtak\u0131m insanlar var ki bunu kafi bulmuyor. Bak\u0131n selefi ceryan\u0131nda Kuran-\u0131 Kerim&#8217;in bir virg\u00fcl\u00fcnden vazge\u00e7emezsiniz. Kuran&#8217;da 6.666 ayet var. Bu ayetlerden 230 tanesi d\u00fcnyay\u0131 tanzim eden ayetlerdir. Bu 230 ayette, miras, kad\u0131n, ceza hukuku vard\u0131r. Hepsi d\u00fcnyay\u0131 tanzim etmi\u015f. Bu 230 ayetle Osmanl\u0131 Devleti idare ediliyordu. Cumhuriyet bunun yerine pozitif hukuku alm\u0131\u015ft\u0131r. Bug\u00fcn M\u0131s\u0131r&#8217;da, Afganistan&#8217;da, Pakistan&#8217;da olan cereyanlar bu cereyanlar. Bunlar buraya da geliyor. Hizbullah cereyanlar\u0131 hep bunlar\u0131n neticesi. \u0130tiraz, T\u00fcrkiye Cumhuriyeti&#8217;nin \u015fekline, \u015feklin sek\u00fcler devlet olmas\u0131nad\u0131r. Yani dinle devletin ayr\u0131lm\u0131\u015f olmas\u0131nad\u0131r. Halbuki din ve devletin ayr\u0131labilmi\u015f olmas\u0131 bizim \u0130slam anlay\u0131\u015f\u0131m\u0131za uygundur. T\u00fcrkiye demokrasi, cumhuriyet, \u0130slam, laiklik ve modernite birbiriyle ba\u011fda\u015ft\u0131\u011f\u0131nda s\u00fckunet bulur. Bunu biz ba\u011fda\u015ft\u0131rm\u0131\u015ft\u0131k. Ama \u00e7ok oras\u0131ndan buras\u0131ndan delindi&#8230;<br \/>\n<strong><br \/>\n28 \u015eubat&#8217;la ilgili dava a\u00e7\u0131laca\u011f\u0131 s\u00f6yleniyor. Bir hesapla\u015fma m\u0131 var?<\/strong>\n<\/p>\n<p style=\"text-align: justify;\">Devirlerle hesapla\u015fmaya kalk\u0131ld\u0131\u011f\u0131 takdirde \u00e7ok dikkat etmek laz\u0131m. Siyasi ki\u015filerin g\u00f6rd\u00fckleri siyasi hizmetlerden dolay\u0131 hesap verecekleri yer evvela Meclis&#8217;tir sonra da kendilerini se\u00e7en halkt\u0131r. Siyasi hizmetlerin m\u00fceyyidesi halk\u0131n onlar\u0131 se\u00e7ip se\u00e7memesidir. Bunun d\u0131\u015f\u0131nda siyasi ki\u015filere hesap sorma olmaz. Siyasi hadise d\u0131\u015f\u0131nda ceza icabet ettiren \u015feyler varsa h\u00fck\u00fcmetin m\u00fceyyidesi de gensoru ile d\u00fc\u015f\u00fcrmektir. Bakanlar\u0131n kusurlar\u0131 varsa gidece\u011fi yer de Y\u00fcce Divan&#8217;d\u0131r. Siyasi ki\u015fileri kimse soru\u015fturmaya tabi tutamaz. Haklar\u0131 da yoktur. \u00c7\u00fcnk\u00fc sistem budur. Kimin ad\u0131na bu soru\u015fturmalar\u0131 yapacaklard\u0131r. Millet ad\u0131na. Millet zaten kendi ad\u0131na yap\u0131yor onu. Y\u00fcksek memurlara gelince, e\u011fer herhangi bir kusurlar\u0131 varsa, siyasi karakterli olmamak \u015fart\u0131yla, gayet tabii onlara her zaman sorulabilir. Siyasi karakterli \u015feyler varsa orada sorumluluk siyasi ki\u015filere aittir. D\u00fcnyada sistem budur. Devri sab\u0131k a\u00e7ma ihtilal mahkemelerinin i\u015fidir. Normal i\u015fleyen bir d\u00fczende devri sab\u0131k olmaz. Hesapla\u015fmalar se\u00e7imde, Meclis&#8217;te yap\u0131larak geliyor zaten. Bir daha niye hesaba \u00e7ekilecektir?<\/p>\n<p style=\"text-align: justify;\"><strong>&#8220;12 Eyl\u00fcl yarg\u0131lanamad\u0131 ama 28 \u015eubat&#8217;\u0131 ger\u00e7ekle\u015ftirenlerin yarg\u0131lanmas\u0131 laz\u0131m&#8221; diye man\u015fetler de at\u0131ld\u0131. <\/strong><\/p>\n<p style=\"text-align: justify;\">Man\u015fetler at\u0131l\u0131r. Burada ka\u00e7 tane mahkeme var. Su\u00e7u ve su\u00e7luyu man\u015fetler tayin ediyor de\u011fil ki.<\/p>\n<p style=\"text-align: justify;\"><strong>Ama Ergenekon kapsam\u0131nda 28 \u015eubat&#8217;\u0131n da soru\u015fturuldu\u011fu s\u00f6yleniyor&#8230;<\/strong><\/p>\n<p style=\"text-align: justify;\">Nesini soru\u015fturacak 28 \u015eubat&#8217;\u0131n? 28 \u015eubat&#8217;\u0131n sorumlular\u0131 h\u00fck\u00fcmetse, onu imzalamakla, h\u00fck\u00fcmet siyasi bir organd\u0131r, hesab\u0131n\u0131 halka vermi\u015ftir. Burada adli bir su\u00e7 yok ki, bunlar siyasi \u015feylerdir. H\u00fck\u00fcmetleri ancak ihtilal mahkemeleri yarg\u0131lar. Hangi yasaya g\u00f6re, hangi Anayasa&#8217;ya g\u00f6re siyasi ki\u015fileri veya halka kar\u015f\u0131 sorumlu olan ki\u015fileri yarg\u0131layabilecek? Bug\u00fcnk\u00fc h\u00fck\u00fcmetin icraat\u0131n\u0131 bir s\u00fcre sonra, 3-5 sene sonra, bir mahkeme kurarsan\u0131z, hadi gel bakal\u0131m seni mahkum edelim derseniz, bunlar devleti bilmemek demektir. Bunun \u00fczerinden 1999 se\u00e7imleri ge\u00e7ti. O g\u00fcnk\u00fc h\u00fck\u00fcmet, ondan sonraki h\u00fck\u00fcmet hesab\u0131n\u0131 millete ve parlamentoya verir ve vermi\u015flerdir. Herkes e\u011fri otursun do\u011fru konu\u015fsun..<\/p>\n<p style=\"text-align: justify;\"><strong>D\u00f6nemin cumhurba\u015fkan\u0131n\u0131n yarg\u0131lanmas\u0131 gerekir diyenler de var&#8230;<\/strong><\/p>\n<p style=\"text-align: justify;\">Cumhurba\u015fkan\u0131 yapt\u0131\u011f\u0131 i\u015flerden dolay\u0131 sorumlu de\u011fildir. Sadece &#8220;h\u0131yanet-i vataniyye&#8221; den sorumlu olur. Onu da Y\u00fcce Divan yarg\u0131lar.<\/p>\n<p style=\"text-align: justify;\"><strong> Komuta kademesinden de s\u00f6z ediliyor&#8230;<\/strong><\/p>\n<p style=\"text-align: justify;\">TSK&#8217;n\u0131n g\u00f6revi 215 say\u0131l\u0131 TSK \u0130\u00e7 Hizmet Kanunu 35. maddesine g\u00f6re, &#8220;T\u00fcrkiye Cumhuriyetini korumak ve kollamakt\u0131r&#8221; \u015feklinde belirlenmi\u015ftir. Bu madde 1935 tarihli eski i\u00e7 hizmet kanununda ayn\u0131 \u015fekilde ifade edilmi\u015fti. Bu g\u00f6rev TSK i\u00e7 hizmet y\u00f6netmeli\u011finini 85\/1 maddesinde de &#8220;Vazifesi T\u00fcrk yurdu ve cumhuriyetini i\u00e7 ve d\u0131\u015fa kar\u015f\u0131 korumak&#8221; \u015feklinde ifade edilmi\u015ftir. Hadi buna bir\u015fey deyin. Ortal\u0131klarda dolananlar buna bir\u015fey desin. Burada bak\u0131n asker, 60 darbesini buna g\u00f6re; 71 m\u00fcdahalesini, 80 darbesini buna g\u00f6re yapt\u0131. T\u00fcrkiye&#8217;de T\u00fcrkiye&#8217;nin g\u00fcvenli\u011finden resen T\u00fcrk Silahl\u0131 Kuvvetleri sorumludur. Atat\u00fcrk 1935&#8217;te Cumhuriyeti askere emanet etmi\u015f. Bu \u0130\u00e7 Hizmet Kanunu mevcut oldu\u011fu s\u00fcrece askere, &#8220;sen ni\u00e7in bu i\u015fe kar\u0131\u015f\u0131yorsun&#8221; demek m\u00fcmk\u00fcn de\u011fildir. Zaten kimse de onu tart\u0131\u015fm\u0131yor.<\/p>\n<p style=\"text-align: justify;\"><strong>Siz onu tart\u0131\u015fmaya a\u00e7m\u0131\u015ft\u0131n\u0131z&#8230; <\/strong><\/p>\n<p style=\"text-align: justify;\">Kimse gelmedi \u00fcst\u00fcne&#8230;<\/p>\n<p style=\"text-align: justify;\"><strong>De\u011fi\u015fmesini \u00f6nermi\u015ftiniz&#8230;<\/strong><\/p>\n<p style=\"text-align: justify;\">B\u00fcy\u00fck bir tart\u0131\u015fmad\u0131r bu, ben bu tart\u0131\u015fmay\u0131 vaktiyle yapt\u0131m ama hi\u00e7 bir tane adam bulamad\u0131m beni takip edecek. Ben size bir soru soray\u0131m: Bug\u00fcn T\u00fcrkiye Cumhuriyeti&#8217;nin g\u00fcvenli\u011finden kim sorumlu?<\/p>\n<p style=\"text-align: justify;\"><strong>T\u00fcrk Silahl\u0131 Kuvvetleri, de\u011fil mi?<\/strong><\/p>\n<p style=\"text-align: justify;\">H\u00fck\u00fcmet nerede? H\u00fck\u00fcmet g\u00f6revlendirmedi, ne olacak? Bu madde durdu\u011fu s\u00fcrece T\u00fcrk Silahl\u0131 Kuvvetleri h\u00fck\u00fcmete de parlamentoya da sormadan &#8220;laiklik elden gidiyor&#8221; diyerek resen el koyar.<\/p>\n<p style=\"text-align: justify;\"><strong>BA\u015eK\u00d6\u015eEDE 679<\/strong><\/p>\n<p style=\"text-align: justify;\">\u00dcnl\u00fc hat sanat\u00e7\u0131s\u0131 Etem \u00c7al\u0131\u015fkan&#8217;\u0131n eseri, Demirel&#8217;in evinde ba\u015f k\u00f6\u015fede duruyor. Eserde Demirel&#8217;in siyasi hayat\u0131 boyunca 6 kere gidip 7 kere geldi\u011fini ve sonra da 9. Cumhurba\u015fkan\u0131 oldu\u011funu anlatan 679 rakamlar\u0131 ile me\u015fhur f\u00f6tr \u015fapkas\u0131 bulunuyor. \u00c7al\u0131\u015fkan pek \u00e7ok kamu kurumunun duvar\u0131nda as\u0131l\u0131 olan Atat\u00fcrk portresi ve portredeki Atat\u00fcrk imzas\u0131n\u0131n da yarat\u0131c\u0131s\u0131.<\/p>\n<p style=\"text-align: justify;\">T\u00fcrkiye, askeri zaafa d\u00fc\u015f\u00fcrerek, h\u0131rpalayarak bir yere varamaz<\/p>\n<p style=\"text-align: justify;\"><strong>35. madde olmad\u0131\u011f\u0131 takdirde m\u00fcdahale olmaz m\u0131?<\/strong><\/p>\n<p style=\"text-align: justify;\">Olmad\u0131\u011f\u0131 takdirde m\u00fcdahale olur mu yine? Ne zamana kadar olur? The Man on Horseback (Ata Ters Binen Adam) diye bir kitap var, yazar\u0131 Finer (Samuel Finer) diye bir adam. Diyor ki, elinde silah olan adam\u0131n itaat etmesi de\u011fildir s\u00f6zkonusu olan, neden itaat etti\u011fidir. Lenin, &#8220;Elinde silah olan adama kar\u015f\u0131 tedbir al\u0131n&#8221; diyor. Silahl\u0131 adam ne zaman m\u00fcdahaleyi d\u00fc\u015f\u00fcnmez, gelenekleri yerle\u015ftikten sonra d\u00fc\u015f\u00fcnmez, emindir ki, terbiyesi de o istikamettedir, o \u00fclkede ne kadar s\u0131k\u0131nt\u0131 olursa olsun, bir \u00e7\u00f6k\u00fcnt\u00fc olmaz. Bir yerden gene \u00e7\u0131k\u0131l\u0131r. Fransa&#8217;da General Salan (1958&#8217;de darbe giri\u015fiminde bulunan Raoul Salan) e\u011fer para\u015f\u00fct\u00e7\u00fcleriyle Paris&#8217;e gelseydi, De Gaulle vur emri verirdi. O i\u015fte devletin m\u00fcesseselerinin i\u015flememesi hali.<\/p>\n<p style=\"text-align: justify;\"><strong>Hem T\u00fcrkiye&#8217;de askerin rol\u00fcn\u00fcn ve \u00f6neminin kavranmad\u0131\u011f\u0131n\u0131 hem de i\u00e7 hizmet kanunun o maddesinin de\u011fi\u015fmesi gerekti\u011fini s\u00f6yl\u00fcyorsunuz. Bunlar \u00e7eli\u015fki de\u011fil mi?<\/strong><\/p>\n<p style=\"text-align: justify;\">Hay\u0131r. T\u00fcrkiye&#8217;de devlete kar\u015f\u0131, devletin g\u00fcvenli\u011fine kar\u015f\u0131 bir hadise s\u00f6zkonusu olursa bunun MGK&#8217;da konu\u015fulduktan sonra al\u0131nacak tedbirler tesbit edilip, h\u00fck\u00fcmete g\u00f6t\u00fcr\u00fclmesi, h\u00fck\u00fcmetin de Meclis&#8217;e veya nerelere g\u00f6t\u00fcrmesi gerekiyorsa g\u00f6t\u00fcr\u00fcp tedbirini almas\u0131&#8230; Sistem bu olacak. &#8220;S\u0131k\u0131y\u00f6netim ilan ettim, g\u00f6rev yap&#8221; der. Kanunlar yetmediyse yeni kanun \u00e7\u0131kar\u0131r, ama g\u00f6revi yine o yapacak. Bu hadise o de\u011fil. Bunu beklemiyor, resen g\u00f6revi devral\u0131yor. \u0130\u00e7 Hizmet Kanunu&#8217;ndaki o madde duracak da, fakat bu kollama ve koruma g\u00f6revi kendisine Meclis taraf\u0131ndan verildi\u011fi zaman yapacak bu i\u015fi. Hadi \u00f6yle bir madde koyun. O konmad\u0131\u011f\u0131 takdirde &#8220;Legal olarak m\u00fcdahale hakk\u0131m var&#8221; diyor. Kimse de &#8220;yok&#8221; demiyor. Bug\u00fcn askere \u015funu yapt\u0131n bunu yapt\u0131n diyenler i\u00e7in s\u00f6yl\u00fcyorum, asker neyi yapm\u0131\u015ft\u0131r ben onu tart\u0131\u015fm\u0131yorum. Asker onlar\u0131 yapt\u0131\u011f\u0131 zaman alk\u0131\u015f ald\u0131. 71, 80 anayasalar\u0131 askerin anayasalar\u0131d\u0131r. Hem onlara bir \u015fey diyemiyor hem de askeri h\u0131rpalamaya gidiyor. Asker T\u00fcrkiye&#8217;nin omurgas\u0131d\u0131r. Askeri h\u0131rpalayarak, zaafa d\u00fc\u015f\u00fcrerek \u00fclke bir yere varamaz.<\/p>\n<p style=\"text-align: justify;\">Ben me\u015fruiyetin adam\u0131y\u0131m<\/p>\n<p style=\"text-align: justify;\"><strong>T\u00fcrkiye&#8217;de darbeler bitmedi mi?<\/strong><\/p>\n<p style=\"text-align: justify;\">Bunun cevab\u0131n\u0131 ven vermeyeyim. Hani o d\u00f6nem bas\u0131na verilen brifingin metinlerini bulun okuyun.<\/p>\n<p style=\"text-align: justify;\"><strong>O metni okumu\u015ftuk efendim&#8230; <\/strong><\/p>\n<p style=\"text-align: justify;\">Bir daha okuyun. O g\u00fcnk\u00fc havay\u0131 aksettiriyor. Bitti\u011fini \u00e7\u0131kar\u0131yorsan\u0131z bitmi\u015ftir diye yaz\u0131n onu. Bak o g\u00fcnlerde ne konu\u015fuluyordu diyeceksiniz, alt\u0131na da diyeceksiniz ki, yani halen bu caridir diyeceksiniz.<\/p>\n<p style=\"text-align: justify;\"><strong>O d\u00f6nemde dostlar\u0131n\u0131zla kendi aran\u0131zda olup  bitenleri de\u011ferlendirdi\u011finizde, siz son derece rahat m\u0131yd\u0131n\u0131z?<\/strong><\/p>\n<p style=\"text-align: justify;\">Evet, son derece rahatt\u0131m. Ben me\u015fruiyetin adam\u0131y\u0131m. Kanunlar\u0131n bana verdi\u011fi her \u015feyi yapt\u0131m ve a\u00e7\u0131k\u00e7a yapt\u0131m. Aleni yapt\u0131m. Gerekti\u011fi \u015fekilde yapt\u0131m.<\/p>\n<p style=\"text-align: justify;\">Ben yapaca\u011f\u0131m\u0131 yapt\u0131m<\/p>\n<p style=\"text-align: justify;\"><strong>\u00d6zl\u00fcyor musunuz otob\u00fcslerin \u00fczerini?<\/strong><\/p>\n<p style=\"text-align: justify;\">Valla o \u00e7ok enteresan bir hayatt\u0131r. Keyifli bir hayatt\u0131r, \u00fcz\u00fcnt\u00fcl\u00fc bir hayatt\u0131r, enteresan bir hayatt\u0131r. Ben yapaca\u011f\u0131m kadar\u0131n\u0131 yapt\u0131m. Daha fazlas\u0131n\u0131 yapmak m\u00fcmk\u00fcn de\u011fil. \u00c7ok yapt\u0131m 40 sene, 50 sene bu i\u015fleri yapmak \u00f6nemli bir hadise.<\/p>\n<p style=\"text-align: justify;\"><span style=\"color: #666699;\">&#8211; B\u0130TT\u0130 &#8211;<\/span><\/p>\n<p style=\"text-align: justify;\"><span style=\"color: #888888;\">Kaynak : Semra \u00c7etin &#8211; Bilal \u00c7etin \/ Vatan Gazetesi<\/span><\/p>\n","protected":false},"excerpt":{"rendered":"<p style=\"text-align: justify;\">\n<p>28 \u015eUBAT&#8217;IN CUMHURBA\u015eKANI 28 \u015eUBAT&#8217;I ANLATIYOR : 1 &#8211; 2 &#8211; 3 &#8211; 4 &#8211; 5 &#8211; 6<\/p>\n<p style=\"text-align: justify;\">Demirel, 28 \u015eubat s\u00fcrecinin sorumlular\u0131n\u0131n yarg\u0131lanmas\u0131n\u0131 isteyenlere \u015f\u00f6yle cevap veriyor: Nesini soru\u015fturacak 28 \u015eubat&#8217;\u0131n? 28 \u015eubat&#8217;\u0131n sorumlular\u0131 h\u00fck\u00fcmetse, onu imzalamakla, h\u00fck\u00fcmet siyasi bir organd\u0131r, hesab\u0131n\u0131 halka vermi\u015ftir<\/p>\n<p style=\"text-align: justify;\">Ba\u015fbakanl\u0131k Konutu&#8217;nda tarikat <\/p>\n","protected":false},"author":1,"featured_media":0,"comment_status":"open","ping_status":"closed","sticky":false,"template":"","format":"standard","meta":{"footnotes":""},"categories":[105],"tags":[],"class_list":["post-5297","post","type-post","status-publish","format-standard","hentry","category-gundem","odd"],"_links":{"self":[{"href":"http:\/\/www.korhanyilmaz.com\/index.php?rest_route=\/wp\/v2\/posts\/5297","targetHints":{"allow":["GET"]}}],"collection":[{"href":"http:\/\/www.korhanyilmaz.com\/index.php?rest_route=\/wp\/v2\/posts"}],"about":[{"href":"http:\/\/www.korhanyilmaz.com\/index.php?rest_route=\/wp\/v2\/types\/post"}],"author":[{"embeddable":true,"href":"http:\/\/www.korhanyilmaz.com\/index.php?rest_route=\/wp\/v2\/users\/1"}],"replies":[{"embeddable":true,"href":"http:\/\/www.korhanyilmaz.com\/index.php?rest_route=%2Fwp%2Fv2%2Fcomments&post=5297"}],"version-history":[{"count":0,"href":"http:\/\/www.korhanyilmaz.com\/index.php?rest_route=\/wp\/v2\/posts\/5297\/revisions"}],"wp:attachment":[{"href":"http:\/\/www.korhanyilmaz.com\/index.php?rest_route=%2Fwp%2Fv2%2Fmedia&parent=5297"}],"wp:term":[{"taxonomy":"category","embeddable":true,"href":"http:\/\/www.korhanyilmaz.com\/index.php?rest_route=%2Fwp%2Fv2%2Fcategories&post=5297"},{"taxonomy":"post_tag","embeddable":true,"href":"http:\/\/www.korhanyilmaz.com\/index.php?rest_route=%2Fwp%2Fv2%2Ftags&post=5297"}],"curies":[{"name":"wp","href":"https:\/\/api.w.org\/{rel}","templated":true}]}}