{"id":5291,"date":"2009-03-12T09:44:41","date_gmt":"2009-03-12T07:44:41","guid":{"rendered":"http:\/\/www.korhanyilmaz.com\/?p=5291"},"modified":"2009-03-12T09:44:41","modified_gmt":"2009-03-12T07:44:41","slug":"suleyman-demirelden-tarihi-cagri-gelin-35-maddeyi-ortadan-kaldirin","status":"publish","type":"post","link":"http:\/\/www.korhanyilmaz.com\/?p=5291","title":{"rendered":"S\u00fcleyman Demirel&#039;den tarihi \u00e7a\u011fr\u0131: Gelin 35. maddeyi ortadan kald\u0131r\u0131n"},"content":{"rendered":"<p><img loading=\"lazy\" decoding=\"async\" class=\"aligncenter size-full wp-image-5293\" title=\"S\u00fcleyman Demirel'den tarihi \u00e7a\u011fr\u0131: Gelin 35. maddeyi ortadan kald\u0131r\u0131n \" src=\"http:\/\/www.korhanyilmaz.com\/wp-content\/uploads\/2009\/03\/140320090432522799172_31.jpg\" alt=\"S\u00fcleyman Demirel'den tarihi \u00e7a\u011fr\u0131: Gelin 35. maddeyi ortadan kald\u0131r\u0131n \" width=\"305\" height=\"92\" \/><\/p>\n<p style=\"text-align: justify;\"><span style=\"color: #888888;\">28 \u015eUBAT&#8217;IN CUMHURBA\u015eKANI 28 \u015eUBAT&#8217;I ANLATIYOR : <a href=\"http:\/\/www.korhanyilmaz.com\/?p=4753\" target=\"_self\">1<\/a> &#8211; <a href=\"http:\/\/www.korhanyilmaz.com\/?p=4729\" target=\"_self\">2<\/a> &#8211;<a href=\"http:\/\/www.korhanyilmaz.com\/?p=4791\"> 3<\/a> &#8211;<a href=\"http:\/\/www.korhanyilmaz.com\/?p=4946\" target=\"_self\"> 4 <\/a>&#8211; <a href=\"http:\/\/www.korhanyilmaz.com\/?p=5291\">5<\/a> &#8211; <a href=\"http:\/\/www.korhanyilmaz.com\/?p=5297\">6<\/a><\/span><\/p>\n<p style=\"text-align: justify;\"><strong>Demirel:<\/strong> Devletinizin kurumlar\u0131 i\u015fliyorsa, halk\u0131n\u0131z da devletinize sad\u0131ksa, ordunun &#8220;ben kurtar\u0131yorum&#8221; diye gelmemesi laz\u0131m. Yaln\u0131z, 35. madde oldu\u011fu s\u00fcrece ordu resen b\u00f6yle bir \u015fey yapma hakk\u0131n\u0131 kendinde bulur. Nitekim, 60&#8217;da, 71&#8217;de, 80&#8217;de de bulmu\u015ftur, 28 \u015eubat&#8217;ta bulmam\u0131\u015ft\u0131r.<\/p>\n<p style=\"text-align: justify;\"><strong>Daha o h\u00fck\u00fcmet kuruldu\u011fu g\u00fcnden itibaren b\u00fct\u00fcn T\u00fcrkiye biliyordu, asker bu i\u015ften huzursuz. Siz de fark\u0131ndas\u0131n\u0131z. 27 A\u011fustos 1996 tarihli toplant\u0131da G\u00fcven Erkaya irtica tehdidinin Kurul g\u00fcndemine al\u0131nmas\u0131n\u0131 talep ediyor. Geciktirseniz de o toplant\u0131 27 Ocak&#8217;ta yap\u0131l\u0131yor. Neden? <\/strong><\/p>\n<p style=\"text-align: justify;\">MGK, devletin b\u00fct\u00fcnl\u00fc\u011f\u00fcne y\u00f6nelmi\u015f tehlikeler ve bu tehlikelerin tehdit haline gelmesi kar\u015f\u0131s\u0131nda tedbir \u00fcretme m\u00fcessesesidir. Anayasa&#8217;n\u0131n 138. maddesi. Sovyet sisteminin \u00e7\u00f6kmesinden sonra d\u00fcnyada ideoloji kavgas\u0131 bitti. O zaman bizim g\u00fcvenlik m\u00fcessesemiz olan askerler, yani Genelkurmay her zaman tehdit de\u011ferlendirmesi yapar. \u00dclke hangi istikamette tehdide maruz kal\u0131r? Tehdit i\u00e7 tehdittir veya d\u0131\u015f tehdittir. D\u00fcn bir numaral\u0131 tehdit kom\u00fcnizmdir, bug\u00fcn bir numaral\u0131 tehdit irticad\u0131r. \u0130rtica ister istemez kendili\u011finden \u00f6ne \u00e7\u0131kt\u0131.<!--more--><\/p>\n<p style=\"text-align: justify;\"><strong>\u0130rtica da tart\u0131\u015f\u0131lan bir kavram ama&#8230;<\/strong><\/p>\n<p style=\"text-align: justify;\">\u0130rtica dendi\u011fi zaman sanki dindar kitlede \u015f\u00fcpheye d\u00fc\u015f\u00fcl\u00fcyormu\u015f gibi bir manzara \u00e7\u0131kar. O de\u011fildir irtica. \u0130rtica asl\u0131nda geriye gitmedir. Yani kurulmu\u015f bulunan demokratik sistemi, cumhuriyeti b\u0131rak\u0131p eskiye d\u00f6nmektir.<\/p>\n<p style=\"text-align: justify;\"><strong>Endi\u015fe saltanat m\u0131, \u015feriat m\u0131?<\/strong><\/p>\n<p style=\"text-align: justify;\">Saltanat s\u00f6z konusu olmaz. Saltanat bitmi\u015f, padi\u015fahl\u0131k da bitmi\u015f. Ama dini esaslara dayal\u0131 devlet olur. D\u00fcnyada esasen 55 tane halk\u0131n\u0131n \u00e7o\u011funlu\u011fu M\u00fcsl\u00fcman olan devlet var, bunlar i\u00e7erisinde sek\u00fcler olan tek devlet T\u00fcrkiye&#8217;dir. Siz selefi d\u00fc\u015f\u00fcncesine sahipseniz, bu d\u00fc\u015f\u00fcnceye sahip \u00fclkede demokrasi olmaz.<\/p>\n<p style=\"text-align: justify;\"><strong>T\u00fcrkiye nas\u0131l sek\u00fcler olabilmi\u015f?<\/strong><\/p>\n<p style=\"text-align: justify;\">\u00c7\u00fcnk\u00fc T\u00fcrkiye&#8217;nin \u0130slam anlay\u0131\u015f\u0131 &#8216;Maturidi&#8217;dir. Yani ak\u0131l m\u0131 ve vahiy mi meselesi b\u00fct\u00fcn insanl\u0131\u011f\u0131 me\u015fgul eden bir meseledir. Din ve devleti Avrupa&#8217;da ay\u0131ran \u015fey, evet, vahiy olsun, peygamberler geliyor, Allah&#8217;\u0131n emirlerini getiriyor, tamam olsun ama akl\u0131 \u00f6nlemesin diye bir ortalama yola varm\u0131\u015flard\u0131r. Senelerce kavgalar olmu\u015ftur. Biz bu ak\u0131l m\u0131 vahiy mi meselesini bir \u015feye kavu\u015fturamad\u0131k. Ama cumhuriyet ak\u0131l \u00fczerine kuruludur. Orta Asya M\u00fcsl\u00fcmanl\u0131\u011f\u0131, genelde Anadolu M\u00fcsl\u00fcmanl\u0131\u011f\u0131 Selefi de\u011fildir, E\u015fari de. \u00d6yle olunca T\u00fcrkiye cumhuriyet devrimini yapt\u0131\u011f\u0131 zaman d\u0131\u015fardan &#8220;T\u00fcrkiye gavur oldu&#8221; denildi. Bunun ad\u0131na &#8220;Dar-ul Harp&#8221; derler. Yani M\u00fcsl\u00fcmanl\u0131ktan uzakla\u015ft\u0131. Hay\u0131r, T\u00fcrkiye M\u00fcsl\u00fcmanl\u0131ktan uzakla\u015fmad\u0131, T\u00fcrkiye Dar-ul \u0130slamd\u0131r. T\u00fcrkiye ahalisi M\u00fcsl\u00fcman olan bir \u00fclkedir. Ama devlet sek\u00fclerdir. Din ve devlet birbirinden ayr\u0131lm\u0131\u015ft\u0131r. Bug\u00fcn \u00e7ekilen s\u0131k\u0131nt\u0131lar\u0131n k\u00f6k\u00fcnde bunlar yatar. 28 \u015eubat da odur&#8230;<\/p>\n<p style=\"text-align: justify;\"><strong>MGK&#8217;n\u0131n &#8220;irtica&#8221; g\u00fcndemiyle toplanmas\u0131 normal mi? <\/strong><\/p>\n<p style=\"text-align: justify;\">MGK enterasan bir kurumdur. Bu kurulun muhte\u015fem bir g\u00f6revi vard\u0131r. T\u00fcrkiye Cumhuriyeti devletinin sek\u00fcritesi, g\u00fcvenli\u011fi. Devletin her \u015feyi d\u00fc\u015f\u00fcn\u00fcp de kendi g\u00fcvenli\u011fini d\u00fc\u015f\u00fcnmemi\u015f olmas\u0131 m\u00fcmk\u00fcn de\u011fildir. Bu g\u00fcvenlik nas\u0131l sa\u011flan\u0131r? E\u011fer devleti, milletin b\u00fct\u00fcnl\u00fc\u011f\u00fcn\u00fc, T\u00fcrk vatan\u0131n\u0131 tehdit eden birtak\u0131m unsurlar varsa, oras\u0131 tedbir \u00fcretir. Tedbirleri h\u00fck\u00fcmete veriyor, h\u00fck\u00fcmet bunlar\u0131 icra ediyor veya Meclis&#8217;e g\u00f6t\u00fcr\u00fcyor. Bunlar\u0131 icra edebilmek i\u00e7in devletin kurumlar\u0131n\u0131n i\u015flemesi laz\u0131m. Yani MGK bunlar\u0131 tesbit edip h\u00fck\u00fcmete verse, h\u00fck\u00fcmetin bunlar\u0131 icra etmesi i\u00e7in polisinin i\u015flemesi laz\u0131m, askerinin i\u015flemesi, mahkemesinin i\u015flemesi laz\u0131m. E\u011fer bunlar i\u015flemez hale geliyorsa bu devlet fel\u00e7 olur. Devletin fel\u00e7 olmas\u0131 halinde, kurumlar\u0131n i\u015flememesi halinde &#8220;ne yapal\u0131m, devleti b\u0131rakal\u0131m bats\u0131n&#8221; yerine kurtarmaya geliyor. E\u011fer devletinizin kurumlar\u0131 i\u015fliyorsa, halk\u0131n\u0131z da devletinize sad\u0131ksa, ordunun &#8220;Ben kurtar\u0131yorum&#8221; diye gelmemesi laz\u0131m. Yaln\u0131z, 35. madde (\u0130\u00e7 Hizmet Kanunu&#8217;nun maddesi) oldu\u011fu s\u00fcrece ordu resen b\u00f6yle bir \u015fey yapma hakk\u0131n\u0131 kendinde bulur. Nitekim, 60&#8217;da, 71&#8217;de, 80&#8217;de de bulmu\u015ftur. 28 \u015eubat&#8217;ta bulmam\u0131\u015ft\u0131r. 28 \u015eubat, TC Anayasas\u0131 ve kanunlar\u0131n\u0131n d\u00fczg\u00fcn bir \u015fekilde uygulanma hadisesidir.<\/p>\n<p style=\"text-align: justify;\"><strong>28 \u015eubat oldu, brifingler ba\u015flad\u0131. Sizin bilginiz var m\u0131yd\u0131 birifingler d\u00fczenlenece\u011finden?<\/strong><\/p>\n<p style=\"text-align: justify;\">Bilgimin olmas\u0131na l\u00fczum yok. Adam \u00e7a\u011fr\u0131yor, onlar da gidiyor. Gitmeselerdi. E\u011fer askerin devlete m\u00fcdahalesini benim halk\u0131m, bug\u00fcn askeri k\u00f6t\u00fcleyenler dahil, bu m\u00fcdahaleleri istemiyor idiyse \u015fu anayasaya y\u00fczde 92 oy vermeseydi. Bu hadisenin ma\u011fduru benim. Ama buna uyuyorum. Herkes uyacak. E\u011fer askerin devlete m\u00fcdahalesini istemiyorsan\u0131z, gelin devletin kanunlar\u0131n\u0131 d\u00fczeltelim.<\/p>\n<p style=\"text-align: justify;\"><strong>Hangi kanunun d\u00fczelmesi gerekiyor?<\/strong><\/p>\n<p style=\"text-align: justify;\">Gelin 35. maddeyi ortadan kald\u0131r\u0131n. Bu madde oldu\u011fu s\u00fcrece asker m\u00fcdahale hakk\u0131n\u0131 kendine legal g\u00f6r\u00fcr. Bu madde olmad\u0131\u011f\u0131 taktirde askerin yapt\u0131\u011f\u0131 hareket legal olmaz.<\/p>\n<p style=\"text-align: justify;\"><strong>35. madde ne d\u0130yor?<\/strong><\/p>\n<p style=\"text-align: justify;\">211 say\u0131l\u0131 TSK \u0130\u00e7 Hizmet Kanunu&#8217;nun &#8216;UMUM\u0130 VAZ\u0130FELER&#8217; ba\u015fl\u0131kl\u0131 b\u00f6l\u00fcm\u00fcndeki 35. maddesi, \u015f\u00f6yle: TSK&#8217;n\u0131n vazifesi; T\u00fcrk yurdunu ve Anayasa ile tayin edilmi\u015f T\u00fcrkiye Cumhuriyetini korumakt\u0131r.<\/p>\n<p style=\"text-align: justify;\"><strong>G\u00fcven Erkaya kabaday\u0131 adamd\u0131<\/strong><\/p>\n<p style=\"text-align: justify;\"><strong>G\u00fcven Erkaya&#8217;n\u0131n an\u0131lar\u0131nda var. M\u00fcnif \u0130slamo\u011flu, G\u00fcven Erkaya&#8217;ya s\u0131k s\u0131k gelip gidiyor. Onun tahmini, sizin g\u00f6nderip nab\u0131z yoklatt\u0131\u011f\u0131n\u0131z&#8230;<\/strong><\/p>\n<p style=\"text-align: justify;\">Hay\u0131r, ben hi\u00e7 nab\u0131z filan yoklamam. Ben kendileriyle teker teker konu\u015fabilirim. Rahmetli \u0130slamo\u011flu \u00e7ok de\u011ferli bir politikac\u0131yd\u0131. Yass\u0131ada&#8217;da aya\u011fa kalk\u0131p &#8220;Bizim yapt\u0131klar\u0131m\u0131z\u0131n hepsi do\u011frudur&#8221; demi\u015f ve 10 sene ceza alm\u0131\u015ft\u0131r, beraat edecekken. Yi\u011fit bir adamd\u0131r. Anadolu Kul\u00fcb\u00fc&#8217;n\u00fcn ba\u015fkan\u0131yd\u0131. Askerlere, bilhassa denizcilere \u00e7ok yak\u0131n ilgisi vard\u0131. Konu\u015furdu onlar. Ben devletin y\u00fcksek memuru durumunda olan insanlara niye adam g\u00f6ndereyim? Ben kendim \u00e7a\u011f\u0131r\u0131r, &#8220;nedir d\u00fc\u015f\u00fcnd\u00fc\u011f\u00fcn&#8221; diye sorar\u0131m. Bana d\u00fc\u015f\u00fcncelerini s\u00f6yleyecek kadar entelekt\u00fcel, ki\u015filik sahibi insanlard\u0131r. Ve G\u00fcven Erkaya \u00e7ok kabaday\u0131 bir adamd\u0131, pekala Milli G\u00fcvenlik Kurulu&#8217;nda ba\u015fbakana ve bakanlara akl\u0131na gelen her \u015feyi s\u00f6ylerdi. Ve ben de onlar\u0131 yat\u0131\u015ft\u0131rmakla u\u011fra\u015f\u0131rd\u0131m.<\/p>\n<p style=\"text-align: justify;\"><strong>Genelkurmay&#8217;da size verilen brifingin ard\u0131ndan 28 \u015eubat&#8217;tan bir ay \u00f6nceki MGK toplant\u0131s\u0131 27 Ocak&#8217;ta yap\u0131ld\u0131 ve burada irtica meselesi konu\u015fuldu. D\u00f6nemin Deniz Kuvvetleri Komutan\u0131 G\u00fcven Erkaya, Erbakan&#8217;\u0131n Pakistan&#8217;a yapt\u0131\u011f\u0131 bir seyahatte din eksenli temaslar\u0131n\u0131 ele\u015ftirmi\u015f ve &#8220;Siz Osmanl\u0131 sadrazam\u0131 de\u011filsiniz, laik cumhuriyetin ba\u015fbakan\u0131s\u0131n\u0131z&#8221; demi\u015f. Nedir o hadise?<\/strong><\/p>\n<p style=\"text-align: justify;\">MGK&#8217;da \u00f6yle bir mesele olmad\u0131. Yani sadrazam gibi. Ba\u015fka bir \u00e7e\u015fit konu\u015fma oldu.  O da a\u011f\u0131r bir konu\u015fmayd\u0131.<\/p>\n<p style=\"text-align: justify;\"><strong>Neydi?<\/strong><\/p>\n<p style=\"text-align: justify;\">Yok, onlar\u0131 s\u00f6yleyemem. A\u011f\u0131r bir konu\u015fmayd\u0131 ama kar\u015f\u0131l\u0131kl\u0131 oldu.<\/p>\n<p style=\"text-align: justify;\"><span style=\"color: #888888;\">Kaynak : Semra \u00c7etin &#8211; Bilal \u00c7etin \/ Vatan Gazetesi<\/span><\/p>\n","protected":false},"excerpt":{"rendered":"<\/p>\n<p style=\"text-align: justify;\">28 \u015eUBAT&#8217;IN CUMHURBA\u015eKANI 28 \u015eUBAT&#8217;I ANLATIYOR : 1 &#8211; 2 &#8211; 3 &#8211; 4 &#8211; 5 &#8211; 6<\/p>\n<p style=\"text-align: justify;\">Demirel: Devletinizin kurumlar\u0131 i\u015fliyorsa, halk\u0131n\u0131z da devletinize sad\u0131ksa, ordunun &#8220;ben kurtar\u0131yorum&#8221; diye gelmemesi laz\u0131m. Yaln\u0131z, 35. madde oldu\u011fu s\u00fcrece ordu resen b\u00f6yle bir \u015fey yapma hakk\u0131n\u0131 kendinde bulur. Nitekim, 60&#8217;da, 71&#8217;de, 80&#8217;de <\/p>\n","protected":false},"author":1,"featured_media":0,"comment_status":"open","ping_status":"closed","sticky":false,"template":"","format":"standard","meta":{"footnotes":""},"categories":[105],"tags":[],"class_list":["post-5291","post","type-post","status-publish","format-standard","hentry","category-gundem","odd"],"_links":{"self":[{"href":"http:\/\/www.korhanyilmaz.com\/index.php?rest_route=\/wp\/v2\/posts\/5291","targetHints":{"allow":["GET"]}}],"collection":[{"href":"http:\/\/www.korhanyilmaz.com\/index.php?rest_route=\/wp\/v2\/posts"}],"about":[{"href":"http:\/\/www.korhanyilmaz.com\/index.php?rest_route=\/wp\/v2\/types\/post"}],"author":[{"embeddable":true,"href":"http:\/\/www.korhanyilmaz.com\/index.php?rest_route=\/wp\/v2\/users\/1"}],"replies":[{"embeddable":true,"href":"http:\/\/www.korhanyilmaz.com\/index.php?rest_route=%2Fwp%2Fv2%2Fcomments&post=5291"}],"version-history":[{"count":0,"href":"http:\/\/www.korhanyilmaz.com\/index.php?rest_route=\/wp\/v2\/posts\/5291\/revisions"}],"wp:attachment":[{"href":"http:\/\/www.korhanyilmaz.com\/index.php?rest_route=%2Fwp%2Fv2%2Fmedia&parent=5291"}],"wp:term":[{"taxonomy":"category","embeddable":true,"href":"http:\/\/www.korhanyilmaz.com\/index.php?rest_route=%2Fwp%2Fv2%2Fcategories&post=5291"},{"taxonomy":"post_tag","embeddable":true,"href":"http:\/\/www.korhanyilmaz.com\/index.php?rest_route=%2Fwp%2Fv2%2Ftags&post=5291"}],"curies":[{"name":"wp","href":"https:\/\/api.w.org\/{rel}","templated":true}]}}