{"id":5281,"date":"2009-03-14T08:27:22","date_gmt":"2009-03-14T06:27:22","guid":{"rendered":"http:\/\/www.korhanyilmaz.com\/?p=5281"},"modified":"2009-03-14T08:27:22","modified_gmt":"2009-03-14T06:27:22","slug":"bakan-sahinden-yine-tartisilacak-sozler","status":"publish","type":"post","link":"http:\/\/www.korhanyilmaz.com\/?p=5281","title":{"rendered":"Bakan \u015eahin&#039;den yine tart\u0131\u015f\u0131lacak s\u00f6zler"},"content":{"rendered":"<p><img loading=\"lazy\" decoding=\"async\" class=\"aligncenter size-full wp-image-5282\" title=\"Bakan \u015eahin'den yine tart\u0131\u015f\u0131lacak s\u00f6zler\" src=\"http:\/\/www.korhanyilmaz.com\/wp-content\/uploads\/2009\/03\/sahin1221.jpg\" alt=\"Bakan \u015eahin'den yine tart\u0131\u015f\u0131lacak s\u00f6zler\" width=\"440\" height=\"169\" \/><\/p>\n<p style=\"text-align: justify;\"><strong>&#8220;Merkezi h\u00fck\u00fcmetin deste\u011fi ve yard\u0131m\u0131 olmadan il\u00e7elerimize, beldelerimize yeterli hizmet g\u00f6t\u00fcr\u00fclemez&#8221;<br \/>\n<\/strong><br \/>\n&#8220;H\u00fck\u00fcmetimizle kavga eden, z\u0131tla\u015fan yerel y\u00f6netimler her projelerini Ankara&#8217;dan ge\u00e7iremiyor&#8221; s\u00f6zleri tart\u0131\u015fma konusu olunca yanl\u0131\u015f anla\u015f\u0131ld\u0131\u011f\u0131n\u0131 s\u00f6yleyen Adalet Bakan\u0131 \u015eahin, se\u00e7im b\u00f6lgesi Antalya&#8217;da merkezi h\u00fck\u00fcmetin deste\u011fi ve yard\u0131m\u0131 olmadan, sorunlar\u0131 \u00e7ok olan il\u00e7elere ve beldelere yeterince hizmet g\u00f6t\u00fcr\u00fclemeyece\u011fini s\u00f6yledi.\n<\/p>\n<p style=\"text-align: justify;\">Se\u00e7im \u00e7al\u0131\u015fmas\u0131 i\u00e7in Antalya&#8217;n\u0131n il\u00e7elerini dola\u015fan Adalet Bakan\u0131 Mehmet Ali \u015eahin, vatanda\u015flardan destek isterken yine \u00e7ok tart\u0131\u015f\u0131lacak s\u00f6zler s\u00f6yledi. Daha \u00f6nce &#8220;H\u00fck\u00fcmetimizle kavga eden, z\u0131tla\u015fan yerel y\u00f6netimler her projelerini Ankara&#8217;dan ge\u00e7iremiyor&#8221; diyen \u015eahin, bu kez de merkezi h\u00fck\u00fcmetin deste\u011fi ve yard\u0131m\u0131 olmadan, sorunlar\u0131 \u00e7ok olan il\u00e7elere ve beldelere yeterince hizmet g\u00f6t\u00fcr\u00fclemeyece\u011fini s\u00f6yledi.<!--more--><\/p>\n<p style=\"text-align: justify;\"><strong>\u0130LLER BANKASI PAYI PERSONEL\u0130N MAA\u015eINA YETMEZ<\/strong><\/p>\n<p style=\"text-align: justify;\">\nAdalet Bakan\u0131 \u015eahin, Antalya&#8217;n\u0131n G\u00fcndo\u011fmu\u015f, Akseki ve \u0130brad\u0131 il\u00e7elerini ziyaret ederek AKP&#8217;li belediye ba\u015fkan adaylar\u0131na destek istedi. K\u0131rsal kesimde ya\u015fayanlara en \u00e7ok hizmeti AKP&#8217;nin g\u00f6t\u00fcrd\u00fc\u011f\u00fcn\u00fc savunan Bakan \u015eahin, \u0130ller Bankas\u0131&#8217;ndan g\u00f6nderilen belediye pay\u0131n\u0131n belediyede \u00e7al\u0131\u015fan personelin maa\u015f\u0131n\u0131 bile \u00f6demeye yetmeyece\u011fini s\u00f6yledi. CHP&#8217;li Belediye ba\u015fkan\u0131 taraf\u0131ndan y\u00f6netilen Akseki il\u00e7esinde kahvehanede toplanan partililere seslenen \u015eahin, &#8220;Belediye ba\u015fkan aday\u0131n\u0131n 21 adet projesi varm\u0131\u015f. Bakt\u0131m hepsi de bu g\u00fcne kadar yap\u0131lmas\u0131 gereken projelerdir. Fakat ben de Antalya milletvekili ve bir bakan\u0131m, daha Akseki Belediye Ba\u015fkan\u0131n\u0131n hi\u00e7 yan\u0131ma bir i\u015f i\u00e7in geldi\u011fini g\u00f6rmedim&#8221; dedi.\n<\/p>\n<p style=\"text-align: justify;\"><strong>VAATLER BA\u015eKA \u015eEK\u0130LDE GER\u00c7EKLE\u015eMEZ<\/strong><\/p>\n<p style=\"text-align: justify;\">\nProjelerin hayata ge\u00e7irilebilmesi i\u00e7in Ankara&#8217;n\u0131n deste\u011finin \u015fart oldu\u011funu s\u00f6yleyen Bakan \u015eahin, &#8220;Bana diyorsunuz ki &#8216;Say\u0131n Bakan Aksekililer beni belediye ba\u015fkan\u0131 se\u00e7erse \u015fu hizmeti yapmak i\u00e7in sizden yard\u0131m ve destek istiyorum&#8217; Benim de cevab\u0131m\u0131 hem siz hem Aksekililer biliyor. Ben de biliyorum ki merkezi h\u00fck\u00fcmetin deste\u011fi ve yard\u0131m\u0131 olmadan sorunlar\u0131 \u00e7ok olan il\u00e7elerimize, beldelerimize tabii ki yeterli hizmet g\u00f6t\u00fcr\u00fclemez. Burada belediye ba\u015fkan\u0131 oldu\u011fumuz taktirde, icraatlar\u0131n\u0131n ger\u00e7ekle\u015fmesi i\u00e7in Antalya milletvekili olarak, Antalya&#8217;dan \u00e7\u0131km\u0131\u015f bir Bakan olarak size elimden geldi\u011fi kadar yard\u0131m edece\u011fim. \u00c7\u00fcnk\u00fc o vaatlerin ger\u00e7ekle\u015fmesi ba\u015fka \u015fekilde m\u00fcmk\u00fcn olmaz&#8221; dedi.\n<\/p>\n<p style=\"text-align: justify;\"><span style=\"color: #888888;\">Kaynak : Mevl\u00fct \u0130MAMO\u011eLU \/AKSEK\u0130 (AHT)<\/span><\/p>\n","protected":false},"excerpt":{"rendered":"<\/p>\n<p style=\"text-align: justify;\">&#8220;Merkezi h\u00fck\u00fcmetin deste\u011fi ve yard\u0131m\u0131 olmadan il\u00e7elerimize, beldelerimize yeterli hizmet g\u00f6t\u00fcr\u00fclemez&#8221; &#8220;H\u00fck\u00fcmetimizle kavga eden, z\u0131tla\u015fan yerel y\u00f6netimler her projelerini Ankara&#8217;dan ge\u00e7iremiyor&#8221; s\u00f6zleri tart\u0131\u015fma konusu olunca yanl\u0131\u015f anla\u015f\u0131ld\u0131\u011f\u0131n\u0131 s\u00f6yleyen Adalet Bakan\u0131 \u015eahin, se\u00e7im b\u00f6lgesi Antalya&#8217;da merkezi h\u00fck\u00fcmetin deste\u011fi ve yard\u0131m\u0131 olmadan, sorunlar\u0131 \u00e7ok olan il\u00e7elere ve beldelere yeterince hizmet g\u00f6t\u00fcr\u00fclemeyece\u011fini s\u00f6yledi. <\/p>\n<p  \n\n","protected":false},"author":1,"featured_media":0,"comment_status":"open","ping_status":"closed","sticky":false,"template":"","format":"standard","meta":{"footnotes":""},"categories":[105],"tags":[],"class_list":["post-5281","post","type-post","status-publish","format-standard","hentry","category-gundem","odd"],"_links":{"self":[{"href":"http:\/\/www.korhanyilmaz.com\/index.php?rest_route=\/wp\/v2\/posts\/5281","targetHints":{"allow":["GET"]}}],"collection":[{"href":"http:\/\/www.korhanyilmaz.com\/index.php?rest_route=\/wp\/v2\/posts"}],"about":[{"href":"http:\/\/www.korhanyilmaz.com\/index.php?rest_route=\/wp\/v2\/types\/post"}],"author":[{"embeddable":true,"href":"http:\/\/www.korhanyilmaz.com\/index.php?rest_route=\/wp\/v2\/users\/1"}],"replies":[{"embeddable":true,"href":"http:\/\/www.korhanyilmaz.com\/index.php?rest_route=%2Fwp%2Fv2%2Fcomments&post=5281"}],"version-history":[{"count":0,"href":"http:\/\/www.korhanyilmaz.com\/index.php?rest_route=\/wp\/v2\/posts\/5281\/revisions"}],"wp:attachment":[{"href":"http:\/\/www.korhanyilmaz.com\/index.php?rest_route=%2Fwp%2Fv2%2Fmedia&parent=5281"}],"wp:term":[{"taxonomy":"category","embeddable":true,"href":"http:\/\/www.korhanyilmaz.com\/index.php?rest_route=%2Fwp%2Fv2%2Fcategories&post=5281"},{"taxonomy":"post_tag","embeddable":true,"href":"http:\/\/www.korhanyilmaz.com\/index.php?rest_route=%2Fwp%2Fv2%2Ftags&post=5281"}],"curies":[{"name":"wp","href":"https:\/\/api.w.org\/{rel}","templated":true}]}}