{"id":52750,"date":"2012-06-30T08:02:24","date_gmt":"2012-06-30T05:02:24","guid":{"rendered":"http:\/\/www.korhanyilmaz.com\/?p=52750"},"modified":"2012-06-30T12:06:54","modified_gmt":"2012-06-30T09:06:54","slug":"90-yilin-intikami-aliniyor","status":"publish","type":"post","link":"http:\/\/www.korhanyilmaz.com\/?p=52750","title":{"rendered":"90 y\u0131l\u0131n intikam\u0131 al\u0131n\u0131yor"},"content":{"rendered":"<p style=\"text-align: center;\"><a href=\"http:\/\/www.korhanyilmaz.com\/wp-content\/uploads\/2012\/06\/G019.jpg\"  class=\"lightview\"><img loading=\"lazy\" decoding=\"async\" class=\"aligncenter  wp-image-52751\" src=\"http:\/\/www.korhanyilmaz.com\/wp-content\/uploads\/2012\/06\/G019.jpg\" alt=\"\" width=\"379\" height=\"168\" \/><\/a><\/p>\n<div id=\"attachment_45751\" style=\"width: 98px\" class=\"wp-caption alignright\"><img loading=\"lazy\" decoding=\"async\" aria-describedby=\"caption-attachment-45751\" class=\" wp-image-45751 \" title=\"Can Atakl\u0131 - Vatan Gazetesi\" src=\"http:\/\/www.korhanyilmaz.com\/wp-content\/uploads\/2012\/01\/8939.jpg\" alt=\"\" width=\"88\" height=\"88\" \/><p id=\"caption-attachment-45751\" class=\"wp-caption-text\">Can Atakl\u0131<\/p><\/div>\n<p style=\"text-align: justify;\">T\u00fcm T\u00fcrkiye PKK sald\u0131r\u0131lar\u0131, Suriye\u2019nin u\u00e7a\u011f\u0131m\u0131z\u0131 d\u00fc\u015f\u00fcrmesi gibi olaylarla ilgilenirken h\u00fck\u00fcmet sessiz sedas\u0131z 1000 \u2018mele\u2019nin atamas\u0131n\u0131 yap\u0131verdi.<\/p>\n<p style=\"text-align: justify;\">On binlerce \u00f6\u011fretmen atanmak i\u00e7in beklerken Diyanet \u00fczerinden yap\u0131lan atamalarla bu y\u0131l\u0131n mele a\u00e7\u0131\u011f\u0131n\u0131n bir b\u00f6l\u00fcm\u00fc kar\u015f\u0131lanm\u0131\u015f oldu.<\/p>\n<p style=\"text-align: justify;\">Meleler, di\u011fer ad\u0131yla \u2018molla\u2019lar halka daha iyi bir din e\u011fitimi vermek \u00fczere g\u00f6rev yapacak.<\/p>\n<p style=\"text-align: justify;\">Elbette halk\u0131n din e\u011fitimi ihtiyac\u0131 varsa, baz\u0131 y\u00f6ntemler kullan\u0131lacakt\u0131r. Ancak 5 bin 800 aday\u0131n kat\u0131ld\u0131\u011f\u0131 s\u0131navlardan sonraki a\u00e7\u0131klamalar \u201cmele a\u00e7\u0131l\u0131m\u0131n\u0131n\u201d asl\u0131nda neyi ama\u00e7lad\u0131\u011f\u0131n\u0131 da g\u00f6zler \u00f6n\u00fcne seriyor.\u00a0<!--more--><\/p>\n<p style=\"text-align: justify;\">Me\u011fer meleler tam 90 y\u0131ld\u0131r bunu bekliyormu\u015f. 90 y\u0131l dedi\u011finiz, bir eksi\u011fi ile Cumhuriyet\u2019in ilan\u0131. Ba\u015fka bir deyi\u015fle \u201c\u00e7a\u011fda\u015f T\u00fcrkiye\u2019nin temellerinin at\u0131ld\u0131\u011f\u0131\u201d g\u00fcn. Meleler h\u00fck\u00fcmetin \u201cmele a\u00e7\u0131l\u0131m\u0131n\u0131\u201d iade-i itibar olarak g\u00f6rd\u00fcklerini belirtmi\u015fler.<\/p>\n<p style=\"text-align: justify;\">Atamas\u0131 yap\u0131lan mele \u0130smail Akg\u00fc\u00e7 \u201cG\u00fcne\u015f g\u00f6r\u00fcnd\u00fc in\u015fallah. Devlet medreseleri de kanuni zemine oturtup, gerekirse \u00f6\u011frencilerine burs da vermelidir\u201d diyor. Yani bundan sonraki a\u015fama medreselerin a\u00e7\u0131lmas\u0131 olacak.<\/p>\n<p style=\"text-align: justify;\">Bir ba\u015fka mele, Mehmet Fatih Akg\u00fcl ise \u201cGe\u00e7 bile kal\u0131nd\u0131\u011f\u0131n\u0131\u201d belirtiyor. Muharrem \u015eerif Uluta\u015f adl\u0131 mele de \u201cRabbim bu h\u00fck\u00fcmeti ba\u015f\u0131m\u0131zdan eksik etmesin\u201d diyerek sevincini g\u00f6steriyor.<\/p>\n<p style=\"text-align: justify;\">B\u00fct\u00fcn bunlar \u201cmilli e\u011fitimin\u201d etkisini azaltmay\u0131 ve dine dayal\u0131 e\u011fitimin \u00f6n plana \u00e7\u0131kmas\u0131n\u0131 ama\u00e7l\u0131yor.<\/p>\n<p style=\"text-align: justify;\">Medreseler Cumhuriyet ilkeleri do\u011frultusunda kald\u0131r\u0131lm\u0131\u015f ve t\u00fcm \u00fclkede \u201ctevhid-i tedrisat\u201d yani e\u011fitimde birlik ba\u015flam\u0131\u015ft\u0131. Cumhuriyetle birlikte e\u011fitim pozitif bilimler \u0131\u015f\u0131\u011f\u0131nda yap\u0131larak t\u00fcm halk\u0131n bilimsel de\u011ferler \u00fczerinden e\u011fitim almas\u0131 sa\u011flanm\u0131\u015ft\u0131.<\/p>\n<p style=\"text-align: justify;\">Medreseler ise tamamen din e\u011fitimi veren, \u00f6\u011frencilerini pozitif bilimlerden uzak tutan ve bu bilimleri reddeden bir anlay\u0131\u015fa sahiptir.<\/p>\n<p style=\"text-align: justify;\">Kimileri medreselerde fizik, matematik, kimya gibi derslerin de verildi\u011fini savunabilir. Osmanl\u0131 d\u00f6neminde bu medreselerden yeti\u015fen daha sonra pozitif bilimlerde ba\u015far\u0131ya ula\u015fm\u0131\u015f isimler de say\u0131labilir.<\/p>\n<p style=\"text-align: justify;\">Ancak fark \u015fudur: Medreselerde verilen fen dersleri, bilimsel temele g\u00f6re de\u011fil \u201cKuran\u2019da bu konu nerede yer al\u0131yor?\u201d sorusuna cevap aramay\u0131 esas al\u0131r.<\/p>\n<p style=\"text-align: justify;\">Medreselerde fen konusunda saptanm\u0131\u015f bir bilimsel verinin Kuran\u2019da olup olmad\u0131\u011f\u0131 aran\u0131r, kimilerine kan\u0131t bulunur, ancak bilimsel \u00e7al\u0131\u015fmalar\u0131n kayna\u011f\u0131n\u0131 olu\u015fturan \u201csorgulama\u201d yap\u0131lmaz. B\u00f6yle olunca da bilim, bilim olarak de\u011fil, dinde yer ald\u0131\u011f\u0131 bi\u00e7imde \u00f6\u011fretilir. Bunun sonucunda bilim ve teknikte ilerleme sa\u011flayacak ara\u015ft\u0131rmalara, deneylere ve incelemelere izin verilmez.<\/p>\n<p style=\"text-align: justify;\">Bir bilimsel kan\u0131t Kuran\u2019da bulunamazsa reddedilir.<\/p>\n<p style=\"text-align: justify;\">Oysa Atat\u00fcrk\u2019\u00fcn kurdu\u011fu Cumhuriyet\u2019in temel ilkesi e\u011fitimde ara\u015ft\u0131rmaya, sormaya ve sorgulamaya y\u00f6nelik bilimsel e\u011fitim esas al\u0131nm\u0131\u015ft\u0131. Din e\u011fitimi veren ve kurduklar\u0131 d\u00fczenle ayn\u0131 zamanda \u00fclke y\u00f6netiminde de s\u00f6z sahibi olan medreseler bu devrimlere hep kar\u015f\u0131 \u00e7\u0131kt\u0131lar ve y\u0131kmak i\u00e7in ellerinden geleni yapt\u0131lar.<\/p>\n<p style=\"text-align: justify;\">G\u00f6r\u00fcnen o ki Cumhuriyet\u2019in kurulu\u015fundan 89 y\u0131l sonra bu ama\u00e7lar\u0131na ula\u015fmakta \u00e7ok \u00f6nemli bir engeli daha ge\u00e7tiler. Ki zaten saklam\u0131yorlar ve a\u00e7\u0131k\u00e7a \u201c90 y\u0131ld\u0131r bunu bekliyorduk\u201d diyebiliyorlar.<\/p>\n<p style=\"text-align: justify;\">*****<\/p>\n<p style=\"text-align: justify;\"><span style=\"color: #993300;\"><strong>Rekabet Kurumu \u0130DO konusunu incelemek zorunda\u00a0<\/strong><\/span><\/p>\n<p style=\"text-align: justify;\">\u0130stanbul Deniz Otob\u00fcsleri hakk\u0131nda \u201cg\u00fcya \u00f6zelle\u015ftirilmesinden\u201d sonra artan \u015fik\u00e2yetleri dile getirmeye ba\u015flad\u0131\u011f\u0131m\u0131zdan beri \u015firket m\u00fcthi\u015f bir \u201chalkla ili\u015fkiler ata\u011f\u0131na\u201d ge\u00e7ti. \u0130DO y\u00f6neticileri hemen her g\u00fcn bir gazetede \u015fik\u00e2yetleri \u201cciddiye\u201d ald\u0131klar\u0131n\u0131, \u201cgerekenin\u201d yap\u0131laca\u011f\u0131n\u0131 s\u00f6yl\u00fcyor. Olumlu bir ad\u0131m ama madem baz\u0131 iyile\u015ftirmeler yap\u0131labiliyormu\u015f, bizler \u00fczerine gidene kadar neden hi\u00e7 k\u0131llar\u0131n\u0131 bile k\u0131p\u0131rdatmad\u0131lar?<\/p>\n<p style=\"text-align: justify;\">Ancak \u00f6zelle\u015ftirme ad\u0131 alt\u0131nda tekelle\u015fme oldu\u011funu g\u00f6rmek durumunday\u0131z. Rekabet Kurumu\u2019nun mutlaka harekete ge\u00e7mesi ve \u0130DO \u00f6zelle\u015ftirmesini yeniden mercek alt\u0131na almas\u0131 kamu \u00e7\u0131kar\u0131 i\u00e7in gereklidir. \u0130hale ko\u015fullar\u0131 mutlaka incelenmeli, \u201c\u00f6zelle\u015ftirmenin iskeleleri de kapsamas\u0131\u201d yeniden d\u00fc\u015f\u00fcn\u00fclmelidir. \u00c7\u00fcnk\u00fc bir \u015firkete ba\u015fkas\u0131n\u0131n asla yapamayaca\u011f\u0131 \u201ciskelelere sahip olma\u201d hakk\u0131 verdi\u011finiz an, rekabeti ortadan kald\u0131rm\u0131\u015fs\u0131n\u0131z demektir.<\/p>\n<p style=\"text-align: justify;\">Kamu \u00e7\u0131kar\u0131 i\u00e7in sormak istedi\u011fim birka\u00e7 \u015fey daha var:<\/p>\n<p style=\"text-align: justify;\">&#8211; 2003 y\u0131l\u0131nda, \u0130DO hen\u00fcz belediyeye aitken, ta\u015f\u0131ma fiyatlar\u0131n\u0131n ucuz olmas\u0131n\u0131 sa\u011flamak i\u00e7in bu gemilerde kullan\u0131lan mazottaki \u00d6TV s\u0131f\u0131rlanm\u0131\u015ft\u0131. \u00d6zelle\u015fen \u0130DO bu haktan h\u00e2l\u00e2 yararlan\u0131yor mu? E\u011fer yararlan\u0131yorsa, nas\u0131l istedi\u011fi gibi fiyat ayarlamas\u0131 yapabiliyor?<\/p>\n<p style=\"text-align: justify;\">&#8211; Tarifelerde \u00f6rne\u011fin Yenikap\u0131- Band\u0131rma seferinin s\u00fcresi 1 saat 45 dakika. Oysa seferler mutlaka 2 saati a\u015f\u0131yor, 2.5 saati bile buluyor. \u015eirket yak\u0131t tasarrufu i\u00e7in gemilerin tam yol gitmesine izin vermiyor. Oysa reklamlar\u0131nda \u201cbir saat 45 dakikada Band\u0131rma\u2019das\u0131n\u0131z\u201d slogan\u0131 kullan\u0131l\u0131yor. Bu, halk\u0131 kand\u0131rmakt\u0131r.<\/p>\n<p style=\"text-align: justify;\">*****<\/p>\n<p style=\"text-align: justify;\">Can Bey,<\/p>\n<p style=\"text-align: justify;\">Fi\u015fleme tam gaz devam ediyor. \u00dc\u00e7 g\u00fcn evvel bir arkada\u015f\u0131m\u0131z\u0131 aile hekimi ar\u0131yor, \u201chamileymi\u015fsiniz bize gelin\u201d diyor. Arkada\u015f\u0131m\u0131z \u201chay\u0131r, benim \u00f6zel doktorum var\u201d cevab\u0131n\u0131 veriyor. Aile hekimi inat ediyor, \u201cgelmek zorundas\u0131n\u0131z\u201d diyor. Arkada\u015f\u0131m gelmeyece\u011fini s\u00f6yleyip telefonu kapat\u0131nca arkada\u015f\u0131m\u0131n babas\u0131n\u0131 ar\u0131yor, \u201ck\u0131z\u0131n\u0131z hamile ama gelmiyor, kendisiyle konu\u015fun\u201d diyor. Rezalete bakar m\u0131s\u0131n\u0131z? Arkada\u015f\u0131m\u0131z 40 ya\u015f\u0131nda ve evli. Sonumuz hayrolsun. (A. B.)<\/p>\n<p style=\"text-align: justify;\">*****<\/p>\n<p style=\"text-align: justify;\"><strong><span style=\"color: #993300;\">Bir pilotun sorular\u0131\u00a0<\/span><\/strong><\/p>\n<p style=\"text-align: justify;\">Suriye\u2019nin u\u00e7a\u011f\u0131m\u0131z\u0131 d\u00fc\u015f\u00fcrmesiyle ilgili \u201cayr\u0131nt\u0131l\u0131\u201d ve \u201cger\u00e7ek\u201d bilgilere hen\u00fcz ula\u015famad\u0131k. Ne u\u00e7a\u011f\u0131n enkaz\u0131 bulunabildi ne de pilotlar\u0131m\u0131z\u0131n ak\u0131beti hakk\u0131nda bir bilgi var. Umudum ve hissiyat\u0131m pilotlar\u0131m\u0131z\u0131n u\u00e7aktan atlad\u0131\u011f\u0131 yolunda. Kimin elinde ya da nerede olabileceklerini ise kestirmek zor. Ancak Suriye pazarl\u0131k i\u00e7in elinde tutuyor olabilir.<\/p>\n<p style=\"text-align: justify;\">\u00d6nceki g\u00fcn, Hava Kuvvetleri\u2019ndeki 26 y\u0131ll\u0131k hizmetinden sonra sivil havac\u0131l\u0131kta yine pilot olarak \u00e7al\u0131\u015fan bir okurumdan mesaj ald\u0131m. Ad\u0131 bende sakl\u0131 olan bu eski u\u00e7u\u015f subay\u0131 zihninde ku\u015fku yaratan sorular\u0131 s\u0131ralam\u0131\u015f. Sizlerle de payla\u015fmak istiyorum:<\/p>\n<p style=\"text-align: justify;\"><strong>1<\/strong>&#8211; Bu u\u00e7a\u011f\u0131n test u\u00e7u\u015fu yapt\u0131\u011f\u0131n\u0131 Davuto\u011flu beyan etti. Hava radar testleri ve kalibreleri Hava Kuvvetleri\u2019ndeki Av u\u00e7aklar\u0131, Av Bombard\u0131man U\u00e7aklar\u0131 veya Kalibre u\u00e7aklar\u0131 taraf\u0131ndan yap\u0131l\u0131r. Ke\u015fif u\u00e7a\u011f\u0131n\u0131n test yapt\u0131\u011f\u0131n\u0131 ne g\u00f6rd\u00fcm ne de i\u015fittim.<\/p>\n<p style=\"text-align: justify;\"><strong>2<\/strong>&#8211; Bu u\u00e7a\u011f\u0131n s\u00fcrati 360-420 Knot aras\u0131nda olmas\u0131 gerekir 13 Nm\u2018de vurulduysa 8 Nm. kadar u\u00e7mu\u015f olmas\u0131 gerekir bu da 45 ila 60 saniye demektir. Bu s\u00fcre i\u00e7inde pilotlar\u0131n para\u015f\u00fctle atlamalar\u0131 gerekmektedir.<\/p>\n<p style=\"text-align: justify;\"><strong>3<\/strong>&#8211; 13 Nm\u2019de vurulan bir pilot ka\u00e7aca\u011f\u0131 yerde neden Suriye\u2019ye do\u011fru u\u00e7mu\u015ftur.<\/p>\n<p style=\"text-align: justify;\"><strong>4<\/strong>&#8211; Ben ordudayken 13 Nm. menzili olan bir u\u00e7aksavar yoktu, bu b\u00f6yle olunca bu u\u00e7a\u011f\u0131n f\u00fcze ile d\u00fc\u015f\u00fcr\u00fcld\u00fc\u011f\u00fc d\u00fc\u015f\u00fcn\u00fclmelidir.<\/p>\n<p style=\"text-align: justify;\"><strong>5<\/strong>&#8211; Hava Kuvvetleri\u2019nde her u\u00e7ak g\u00f6reve bir yaz\u0131l\u0131 programla g\u00f6nderilir. Bu program nerededir?<\/p>\n<p style=\"text-align: justify;\"><strong>6<\/strong>&#8211; Suriye ortak bir kaza inceleme kurulu kural\u0131m diyor, neden kabul edilmiyor?<\/p>\n<p style=\"text-align: justify;\"><a href=\"http:\/\/haber.gazetevatan.com\/Haber\/461408\/1\/Gundem\" target=\"_blank\">Kaynak : VATAN Gazetesi<\/a><\/p>\n","protected":false},"excerpt":{"rendered":"<p style=\"text-align: center;\">\n<p id=\"caption-attachment-45751\" class=\"wp-caption-text\">Can Atakl\u0131<\/p>\n<p style=\"text-align: justify;\">T\u00fcm T\u00fcrkiye PKK sald\u0131r\u0131lar\u0131, Suriye\u2019nin u\u00e7a\u011f\u0131m\u0131z\u0131 d\u00fc\u015f\u00fcrmesi gibi olaylarla ilgilenirken h\u00fck\u00fcmet sessiz sedas\u0131z 1000 \u2018mele\u2019nin atamas\u0131n\u0131 yap\u0131verdi.<\/p>\n<p style=\"text-align: justify;\">On binlerce \u00f6\u011fretmen atanmak i\u00e7in beklerken Diyanet \u00fczerinden yap\u0131lan atamalarla bu y\u0131l\u0131n mele a\u00e7\u0131\u011f\u0131n\u0131n bir b\u00f6l\u00fcm\u00fc kar\u015f\u0131lanm\u0131\u015f oldu.<\/p>\n<p style=\"text-align: justify;\">Meleler, di\u011fer ad\u0131yla \u2018molla\u2019lar halka daha iyi <\/p>\n","protected":false},"author":1,"featured_media":0,"comment_status":"open","ping_status":"open","sticky":false,"template":"","format":"standard","meta":{"footnotes":""},"categories":[16],"tags":[632],"class_list":["post-52750","post","type-post","status-publish","format-standard","hentry","category-kose-yazilari","tag-can-atakli","odd"],"_links":{"self":[{"href":"http:\/\/www.korhanyilmaz.com\/index.php?rest_route=\/wp\/v2\/posts\/52750","targetHints":{"allow":["GET"]}}],"collection":[{"href":"http:\/\/www.korhanyilmaz.com\/index.php?rest_route=\/wp\/v2\/posts"}],"about":[{"href":"http:\/\/www.korhanyilmaz.com\/index.php?rest_route=\/wp\/v2\/types\/post"}],"author":[{"embeddable":true,"href":"http:\/\/www.korhanyilmaz.com\/index.php?rest_route=\/wp\/v2\/users\/1"}],"replies":[{"embeddable":true,"href":"http:\/\/www.korhanyilmaz.com\/index.php?rest_route=%2Fwp%2Fv2%2Fcomments&post=52750"}],"version-history":[{"count":0,"href":"http:\/\/www.korhanyilmaz.com\/index.php?rest_route=\/wp\/v2\/posts\/52750\/revisions"}],"wp:attachment":[{"href":"http:\/\/www.korhanyilmaz.com\/index.php?rest_route=%2Fwp%2Fv2%2Fmedia&parent=52750"}],"wp:term":[{"taxonomy":"category","embeddable":true,"href":"http:\/\/www.korhanyilmaz.com\/index.php?rest_route=%2Fwp%2Fv2%2Fcategories&post=52750"},{"taxonomy":"post_tag","embeddable":true,"href":"http:\/\/www.korhanyilmaz.com\/index.php?rest_route=%2Fwp%2Fv2%2Ftags&post=52750"}],"curies":[{"name":"wp","href":"https:\/\/api.w.org\/{rel}","templated":true}]}}