{"id":5275,"date":"2009-03-14T08:18:55","date_gmt":"2009-03-14T06:18:55","guid":{"rendered":"http:\/\/www.korhanyilmaz.com\/?p=5275"},"modified":"2009-03-14T08:18:55","modified_gmt":"2009-03-14T06:18:55","slug":"chpli-kart-basbakan-herif-gibi-degil-korkak","status":"publish","type":"post","link":"http:\/\/www.korhanyilmaz.com\/?p=5275","title":{"rendered":"CHP&#039;li Kart: Ba\u015fbakan herif gibi de\u011fil, korkak"},"content":{"rendered":"<p style=\"text-align: center;\"><img loading=\"lazy\" decoding=\"async\" class=\"aligncenter size-full wp-image-5276\" title=\"CHP Konya Milletvekili Atilla Kart\" src=\"http:\/\/www.korhanyilmaz.com\/wp-content\/uploads\/2009\/03\/fft28_mf136625.jpeg\" alt=\"fft28_mf136625\" width=\"306\" height=\"204\" \/><\/p>\n<p style=\"text-align: center;\">\n<p style=\"text-align: justify;\"><strong>CHP Konya Milletvekili Atilla Kart&#8217;tan Ba\u015fbakan Erdo\u011fan&#8217;a \u00e7ok a\u011f\u0131r sata\u015fma: &#8220;Bu Ba\u015fbakan herif gibi bir Ba\u015fbakan de\u011fil. Bu Ba\u015fbakan korkak bir Ba\u015fbakan&#8221;<\/strong><\/p>\n<p style=\"text-align: justify;\"><strong><\/strong><br \/>\nCHP Konya Milletvekili Atilla Kart, se\u00e7im b\u00f6lgesi Cihanbeyli \u0130l\u00e7esi&#8217;nde partisinin se\u00e7im b\u00fcrosunun a\u00e7\u0131l\u0131\u015f\u0131na kat\u0131ld\u0131. Davul ve zurna e\u015fli\u011finde yap\u0131lan a\u00e7\u0131l\u0131\u015ftan \u00f6nce konu\u015fma yapan Atilla Kart, Ba\u015fbakan Recep Tayyip Erdo\u011fan&#8217;\u0131 ele\u015ftirdi. Kart, &#8220;T\u00fcrkiye&#8217;yi y\u00f6netemeyen kifayetsiz, meydanlara \u00e7\u0131k\u0131p jandarma ve polisin e\u015fli\u011finde muhalefete hakaret eden, vatanda\u015f\u0131 azarlayan, ger\u00e7ekleri yazan medyaya y\u00f6nelik tehdit ve \u015fantaj yapan bir Ba\u015fbakan&#8217;dan bahsediyorum. \u00c7ift\u00e7iye &#8216;Anan\u0131 da al git&#8217; diyen bir Ba\u015fbakan&#8217;dan bahsediyorum. Mersin&#8217;e giderken o vatanda\u015f\u0131 g\u00f6zalt\u0131na ald\u0131ran, Ayd\u0131n&#8217;da \u00e7ocu\u011fun \u00fcm\u00fc\u011f\u00fcn\u00fc s\u0131kan bir Ba\u015fbakan&#8217;dan bahsediyorum&#8221; diye konu\u015ftu. <!--more--><\/p>\n<p><strong>&#8216;RANT\u0130YEC\u0130LER\u0130N KUCA\u011eINDA&#8217; <\/strong>\n<\/p>\n<p style=\"text-align: justify;\">Milletvekili Atilla Kart, rantiyecilerle m\u00fccadele etti\u011fini s\u00f6yleyen h\u00fck\u00fcmetin rantiyecilerin kuca\u011f\u0131nda oldu\u011funu \u00f6ne s\u00fcrerek \u015f\u00f6yle devam etti:<br \/>\n&#8220;T\u00fcrkiye&#8217;de 18 milyon insan bekar. 13 milyon insan\u0131m\u0131z i\u015fsiz. 20 milyon insan\u0131m\u0131z yoksulluk s\u0131n\u0131r\u0131nda ya\u015f\u0131yor. 5 milyon a\u00e7l\u0131k s\u0131n\u0131r\u0131nda. B\u00f6ylesi bir ekonomi sa\u011fl\u0131kl\u0131 bir ekonomi olabilir mi? Hepimiz, ben de dahil 3- 5 y\u0131l bor\u00e7lanarak ayakta duruyoruz. Devlet olarak 10- 15 y\u0131l bor\u00e7lanarak \u00e7ark\u0131 d\u00f6nd\u00fcr\u00fcyoruz. Yunanistan d\u0131\u015far\u0131ya y\u00fczde 4, M\u0131s\u0131r y\u00fczde 7, Pakistan y\u00fczde 9, ama T\u00fcrkiye y\u00fczde 17 ile bor\u00e7lan\u0131yor. B\u00f6yle bir ekonomi de bu \u00e7ocuklarm\u0131z\u0131n gelece\u011fini sa\u011flayabilir miyiz? Bu i\u015fsizlik ve yoksullu\u011fu sona erdirebilir miyiz.&#8221;\n<\/p>\n<p style=\"text-align: justify;\"><span style=\"color: #888888;\">Kaynak : Radikal Gazetesi<\/span><\/p>\n<p style=\"text-align: justify;\">\n","protected":false},"excerpt":{"rendered":"<p style=\"text-align: center;\">\n<p style=\"text-align: center;\">\n<p style=\"text-align: justify;\">CHP Konya Milletvekili Atilla Kart&#8217;tan Ba\u015fbakan Erdo\u011fan&#8217;a \u00e7ok a\u011f\u0131r sata\u015fma: &#8220;Bu Ba\u015fbakan herif gibi bir Ba\u015fbakan de\u011fil. Bu Ba\u015fbakan korkak bir Ba\u015fbakan&#8221;<\/p>\n<p style=\"text-align: justify;\"> CHP Konya Milletvekili Atilla Kart, se\u00e7im b\u00f6lgesi Cihanbeyli \u0130l\u00e7esi&#8217;nde partisinin se\u00e7im b\u00fcrosunun a\u00e7\u0131l\u0131\u015f\u0131na kat\u0131ld\u0131. Davul ve zurna e\u015fli\u011finde yap\u0131lan a\u00e7\u0131l\u0131\u015ftan \u00f6nce konu\u015fma <\/p>\n","protected":false},"author":1,"featured_media":0,"comment_status":"open","ping_status":"closed","sticky":false,"template":"","format":"standard","meta":{"footnotes":""},"categories":[105],"tags":[],"class_list":["post-5275","post","type-post","status-publish","format-standard","hentry","category-gundem","odd"],"_links":{"self":[{"href":"http:\/\/www.korhanyilmaz.com\/index.php?rest_route=\/wp\/v2\/posts\/5275","targetHints":{"allow":["GET"]}}],"collection":[{"href":"http:\/\/www.korhanyilmaz.com\/index.php?rest_route=\/wp\/v2\/posts"}],"about":[{"href":"http:\/\/www.korhanyilmaz.com\/index.php?rest_route=\/wp\/v2\/types\/post"}],"author":[{"embeddable":true,"href":"http:\/\/www.korhanyilmaz.com\/index.php?rest_route=\/wp\/v2\/users\/1"}],"replies":[{"embeddable":true,"href":"http:\/\/www.korhanyilmaz.com\/index.php?rest_route=%2Fwp%2Fv2%2Fcomments&post=5275"}],"version-history":[{"count":0,"href":"http:\/\/www.korhanyilmaz.com\/index.php?rest_route=\/wp\/v2\/posts\/5275\/revisions"}],"wp:attachment":[{"href":"http:\/\/www.korhanyilmaz.com\/index.php?rest_route=%2Fwp%2Fv2%2Fmedia&parent=5275"}],"wp:term":[{"taxonomy":"category","embeddable":true,"href":"http:\/\/www.korhanyilmaz.com\/index.php?rest_route=%2Fwp%2Fv2%2Fcategories&post=5275"},{"taxonomy":"post_tag","embeddable":true,"href":"http:\/\/www.korhanyilmaz.com\/index.php?rest_route=%2Fwp%2Fv2%2Ftags&post=5275"}],"curies":[{"name":"wp","href":"https:\/\/api.w.org\/{rel}","templated":true}]}}