{"id":5259,"date":"2009-03-14T08:01:52","date_gmt":"2009-03-14T06:01:52","guid":{"rendered":"http:\/\/www.korhanyilmaz.com\/?p=5259"},"modified":"2009-03-14T08:01:52","modified_gmt":"2009-03-14T06:01:52","slug":"ekonomide-yeni-paket-2","status":"publish","type":"post","link":"http:\/\/www.korhanyilmaz.com\/?p=5259","title":{"rendered":"Ekonomide yeni paket"},"content":{"rendered":"<p style=\"text-align: center;\"><img loading=\"lazy\" decoding=\"async\" class=\"aligncenter size-full wp-image-5260\" title=\"Ekonomide yeni paket\" src=\"http:\/\/www.korhanyilmaz.com\/wp-content\/uploads\/2009\/03\/140320090346457423224.jpg\" alt=\"Ekonomide yeni paket\" width=\"376\" height=\"179\" \/><\/p>\n<p style=\"text-align: justify;\"><strong>Merakla beklenen yeni paketin ayr\u0131nt\u0131lar\u0131n\u0131 a\u00e7\u0131klad\u0131<\/strong>.<\/p>\n<p style=\"text-align: justify;\"><strong>Stop eden piyasalar\u0131 canland\u0131racak vergi indirimi i\u00e7in d\u00fc\u011fmeye bas\u0131ld\u0131<\/strong><\/p>\n<p style=\"text-align: justify;\">Ba\u015fbakan Erdo\u011fan, hen\u00fcz oranlar\u0131 netle\u015fmemekle birlikte otomotivde, beyaz e\u015fyada ve elektronik \u00fcr\u00fcnlerde 3 ay s\u00fcreyle \u00d6TV indirimini i\u00e7eren bir paket a\u00e7\u0131klad\u0131. Pakette ayr\u0131ca kredi maliyetlerini d\u00fc\u015f\u00fcrecek, sanayicinin daha ucuz elektrik kullanmas\u0131n\u0131 sa\u011flayacak tedbirler de yer al\u0131yor. Erdo\u011fan daha \u00f6nce &#8216;i\u015fine bak&#8217; dedi\u011fi Baykal&#8217;\u0131n \u00f6nerisini paketine koydu.<\/p>\n<p style=\"text-align: justify;\">Ba\u015fbakan Recep Tayyip Erdo\u011fan, h\u00fck\u00fcmetin k\u00fcresel ekonomik krize y\u00f6nelik olarak ald\u0131\u011f\u0131 tedbirleri i\u00e7eren d\u00f6rd\u00fcnc\u00fc paketi, S\u0131hh\u0131ye Meydan\u0131&#8217;nda a\u00e7\u0131klad\u0131. Ba\u015fbakan Erdo\u011fan, partisinin S\u0131hhiye Meydan\u0131&#8217;nda d\u00fczenlenen mitinginde, 4. Ekonomik Tedbir Paket&#8217;ini \u015fu s\u00f6zlerle a\u00e7\u0131klad\u0131: Bu pakette hedefimiz i\u00e7 talebi artt\u0131rmak, kredi ak\u0131\u015f\u0131n\u0131 sa\u011flamak ve maliyetleri daha da a\u015fa\u011f\u0131ya d\u00fc\u015f\u00fcrmek&#8230;<!--more--><\/p>\n<p style=\"text-align: justify;\">Ba\u015fbakan Erdo\u011fan, &#8220;Finans sekt\u00f6r\u00fc ile reel sekt\u00f6r aras\u0131ndaki kredi ak\u0131\u015f\u0131n\u0131 iyile\u015ftirmek amac\u0131yla da yeni ad\u0131mlar ataca\u011f\u0131z. Bunun da karar\u0131n\u0131 al\u0131yoruz&#8221; derken, d\u00f6rd\u00fcnc\u00fc paketin T\u00fcrkiye&#8217;ye ve millete hay\u0131rl\u0131 olmas\u0131n\u0131 diledi. Erdo\u011fan, bu tedbirlerin, ba\u015fta KOB\u0130&#8217;ler olmak \u00fczere esnaf\u0131, \u00e7ift\u00e7iyi, ihracat\u00e7\u0131y\u0131 ve t\u00fcm milleti \u00f6nemli \u00f6l\u00e7\u00fcde rahatlataca\u011f\u0131n\u0131 da s\u00f6yledi. Ba\u015fbakan Erdo\u011fan, &#8220;Gerekti\u011finde yeni tedbirleri de alaca\u011f\u0131z&#8221; dedi.<\/p>\n<p style=\"text-align: justify;\">Maliye Bakanl\u0131\u011f\u0131 Gelir \u0130daresi Ba\u015fkanl\u0131\u011f\u0131 ve Gelir Politikalar\u0131 Genel M\u00fcd\u00fcrl\u00fc\u011f\u00fc b\u00fcrokratlar\u0131, Ba\u015fbakan&#8217;\u0131n d\u00fcnk\u00fc a\u00e7\u0131klamalar\u0131n\u0131n ard\u0131ndan yo\u011fun bir mesaiye girdiler. Buna g\u00f6re \u00d6TV ve KDV indirimine ili\u015fkin oranlar alternatifli olarak geli\u015ftirilip haz\u0131rlanacak. Bu alternatifli planlar \u00f6nce Ekonomi Koordinasyon Kurulu&#8217;na (EKK) sunulacak. Orada son \u015feklini ald\u0131ktan sonra haz\u0131rlanacak Kararname imzaya a\u00e7\u0131lacak. Kararnamenin Bakanlar Kurulu g\u00fcndemine gelmesi gerekmiyor. Elden dola\u015ft\u0131r\u0131larak da imzalar tamamlanabiliyor.<\/p>\n<p style=\"text-align: justify;\"><strong>4. Pakette neler olacak?<\/strong><\/p>\n<p style=\"text-align: justify;\">\u0130hracat\u00e7\u0131n\u0131n desteklenmesi amac\u0131yla Eximbank&#8217;\u0131n sermayesi 500 milyon TL art\u0131r\u0131l\u0131yor.<\/p>\n<p style=\"text-align: justify;\">Kredi maliyetlerini d\u00fc\u015f\u00fcrmek amac\u0131yla, Kaynak Kullan\u0131m\u0131 Destekleme Fonu ad\u0131 alt\u0131nda al\u0131nan vergi y\u00fczde 15&#8217;den y\u00fczde 10&#8217;a indiriliyor.<\/p>\n<p style=\"text-align: justify;\">KOB\u0130&#8217;leri desteklemek amac\u0131yla KOSGEB&#8217;e 75 milyon TL&#8217;lik ilave kaynak aktar\u0131l\u0131yor.<\/p>\n<p style=\"text-align: justify;\">Destekleme Fiyat \u0130stikrar Fonu&#8217;na b\u00fct\u00e7eden ayr\u0131lan pay 575 milyon TL&#8217;ye \u00e7\u0131kar\u0131l\u0131yor.<\/p>\n<p style=\"text-align: justify;\">150 metrekarenin \u00fczerindeki konutlardan al\u0131nan y\u00fczde 18&#8217;lik KDV 3 ayl\u0131k s\u00fcre i\u00e7in y\u00fczde 8&#8217;e d\u00fc\u015f\u00fcr\u00fcl\u00fcyor. 150 metrekarenin alt\u0131ndaki konutlarda KDV oran\u0131 zaten y\u00fczde 1. Paket bu \u015fekliyle sadece l\u00fcks konuta te\u015fvik veriyor.<\/p>\n<p style=\"text-align: justify;\">Beyaz e\u015fya ve elektronikte y\u00fczde 6.7 olarak uygulanan \u00d6TV 3 ay boyunca indiriliyor. \u0130ndirim yine 3 ayla s\u0131n\u0131rl\u0131 olacak.<\/p>\n<p style=\"text-align: justify;\">Motor g\u00fcc\u00fc 1600 cc&#8217;ye kadar ara\u00e7larda y\u00fczde 37 \u00d6TV, bunun \u00fczerinden y\u00fczde 18 KDV al\u0131n\u0131yor. H\u00fck\u00fcmet, stoklar\u0131n eritilmesi amac\u0131yla 3 ay i\u00e7in \u00d6TV&#8217;yi y\u00fczde 1&#8217;e \u00e7ekmeyi planl\u0131yor. 1600-2000 cc aras\u0131 ara\u00e7lara uygulanan y\u00fczde 60 \u00d6TV&#8217;nin ise y\u00fczde 36&#8217;ya \u00e7ekilmesi d\u00fc\u015f\u00fcn\u00fcl\u00fcyor.<\/p>\n<p style=\"text-align: justify;\">Sanayide uygulanan indirimli gece tarifesi hafta sonlar\u0131 ve di\u011fer resmi tatil g\u00fcnlerini kapsayacak \u015fekilde yayg\u0131nla\u015ft\u0131r\u0131l\u0131yor.<\/p>\n<p style=\"text-align: justify;\"><strong>Renault ve Tofa\u015f k\u0131sa \u00e7al\u0131\u015fma i\u00e7in ba\u015fvurdu<\/strong><\/p>\n<p style=\"text-align: justify;\">\u00c7al\u0131\u015fma ve Sosyal G\u00fcvenlik Bakan\u0131 Faruk \u00c7elik, T\u00fcrkiye&#8217;nin en b\u00fcy\u00fck iki otomotiv firmas\u0131 Renault ve Tofa\u015f&#8217;\u0131n da k\u0131sa \u00e7al\u0131\u015fma \u00f6dene\u011finden yararlanmak \u00fczere ba\u015fvurdu\u011funu a\u00e7\u0131klad\u0131. K\u0131sa \u00e7al\u0131\u015fma \u00f6dene\u011fi \u00e7al\u0131\u015fanlar\u0131n\u0131 i\u015ften \u00e7\u0131karmamas\u0131 kar\u015f\u0131l\u0131\u011f\u0131nda \u00e7al\u0131\u015fan \u00fccretlerinin 6 ay s\u00fcre ile devlet taraf\u0131ndan \u00f6denmesini i\u00e7eriyor.<\/p>\n<p style=\"text-align: justify;\"><strong>Ekren: Paket yak\u0131nda a\u00e7\u0131klan\u0131r b\u00fcy\u00fckl\u00fc\u011f\u00fc 5.5 milyar lira olacak<\/strong><\/p>\n<p style=\"text-align: justify;\">Devlet Bakan\u0131 ve Ba\u015fbakan Yard\u0131mc\u0131s\u0131 Naz\u0131m Ekren, \u00f6n\u00fcm\u00fczdeki g\u00fcnlerde a\u00e7\u0131klamay\u0131 planlad\u0131klar\u0131 4. Ekonomik Paket&#8217;in &#8220;talebi canland\u0131rmay\u0131&#8221; esas alaca\u011f\u0131n\u0131 belirtti ve b\u00fcy\u00fckl\u00fc\u011f\u00fcn\u00fcn yakla\u015f\u0131k 5.5 milyar lira olaca\u011f\u0131n\u0131 bildirdi.<\/p>\n<p style=\"text-align: justify;\">Ekren, stoklar\u0131 birikmi\u015f baz\u0131 sekt\u00f6rlere y\u00f6nelik KDV ve \u00d6TV d\u00fczenlemesi \u00fczerinde \u00e7al\u0131\u015ft\u0131klar\u0131n\u0131 belirterek, bunun belirli bir zaman dilimi ile s\u0131n\u0131rl\u0131 olaca\u011f\u0131n\u0131, ancak istenen verim elde edilmesi halinde uzat\u0131labilece\u011fini kaydetti.<\/p>\n<p style=\"text-align: justify;\">Ekren, k\u0131sa vadeli ge\u00e7ici finansman sorunu olan kredib\u0131l firmalar ile bankalar aras\u0131nda arac\u0131l\u0131k rol\u00fc g\u00f6recek bir mekanizma kurmay\u0131 planlad\u0131klar\u0131n\u0131 bildirdi.<\/p>\n<p style=\"text-align: justify;\">Krizden etkilenen \u00fclkelerin mali paketlerinin &#8220;altyap\u0131 yat\u0131r\u0131mlar\u0131, talebi h\u0131zland\u0131rmak&#8221;, &#8220;piyasaya likidite enjekte etmek&#8221; ve &#8220;batan finansal kurulu\u015flar\u0131 kurtarmaya \u00e7al\u0131\u015fmak&#8221; \u00fczerine temellendi\u011fini anlatan Ekren, T\u00fcrkiye i\u00e7in \u00fc\u00e7\u00fcnc\u00fc se\u00e7ene\u011fin s\u00f6z konusu olmad\u0131\u011f\u0131n\u0131, di\u011fer alanlar \u00fczerine odakland\u0131klar\u0131n\u0131 s\u00f6yledi.<\/p>\n<p style=\"text-align: justify;\">Ekren, bu \u00f6nlemler y\u00fcz\u00fcnden bu sene ka\u00e7\u0131n\u0131lmaz olarak, b\u00fct\u00fcn d\u00fcnyada oldu\u011fu gibi &#8220;b\u00fct\u00e7enin y\u00f6netilebilir bir \u00f6l\u00e7ekte a\u00e7\u0131k vermesi gerekece\u011fini&#8221; s\u00f6yledi. Ekren, bunun kal\u0131c\u0131 hale gelmemesinin \u00f6nemine dikkati \u00e7ekerek, &#8220;Bunun i\u00e7in 2 \u015fey yap\u0131lmas\u0131 laz\u0131m. Bir, bu seneki tedbirlerin bu seneyle s\u0131n\u0131rl\u0131 olmas\u0131 laz\u0131m. \u0130kincisi de bu ilave y\u00fck geldi\u011finde, etkin kullanmad\u0131\u011f\u0131m\u0131z\u0131 d\u00fc\u015f\u00fcnd\u00fc\u011f\u00fcm\u00fcz harcamalar\u0131 bir daha g\u00f6zden ge\u00e7irmemiz laz\u0131m, zaten bunlar\u0131 yapaca\u011f\u0131z. Orta vadede \u00fczerinde duraca\u011f\u0131m\u0131z 2-3 tane kritik g\u00f6sterge olacak&#8221; diye konu\u015ftu.<\/p>\n<p style=\"text-align: justify;\"><span style=\"color: #888888;\">Kaynak : Vatan Gazetesi<\/span><\/p>\n","protected":false},"excerpt":{"rendered":"<p style=\"text-align: center;\">\n<p style=\"text-align: justify;\">Merakla beklenen yeni paketin ayr\u0131nt\u0131lar\u0131n\u0131 a\u00e7\u0131klad\u0131.<\/p>\n<p style=\"text-align: justify;\">Stop eden piyasalar\u0131 canland\u0131racak vergi indirimi i\u00e7in d\u00fc\u011fmeye bas\u0131ld\u0131<\/p>\n<p style=\"text-align: justify;\">Ba\u015fbakan Erdo\u011fan, hen\u00fcz oranlar\u0131 netle\u015fmemekle birlikte otomotivde, beyaz e\u015fyada ve elektronik \u00fcr\u00fcnlerde 3 ay s\u00fcreyle \u00d6TV indirimini i\u00e7eren bir paket a\u00e7\u0131klad\u0131. Pakette ayr\u0131ca kredi maliyetlerini d\u00fc\u015f\u00fcrecek, sanayicinin daha ucuz elektrik kullanmas\u0131n\u0131 <\/p>\n","protected":false},"author":1,"featured_media":0,"comment_status":"open","ping_status":"closed","sticky":false,"template":"","format":"standard","meta":{"footnotes":""},"categories":[105],"tags":[],"class_list":["post-5259","post","type-post","status-publish","format-standard","hentry","category-gundem","odd"],"_links":{"self":[{"href":"http:\/\/www.korhanyilmaz.com\/index.php?rest_route=\/wp\/v2\/posts\/5259","targetHints":{"allow":["GET"]}}],"collection":[{"href":"http:\/\/www.korhanyilmaz.com\/index.php?rest_route=\/wp\/v2\/posts"}],"about":[{"href":"http:\/\/www.korhanyilmaz.com\/index.php?rest_route=\/wp\/v2\/types\/post"}],"author":[{"embeddable":true,"href":"http:\/\/www.korhanyilmaz.com\/index.php?rest_route=\/wp\/v2\/users\/1"}],"replies":[{"embeddable":true,"href":"http:\/\/www.korhanyilmaz.com\/index.php?rest_route=%2Fwp%2Fv2%2Fcomments&post=5259"}],"version-history":[{"count":0,"href":"http:\/\/www.korhanyilmaz.com\/index.php?rest_route=\/wp\/v2\/posts\/5259\/revisions"}],"wp:attachment":[{"href":"http:\/\/www.korhanyilmaz.com\/index.php?rest_route=%2Fwp%2Fv2%2Fmedia&parent=5259"}],"wp:term":[{"taxonomy":"category","embeddable":true,"href":"http:\/\/www.korhanyilmaz.com\/index.php?rest_route=%2Fwp%2Fv2%2Fcategories&post=5259"},{"taxonomy":"post_tag","embeddable":true,"href":"http:\/\/www.korhanyilmaz.com\/index.php?rest_route=%2Fwp%2Fv2%2Ftags&post=5259"}],"curies":[{"name":"wp","href":"https:\/\/api.w.org\/{rel}","templated":true}]}}