{"id":5254,"date":"2009-03-13T16:51:17","date_gmt":"2009-03-13T14:51:17","guid":{"rendered":"http:\/\/www.korhanyilmaz.com\/?p=5254"},"modified":"2009-03-13T16:51:17","modified_gmt":"2009-03-13T14:51:17","slug":"chp%e2%80%99nin-istanbul-afislerinde-baykal-yok","status":"publish","type":"post","link":"http:\/\/www.korhanyilmaz.com\/?p=5254","title":{"rendered":"CHP\u2019nin \u0130stanbul afi\u015flerinde Baykal yok"},"content":{"rendered":"<p><img loading=\"lazy\" decoding=\"async\" class=\"aligncenter size-full wp-image-5255\" title=\"CHP\u2019nin \u0130stanbul afi\u015flerinde Baykal yok \" src=\"http:\/\/www.korhanyilmaz.com\/wp-content\/uploads\/2009\/03\/130320092336117253933_3.jpg\" alt=\"CHP\u2019nin \u0130stanbul afi\u015flerinde Baykal yok \" width=\"300\" height=\"201\" \/><strong><\/strong><\/p>\n<p style=\"text-align: justify;\"><strong>Adaylar, afi\u015flerinde genellikle liderleriyle \u00e7ekilmi\u015f foto\u011fraflar\u0131n\u0131 koyuyor oysa \u0130stanbul&#8217;da farkl\u0131 bir durum var<\/strong>.<\/p>\n<p style=\"text-align: justify;\">Yerel se\u00e7imlerde t\u00fcm T\u00fcrkiye&#8217;de adaylar son viraja do\u011fru yakla\u015f\u0131rlarken sokaklar\u0131 dolduran tan\u0131t\u0131m afi\u015flerinde ise dikkat \u00e7ekici bir detay yer al\u0131yor. \u0130stanbul&#8217;daki belediye ba\u015fkan adaylar\u0131, parti afi\u015flerinde farkl\u0131 isimlerle yan yana foto\u011fraf \u00e7ektirmi\u015f durumda. AKP&#8217;liler tan\u0131t\u0131m afi\u015flerinde Ba\u015fbakan Erdo\u011fan&#8217;la yan yana foto\u011fraflar\u0131 tercih ederken, CHP&#8217;liler ise genel ba\u015fkanlar\u0131 Deniz Baykal&#8217;\u0131 de\u011fil, \u0130stanbul Belediye Ba\u015fkan Aday\u0131 Kemal K\u0131l\u0131\u00e7daro\u011flu&#8217;nu tercih ediyorlar. <!--more--><\/p>\n<p style=\"text-align: justify;\"><strong>AKP&#8217;liler Erdo\u011fan&#8217;la ayn\u0131 karede<\/strong><\/p>\n<p style=\"text-align: justify;\">AKP&#8217;nin \u00dcsk\u00fcdar Belediye Ba\u015fkan Aday\u0131 Mustafa Kara, Fatih Belediye Ba\u015fkan Aday\u0131 Mustafa Demir yaln\u0131zca Ba\u015fbakan Recep Tayyip Erdo\u011fan&#8217;la ayn\u0131 karede yer almay\u0131 tercih edenlerden. AKP&#8217;nin Beyo\u011flu Belediye Ba\u015fkan\u0131 Aday\u0131 Ahmet Misbah Demirican ve Be\u015fikta\u015f Belediye Ba\u015fkan Aday\u0131 Sibel \u00c7arm\u0131kl\u0131 ise aday tan\u0131t\u0131m afi\u015flerinde hem Ba\u015fbakan Erdo\u011fan hem de \u0130stanbul B\u00fcy\u00fck\u015fehir Belediye Ba\u015fkan\u0131 Kadir Topba\u015f&#8217;la ayn\u0131 karede yer al\u0131yorlar.<\/p>\n<p style=\"text-align: justify;\"><strong>K\u0131l\u0131\u00e7daro\u011flu&#8217;yla omuz omuza<\/strong><\/p>\n<p style=\"text-align: justify;\">\u0130stanbul&#8217;daki CHP&#8217;li Belediye Ba\u015fkan Adaylar\u0131 ise AKP&#8217;lilerin aksine genel ba\u015fkanlar\u0131yla de\u011fil, sadece \u0130stanbul B\u00fcy\u00fck\u015fehir Belediyesi Ba\u015fkan Aday\u0131 Kemal K\u0131l\u0131\u00e7daro\u011flu&#8217;yla ayn\u0131 karede yer almay\u0131 se\u00e7mi\u015f durumdalar. CHP&#8217;nin Fatih Belediye Ba\u015fkan Aday\u0131 Can \u00d6zyedierler, K\u0131l\u0131\u00e7daro\u011flu&#8217;yla tokala\u015f\u0131rken \u00e7ekilmi\u015f bir foto\u011fraf\u0131n\u0131 afi\u015fine ta\u015f\u0131m\u0131\u015f durumda. CHP Beykoz Belediye Ba\u015fkan Aday\u0131 Alaattin K\u00f6seler&#8217;de Kemal K\u0131l\u0131\u00e7daro\u011flu&#8217;yla yan yana \u00e7ekilmi\u015f bir foto\u011fraf\u0131n\u0131 parti se\u00e7im minib\u00fcs\u00fcnde kullan\u0131yor. CHP&#8217;nin Ka\u011f\u0131thane Belediye Ba\u015fkan\u0131 Aday\u0131 Av. Zeynel \u00d6zt\u00fcrk ve \u00dcsk\u00fcdar Belediye Ba\u015fkan Aday\u0131 Sema Barl\u0131n ise, Kemal K\u0131l\u0131\u00e7daro\u011flu&#8217;yla omuz omuza ve el sallarken \u00e7ekilmi\u015f foto\u011fraflar\u0131n\u0131 afi\u015flerinde kullanmay\u0131 se\u00e7mi\u015fler. CHP \u0130stanbul Belediye Ba\u015fkan adaylar\u0131n\u0131n afi\u015flerindeki en dikkat \u00e7ekici nokta ise CHP Genel Ba\u015fkan\u0131 Deniz Baykal&#8217;\u0131n afi\u015flerde yer almamas\u0131.<\/p>\n<p style=\"text-align: justify;\"><strong>Umutlar K\u0131l\u0131\u00e7daro\u011flu&#8217;nda<\/strong><\/p>\n<p style=\"text-align: justify;\">CHP&#8217;lilerin umutlar\u0131n\u0131 K\u0131l\u0131\u00e7daro\u011flu&#8217;na ba\u011flad\u0131klar\u0131 se\u00e7im afi\u015flerinden a\u00e7\u0131k\u00e7a belli oluyor. AKP&#8217;li t\u00fcm adaylar Erdo\u011fan&#8217;la birlikte g\u00f6r\u00fcn\u00fcrken, CHP&#8217;-lilerin yan\u0131nda Baykal de\u011fil sadece K\u0131l\u0131\u00e7daro\u011flu var. Yak\u0131n dostlar\u0131 hem tipi, hem de sakin ve kararl\u0131 tavr\u0131 nedeniyle K\u0131l\u0131\u00e7daro\u011flu&#8217;nu Hindistan&#8217;\u0131n efsanevi lideri Gandi&#8217;ye benzetiyor.<\/p>\n<p style=\"text-align: justify;\"><span style=\"color: #888888;\">Kaynak : Emre \u00d6zt\u00fcrk \/ Vatan Gazetesi<\/span><\/p>\n","protected":false},"excerpt":{"rendered":"<\/p>\n<p style=\"text-align: justify;\">Adaylar, afi\u015flerinde genellikle liderleriyle \u00e7ekilmi\u015f foto\u011fraflar\u0131n\u0131 koyuyor oysa \u0130stanbul&#8217;da farkl\u0131 bir durum var.<\/p>\n<p style=\"text-align: justify;\">Yerel se\u00e7imlerde t\u00fcm T\u00fcrkiye&#8217;de adaylar son viraja do\u011fru yakla\u015f\u0131rlarken sokaklar\u0131 dolduran tan\u0131t\u0131m afi\u015flerinde ise dikkat \u00e7ekici bir detay yer al\u0131yor. \u0130stanbul&#8217;daki belediye ba\u015fkan adaylar\u0131, parti afi\u015flerinde farkl\u0131 isimlerle yan yana foto\u011fraf \u00e7ektirmi\u015f durumda. AKP&#8217;liler tan\u0131t\u0131m afi\u015flerinde Ba\u015fbakan <\/p>\n","protected":false},"author":1,"featured_media":0,"comment_status":"open","ping_status":"closed","sticky":false,"template":"","format":"standard","meta":{"footnotes":""},"categories":[105],"tags":[],"class_list":["post-5254","post","type-post","status-publish","format-standard","hentry","category-gundem","odd"],"_links":{"self":[{"href":"http:\/\/www.korhanyilmaz.com\/index.php?rest_route=\/wp\/v2\/posts\/5254","targetHints":{"allow":["GET"]}}],"collection":[{"href":"http:\/\/www.korhanyilmaz.com\/index.php?rest_route=\/wp\/v2\/posts"}],"about":[{"href":"http:\/\/www.korhanyilmaz.com\/index.php?rest_route=\/wp\/v2\/types\/post"}],"author":[{"embeddable":true,"href":"http:\/\/www.korhanyilmaz.com\/index.php?rest_route=\/wp\/v2\/users\/1"}],"replies":[{"embeddable":true,"href":"http:\/\/www.korhanyilmaz.com\/index.php?rest_route=%2Fwp%2Fv2%2Fcomments&post=5254"}],"version-history":[{"count":0,"href":"http:\/\/www.korhanyilmaz.com\/index.php?rest_route=\/wp\/v2\/posts\/5254\/revisions"}],"wp:attachment":[{"href":"http:\/\/www.korhanyilmaz.com\/index.php?rest_route=%2Fwp%2Fv2%2Fmedia&parent=5254"}],"wp:term":[{"taxonomy":"category","embeddable":true,"href":"http:\/\/www.korhanyilmaz.com\/index.php?rest_route=%2Fwp%2Fv2%2Fcategories&post=5254"},{"taxonomy":"post_tag","embeddable":true,"href":"http:\/\/www.korhanyilmaz.com\/index.php?rest_route=%2Fwp%2Fv2%2Ftags&post=5254"}],"curies":[{"name":"wp","href":"https:\/\/api.w.org\/{rel}","templated":true}]}}