{"id":5247,"date":"2009-03-13T18:29:19","date_gmt":"2009-03-13T16:29:19","guid":{"rendered":"http:\/\/www.korhanyilmaz.com\/?p=5247"},"modified":"2009-03-13T18:29:19","modified_gmt":"2009-03-13T16:29:19","slug":"erdogan%e2%80%99a-sert-yanit","status":"publish","type":"post","link":"http:\/\/www.korhanyilmaz.com\/?p=5247","title":{"rendered":"Erdo\u011fan\u2019a sert yan\u0131t"},"content":{"rendered":"<p style=\"text-align: center;\"><img loading=\"lazy\" decoding=\"async\" class=\"aligncenter size-full wp-image-5248\" title=\"MHP lideri Devlet Bah\u00e7eli\" src=\"http:\/\/www.korhanyilmaz.com\/wp-content\/uploads\/2009\/03\/devlet2.jpg\" alt=\"MHP lideri Devlet Bah\u00e7eli\" width=\"288\" height=\"219\" \/><\/p>\n<p style=\"text-align: justify;\"><strong>&#8216;Ti\u015f\u00f6rt\u00fcn\u00fcn \u00f6n\u00fcnde ABD, arkas\u0131nda AB yaz\u0131yor&#8217;<\/strong><\/p>\n<p style=\"text-align: justify;\">MHP lideri Devlet Bah\u00e7eli, d\u00fcn partisince Erzurum \u0130stasyon Meydan\u0131&#8217;nda mitinge kat\u0131ld\u0131. Bah\u00e7eli, konu\u015fmas\u0131nda miting alanlar\u0131nda MHP&#8217;nin de dahil oldu\u011fu koalisyon h\u00fck\u00fcmetini ele\u015ftiren Erdo\u011fan&#8217;a sert yan\u0131t verdi:<\/p>\n<p style=\"text-align: justify;\"><strong>ANLAYAMAZSIN:<\/strong> \u00d6yle bir g\u00fcn gelmi\u015ftir ki, bir\u00e7ok konularda MHP&#8217;nin sorumlu siyaset anlay\u0131\u015f\u0131yla ortaya koydu\u011fu tav\u0131rlar, bir\u00e7ok i\u00e7 ve d\u0131\u015f odaklar\u0131 rahats\u0131z etmeye ba\u015flam\u0131\u015ft\u0131r. MHP&#8217;siz bir iktidar nas\u0131l olur onun pe\u015fine d\u00fc\u015fm\u00fc\u015flerdir. \u0130\u015fte b\u00f6yle bir ortamda, MHP d\u0131\u015fland\u0131. Yeni bir koalisyon olu\u015fturmak ve MHP&#8217;yi h\u00fck\u00fcmetten ay\u0131rmak istemi\u015flerdir. Ya sizi iktidardan uzakla\u015ft\u0131rmaya gayret g\u00f6steren i\u00e7 ve d\u0131\u015f odaklar\u0131n teslimiyetine gireceksiniz, ne diyorlarsa onlar\u0131 yapacaks\u0131n\u0131z veya onlara diyeceksiniz ki &#8216;Beni millet getirdi. Benim ipimi ancak millet asar&#8217; diyeceksiniz. Biz ne yapt\u0131k dedik ki; b\u00f6yle bir durumda \u00fclkeyi i\u00e7 ve d\u0131\u015f odaklar\u0131n iktidarlar\u0131 belirleyici unsuru olmaktan \u00e7\u0131kar\u0131p iktidarlar\u0131 belirleyecek millet iradesi olmas\u0131 gerekti\u011fini s\u00f6yledik ve \u00fclkeyi 3 Kas\u0131m&#8217;da se\u00e7ime g\u00f6t\u00fcrd\u00fck. B\u00f6yle bir siyasi duru\u015fu, faziletli tavr\u0131, Say\u0131n Erdo\u011fan, kavraman, anlaman m\u00fcmk\u00fcn de\u011fildir.<!--more--><\/p>\n<p style=\"text-align: justify;\"><strong>AKP&#8217;N\u0130N T\u0130\u015e\u00d6RT\u00dc:<\/strong> 2002&#8217;de kapat\u0131lan Fazilet Partisi&#8217;nden ayr\u0131lanlar Saadet Partisi&#8217;ni ve AKP&#8217;yi kurdu. De\u011fi\u015fimci, geli\u015fimci neyse AKP&#8217;ye gidiyor. B\u00f6yle olmad\u0131 m\u0131? AKP&#8217;ye gidenler biz &#8216;Milli g\u00f6r\u00fc\u015f g\u00f6mle\u011fini \u00e7\u0131kard\u0131k&#8217; diyor. Peki ne g\u00f6mle\u011fi giydiniz? Ge\u00e7en d\u00f6nemlere bakt\u0131\u011f\u0131n\u0131zda giydi\u011fin ti\u015f\u00f6rt\u00fcn \u00f6n\u00fcnde ABD arkas\u0131nda Avrupa Birli\u011fi yaz\u0131yor.<\/p>\n<p style=\"text-align: justify;\"><strong>TOK\u0130 A\u00c7ILI\u015eLARI:<\/strong> Siyasi iktidar devletin t\u00fcm imkanlar\u0131n\u0131 ac\u0131mas\u0131zca kullanarak se\u00e7imlerde etkin olmaya \u00e7al\u0131\u015f\u0131yor. TOK\u0130&#8217;nin konut a\u00e7\u0131l\u0131\u015f t\u00f6renleri se\u00e7im propagandas\u0131nda kullan\u0131l\u0131yor. Say\u0131n Ba\u015fbakan k\u00fcrs\u00fcde omuzunda bir palto, geni\u015f bir k\u00fcrs\u00fc mekan\u0131nda bir o tarafa volta at\u0131yor bir bu tarafa volta at\u0131yor. Sol tarafa volta atarsa CHP&#8217;ye \u00e7at\u0131yor, sa\u011f tarafa volta at\u0131yorsa MHP&#8217;ye \u00e7at\u0131yor.<\/p>\n<p style=\"text-align: justify;\"><span style=\"color: #888888;\">Kaynak : Vatan Gazetesi<\/span><\/p>\n","protected":false},"excerpt":{"rendered":"<p style=\"text-align: center;\">\n<p style=\"text-align: justify;\">&#8216;Ti\u015f\u00f6rt\u00fcn\u00fcn \u00f6n\u00fcnde ABD, arkas\u0131nda AB yaz\u0131yor&#8217;<\/p>\n<p style=\"text-align: justify;\">MHP lideri Devlet Bah\u00e7eli, d\u00fcn partisince Erzurum \u0130stasyon Meydan\u0131&#8217;nda mitinge kat\u0131ld\u0131. Bah\u00e7eli, konu\u015fmas\u0131nda miting alanlar\u0131nda MHP&#8217;nin de dahil oldu\u011fu koalisyon h\u00fck\u00fcmetini ele\u015ftiren Erdo\u011fan&#8217;a sert yan\u0131t verdi:<\/p>\n<p style=\"text-align: justify;\">ANLAYAMAZSIN: \u00d6yle bir g\u00fcn gelmi\u015ftir ki, bir\u00e7ok konularda MHP&#8217;nin sorumlu siyaset anlay\u0131\u015f\u0131yla ortaya koydu\u011fu <\/p>\n","protected":false},"author":1,"featured_media":0,"comment_status":"open","ping_status":"closed","sticky":false,"template":"","format":"standard","meta":{"footnotes":""},"categories":[105],"tags":[],"class_list":["post-5247","post","type-post","status-publish","format-standard","hentry","category-gundem","odd"],"_links":{"self":[{"href":"http:\/\/www.korhanyilmaz.com\/index.php?rest_route=\/wp\/v2\/posts\/5247","targetHints":{"allow":["GET"]}}],"collection":[{"href":"http:\/\/www.korhanyilmaz.com\/index.php?rest_route=\/wp\/v2\/posts"}],"about":[{"href":"http:\/\/www.korhanyilmaz.com\/index.php?rest_route=\/wp\/v2\/types\/post"}],"author":[{"embeddable":true,"href":"http:\/\/www.korhanyilmaz.com\/index.php?rest_route=\/wp\/v2\/users\/1"}],"replies":[{"embeddable":true,"href":"http:\/\/www.korhanyilmaz.com\/index.php?rest_route=%2Fwp%2Fv2%2Fcomments&post=5247"}],"version-history":[{"count":0,"href":"http:\/\/www.korhanyilmaz.com\/index.php?rest_route=\/wp\/v2\/posts\/5247\/revisions"}],"wp:attachment":[{"href":"http:\/\/www.korhanyilmaz.com\/index.php?rest_route=%2Fwp%2Fv2%2Fmedia&parent=5247"}],"wp:term":[{"taxonomy":"category","embeddable":true,"href":"http:\/\/www.korhanyilmaz.com\/index.php?rest_route=%2Fwp%2Fv2%2Fcategories&post=5247"},{"taxonomy":"post_tag","embeddable":true,"href":"http:\/\/www.korhanyilmaz.com\/index.php?rest_route=%2Fwp%2Fv2%2Ftags&post=5247"}],"curies":[{"name":"wp","href":"https:\/\/api.w.org\/{rel}","templated":true}]}}