{"id":52352,"date":"2012-06-16T15:31:45","date_gmt":"2012-06-16T12:31:45","guid":{"rendered":"http:\/\/www.korhanyilmaz.com\/?p=52352"},"modified":"2012-06-17T05:23:11","modified_gmt":"2012-06-17T02:23:11","slug":"kadir-inanirin-oynadigi-filmin-cekimlerinde-olay-cikti","status":"publish","type":"post","link":"http:\/\/www.korhanyilmaz.com\/?p=52352","title":{"rendered":"Kadir \u0130nan\u0131r&#8217;\u0131n oynad\u0131\u011f\u0131 filmin \u00e7ekimlerinde olay \u00e7\u0131kt\u0131"},"content":{"rendered":"<p style=\"text-align: center;\"><a href=\"http:\/\/www.korhanyilmaz.com\/wp-content\/uploads\/2012\/06\/F3052.jpg\"  class=\"lightview\"><img loading=\"lazy\" decoding=\"async\" class=\"aligncenter  wp-image-52353\" src=\"http:\/\/www.korhanyilmaz.com\/wp-content\/uploads\/2012\/06\/F3052.jpg\" alt=\"\" width=\"364\" height=\"204\" \/><\/a><\/p>\n<p style=\"text-align: justify;\">Ba\u015frol\u00fcn\u00fc Kadir \u0130nan\u0131r\u2019\u0131n oynad\u0131\u011f\u0131, \u2019Elveda Katya\u2019 adl\u0131 filminin Trabzon\u2019da yap\u0131lan \u00e7ekimlerinde, set ekibiyle mahalle sakinleri aras\u0131nda tart\u0131\u015fma \u00e7\u0131kt\u0131. \u00c7ekimler, olay yerine gelen polislerin ald\u0131\u011f\u0131 g\u00fcvenlik \u00f6nlemlerine ra\u011fmen tamamlanamad\u0131.<\/p>\n<p style=\"text-align: justify;\">Tabzon ve Batum\u2019da \u00e7ekimleri ger\u00e7ekle\u015ftirilen ve y\u00f6netmenli\u011fini Ahmet S\u00f6nmez\u2019in yapt\u0131\u011f\u0131, ba\u015frol\u00fcn\u00fc de Kadir \u0130nan\u0131r\u2019\u0131n \u00fcstlendi\u011fi, \u2019Elveda Katya\u2019 filminin d\u00fcn ak\u015famki \u00e7ekimleri \u00c7\u00f6mlek\u00e7i Mahallesi\u2019nde yap\u0131ld\u0131. Bu s\u0131rada, mahalle sakinleri ile set ekibi aras\u0131nda tart\u0131\u015fma \u00e7\u0131kt\u0131. Filmde, Kadir \u0130nan\u0131r\u2019\u0131n k\u0131z\u0131 Katya\u2019y\u0131 canland\u0131ran Anna Andrusenko\u2019nun gece sokakta y\u00fcr\u00fcrken laf atan 3 gencin tacizine u\u011frad\u0131\u011f\u0131 sahne \u00e7ekilirken, y\u00f6redeki esnaf ile mahalle sakinleri tepki g\u00f6sterdi.<!--more--><\/p>\n<p style=\"text-align: justify;\">Filmde Trabzon\u2019un k\u00f6t\u00fc tan\u0131t\u0131ld\u0131\u011f\u0131n\u0131 ileri s\u00fcren mahallede oturanlar, &#8220;Buray\u0131 insanlar\u0131n s\u00fcrekli taciz edildi\u011fi ve fuhu\u015f yap\u0131lan bir yermi\u015f gibi g\u00f6stermeye \u00e7al\u0131\u015f\u0131yorsunuz. Gidin buradan&#8221; diyerek tepkilerini dile getirdi. Tepki g\u00f6sterenlerin say\u0131s\u0131n\u0131n yakla\u015f\u0131k 20 ki\u015fiyi bulmas\u0131 \u00fczerine polis \u00e7a\u011fr\u0131ld\u0131. Kalabal\u0131k polislerin m\u00fcdahalesi ile yat\u0131\u015ft\u0131r\u0131lmaya \u00e7al\u0131\u015f\u0131l\u0131rken, \u00e7ekimlerin bu \u015fartlarda yap\u0131lamayaca\u011f\u0131na karar veren ekip mahalleden ayr\u0131ld\u0131.<\/p>\n<p style=\"text-align: justify;\">Kadir \u0130nan\u0131r\u2019\u0131n sahnesinin olmamas\u0131 nedeniyle \u00e7ekim an\u0131nda olay yerinde bulunmad\u0131\u011f\u0131 belirtildi.<\/p>\n<p style=\"text-align: justify;\"><strong>TEPK\u0130LER\u0130 ANLAYI\u015eLA KAR\u015eILIYORUZ\u00a0<\/strong><\/p>\n<p style=\"text-align: justify;\">Ya\u015fananlarla ilgili a\u00e7\u0131klamada bulunan y\u00f6netmen Ahmet S\u00f6nmez, filmin konusunun 2000 y\u0131l\u0131nda ya\u015fanan bir hikayeye dayand\u0131\u011f\u0131n\u0131 belirterek, &#8220;Hikayede kimseyi, hele Trabzon\u2019u hi\u00e7 su\u00e7lam\u0131yoruz. Herkesin bildi\u011fi ger\u00e7ekleri anlat\u0131yoruz. Bize k\u00fc\u00e7\u00fck bir tepki oldu ama o da yanl\u0131\u015f anla\u015f\u0131lmadand\u0131r. Bu sahne ile ilgili bir iki kare \u00e7ekim yapabildik. Tepkileri anlay\u0131\u015fla kar\u015f\u0131l\u0131yoruz. Trabzon\u2019u k\u00f6t\u00fc g\u00f6stermek akl\u0131m\u0131z\u0131n u\u00e7undan dahi ge\u00e7mez&#8221; dedi.<\/p>\n<p style=\"text-align: justify;\">Kadir \u0130nan\u0131r\u2019\u0131n ba\u015frol\u00fcnde oynad\u0131\u011f\u0131, Ahmet S\u00f6nmez\u2019in y\u00f6netti\u011fi \u2019Elveda Katya\u2019 filmde Caner Cindoruk, R\u00fc\u00e7han \u00c7al\u0131\u015fkur, Belgin Erdo\u011fan, Beliz Aksoy, Anna Andrusenko, Tatsiana Tsivikevich, Yeliz \u015ear gibi oyuncular rol al\u0131yor. Nalan Merter Sava\u015f\u2019\u0131n senaristli\u011fini \u00fcstlendi\u011fi filmin senaryo dan\u0131\u015fmanl\u0131\u011f\u0131n\u0131 da Cem Ba\u015feskio\u011flu \u00fcslendi. Filmin \u00e7ekimleri Batum ve Rize\u2019den sonra Trabzon\u2019da yap\u0131lacak. Ger\u00e7ek bir hayat hikayesinden yola \u00e7\u0131karak senaryola\u015ft\u0131r\u0131lan filmde, yetimhanede b\u00fcy\u00fcyen Katya\u2019n\u0131n, babas\u0131n\u0131 bulmak i\u00e7in geldi\u011fi Trabzon\u2019da ya\u015fad\u0131klar\u0131 beyazperdeye ta\u015f\u0131nacak.<\/p>\n<p style=\"text-align: justify;\"><a href=\"http:\/\/gundem.milliyet.com.tr\/kadir-inanir-in-oynadigi-filmin-cekimlerinde-olay-cikti\/gundem\/gundemdetay\/16.06.2012\/1554654\/default.htm?ShowPageSkin=1\" target=\"_blank\">Kaynak : Milliyet.com.tr<\/a><\/p>\n","protected":false},"excerpt":{"rendered":"<p style=\"text-align: center;\">\n<p style=\"text-align: justify;\">Ba\u015frol\u00fcn\u00fc Kadir \u0130nan\u0131r\u2019\u0131n oynad\u0131\u011f\u0131, \u2019Elveda Katya\u2019 adl\u0131 filminin Trabzon\u2019da yap\u0131lan \u00e7ekimlerinde, set ekibiyle mahalle sakinleri aras\u0131nda tart\u0131\u015fma \u00e7\u0131kt\u0131. \u00c7ekimler, olay yerine gelen polislerin ald\u0131\u011f\u0131 g\u00fcvenlik \u00f6nlemlerine ra\u011fmen tamamlanamad\u0131.<\/p>\n<p style=\"text-align: justify;\">Tabzon ve Batum\u2019da \u00e7ekimleri ger\u00e7ekle\u015ftirilen ve y\u00f6netmenli\u011fini Ahmet S\u00f6nmez\u2019in yapt\u0131\u011f\u0131, ba\u015frol\u00fcn\u00fc de Kadir \u0130nan\u0131r\u2019\u0131n \u00fcstlendi\u011fi, \u2019Elveda Katya\u2019 filminin d\u00fcn ak\u015famki <\/p>\n","protected":false},"author":1,"featured_media":0,"comment_status":"open","ping_status":"open","sticky":false,"template":"","format":"standard","meta":{"footnotes":""},"categories":[8],"tags":[],"class_list":["post-52352","post","type-post","status-publish","format-standard","hentry","category-kultur-sanat","odd"],"_links":{"self":[{"href":"http:\/\/www.korhanyilmaz.com\/index.php?rest_route=\/wp\/v2\/posts\/52352","targetHints":{"allow":["GET"]}}],"collection":[{"href":"http:\/\/www.korhanyilmaz.com\/index.php?rest_route=\/wp\/v2\/posts"}],"about":[{"href":"http:\/\/www.korhanyilmaz.com\/index.php?rest_route=\/wp\/v2\/types\/post"}],"author":[{"embeddable":true,"href":"http:\/\/www.korhanyilmaz.com\/index.php?rest_route=\/wp\/v2\/users\/1"}],"replies":[{"embeddable":true,"href":"http:\/\/www.korhanyilmaz.com\/index.php?rest_route=%2Fwp%2Fv2%2Fcomments&post=52352"}],"version-history":[{"count":0,"href":"http:\/\/www.korhanyilmaz.com\/index.php?rest_route=\/wp\/v2\/posts\/52352\/revisions"}],"wp:attachment":[{"href":"http:\/\/www.korhanyilmaz.com\/index.php?rest_route=%2Fwp%2Fv2%2Fmedia&parent=52352"}],"wp:term":[{"taxonomy":"category","embeddable":true,"href":"http:\/\/www.korhanyilmaz.com\/index.php?rest_route=%2Fwp%2Fv2%2Fcategories&post=52352"},{"taxonomy":"post_tag","embeddable":true,"href":"http:\/\/www.korhanyilmaz.com\/index.php?rest_route=%2Fwp%2Fv2%2Ftags&post=52352"}],"curies":[{"name":"wp","href":"https:\/\/api.w.org\/{rel}","templated":true}]}}