{"id":5225,"date":"2009-03-13T16:01:13","date_gmt":"2009-03-13T14:01:13","guid":{"rendered":"http:\/\/www.korhanyilmaz.com\/?p=5225"},"modified":"2009-03-13T16:01:13","modified_gmt":"2009-03-13T14:01:13","slug":"aric-tsk-restlesmesi-tirmaniyor","status":"publish","type":"post","link":"http:\/\/www.korhanyilmaz.com\/?p=5225","title":{"rendered":"Ar\u0131n\u00e7- TSK restle\u015fmesi t\u0131rman\u0131yor!"},"content":{"rendered":"<p style=\"text-align: center;\"><img loading=\"lazy\" decoding=\"async\" class=\"aligncenter size-full wp-image-5226\" title=\"130320091604586879602\" src=\"http:\/\/www.korhanyilmaz.com\/wp-content\/uploads\/2009\/03\/130320091604586879602.jpg\" alt=\"130320091604586879602\" width=\"376\" height=\"240\" \/><\/p>\n<p style=\"text-align: justify;\"><strong>TSK- Ar\u0131n\u00e7 polemi\u011finde ikinci raund&#8230; Ar\u0131n\u00e7&#8217;tan jet yan\u0131t: &#8220;Kimse bana hukuk dersi veremez!&#8221;<\/strong><\/p>\n<p style=\"text-align: justify;\">Emekli pa\u015falarla ilgili s\u00f6yledi\u011fi s\u00f6zler nedeniyle TSK&#8217;den ve Meclis Ba\u015fkan\u0131 Toptan&#8217;dan tepki g\u00f6ren B\u00fclent Ar\u0131n\u00e7\u00a0 jet bir a\u00e7\u0131klama yaparak TSK&#8217;ne yan\u0131t verdi.<\/p>\n<p style=\"text-align: justify;\"><strong>\u0130\u015fte Ar\u0131n\u00e7&#8217;\u0131n reste rest yan\u0131t\u0131&#8230;<\/strong><\/p>\n<p style=\"text-align: justify;\"><strong>BEN DE ASKER \u00c7OCU\u011eUYUM<\/strong><\/p>\n<p style=\"text-align: justify;\">Ben de ajanslardan okudum Say\u0131n Pa\u015fa \u015funu s\u00f6yl\u00fcyor. Benim d\u00fc\u015f\u00fcncelerim biliniyormu\u015f, ben hukuku bilmiyormu\u015f ve ben orduyu y\u0131prat\u0131yormu\u015fum. Say\u0131n Pa\u015fa yanl\u0131\u015f bir a\u00e7\u0131klama yapt\u0131. Bu s\u00f6zler benim muhatab\u0131m olamaz. Ben bana sorulan bir\u00e7ok soruya muhatap olmama ra\u011fmen cevap vermedim. Haks\u0131z su\u00e7lamay\u0131 kesinlikle kabul etmiyorum. Ben nerede ne konu\u015fulmas\u0131n\u0131 bilen biriyim. Ben bir asker \u00e7ocu\u011fuyum. Ben asla TSK&#8217;y\u0131 y\u0131pratmam. Orduyu sevmek kimsenin tekelinde de\u011fildir.<!--more--><\/p>\n<p style=\"text-align: justify;\"><strong>K\u0130MSE BANA HUKUK \u00d6\u011eRETMES\u0130N<\/strong><\/p>\n<p style=\"text-align: justify;\">G\u00fcrak&#8217;\u0131n &#8220;Hukuk fak\u00fcltesi mezunu biri yarg\u0131 karar\u0131 olmadan ki\u015fileri su\u00e7layamayaca\u011f\u0131n\u0131 \u00f6\u011frenmeli&#8221; s\u00f6zlerine cevap veren Ar\u0131n\u00e7, &#8220;kimse bana hukuk \u00f6\u011fretemez&#8221; dedi.<\/p>\n<p style=\"text-align: justify;\"><strong>BEN K\u0130MSEN\u0130N EM\u0130R ER\u0130 DE\u011e\u0130L\u0130M<\/strong><\/p>\n<p style=\"text-align: justify;\">Bu a\u00e7\u0131klaman\u0131n hukukla ne ilgisi var anlamad\u0131m. Ben hukuk okudum ve avukatl\u0131k yapt\u0131m. Ben hukuku g\u00fcnl\u00fck \u00e7\u0131karlar i\u00e7in hukuku satmam, ben birilerine benzemem. Ben 27 May\u0131s&#8217;\u0131 protesto ederek Meclis&#8217;e giren ki\u015filerden de \u015fimdikidarbe \u015fak\u015fak\u00e7\u0131lar\u0131ndan da de\u011filim. Ben kimsenin emir eri de\u011filim<\/p>\n<p style=\"text-align: justify;\">Benim s\u00f6yledi\u011fim \u015fudur: Bu \u00fclkenin ordusunun g\u00f6revleri bellidir. Kime kar\u015f\u0131 sorumlu olduklar\u0131 bellidir. Biz sivil y\u00f6netim i\u00e7indeyiz. Biz askeri vesayet alt\u0131nda bir \u00fclke de\u011filiz. Demokratik bir \u00fclkeyiz. Sivilleri azarlamak ve sivillerin \u00fczerinde Demokles&#8217;in k\u0131l\u0131c\u0131 gibi olmak olmaz. TSK tertemiz \u00e7ocuklardan olu\u015fmaktad\u0131r. Onun i\u00e7in kimsenin bu kurumu y\u0131pratmaya hakk\u0131 yoktur.<\/p>\n<p style=\"text-align: justify;\"><strong>S\u0130YASET\u00c7\u0130 PASPAS DE\u011e\u0130LD\u0130R<\/strong><\/p>\n<p style=\"text-align: justify;\">Masumiyet karinesini gayet iyi biliyorum. Bir zamanlar baz\u0131 masum insanlar\u0131 fi\u015fleyenlerin kim oldu\u011funu da iyi biliyorum. Eski Genelkurmay ba\u015fkanlar\u0131ndan birinin bug\u00fcnlerde yay\u0131nlanan kasetlerinden birinde Cumhurba\u015fkanl\u0131\u011f\u0131 se\u00e7imlerine giren bir parti ba\u015fkan\u0131ndan Pez&#8230; diye ba\u015flayan bir hakaretle bahsediyor. Ayr\u0131ca baz\u0131 parlamenterlerden &#8220;Lan&#8221; diye bahsediyor. Ben bir siyaset\u00e7iyim. Siyaset\u00e7i bir paspas de\u011fildir. &#8220;Ben o ba\u015fbakana ayr\u0131l dedim ayr\u0131ld\u0131m&#8221; anlay\u0131\u015f\u0131 kabul edilemez. Ben b\u00f6yle bir \u015feyi kabul edemem. T\u00fcrk siyaset\u00e7isi cesur olmak zorundad\u0131r.<\/p>\n<p style=\"text-align: justify;\"><span style=\"color: #888888;\">Kaynak : Vatan Gazetesi<\/span><\/p>\n","protected":false},"excerpt":{"rendered":"<p style=\"text-align: center;\">\n<p style=\"text-align: justify;\">TSK- Ar\u0131n\u00e7 polemi\u011finde ikinci raund&#8230; Ar\u0131n\u00e7&#8217;tan jet yan\u0131t: &#8220;Kimse bana hukuk dersi veremez!&#8221;<\/p>\n<p style=\"text-align: justify;\">Emekli pa\u015falarla ilgili s\u00f6yledi\u011fi s\u00f6zler nedeniyle TSK&#8217;den ve Meclis Ba\u015fkan\u0131 Toptan&#8217;dan tepki g\u00f6ren B\u00fclent Ar\u0131n\u00e7 jet bir a\u00e7\u0131klama yaparak TSK&#8217;ne yan\u0131t verdi.<\/p>\n<p style=\"text-align: justify;\">\u0130\u015fte Ar\u0131n\u00e7&#8217;\u0131n reste rest yan\u0131t\u0131&#8230;<\/p>\n<p style=\"text-align: justify;\">BEN DE ASKER \u00c7OCU\u011eUYUM<\/p>\n","protected":false},"author":1,"featured_media":0,"comment_status":"open","ping_status":"closed","sticky":false,"template":"","format":"standard","meta":{"footnotes":""},"categories":[105],"tags":[],"class_list":["post-5225","post","type-post","status-publish","format-standard","hentry","category-gundem","odd"],"_links":{"self":[{"href":"http:\/\/www.korhanyilmaz.com\/index.php?rest_route=\/wp\/v2\/posts\/5225","targetHints":{"allow":["GET"]}}],"collection":[{"href":"http:\/\/www.korhanyilmaz.com\/index.php?rest_route=\/wp\/v2\/posts"}],"about":[{"href":"http:\/\/www.korhanyilmaz.com\/index.php?rest_route=\/wp\/v2\/types\/post"}],"author":[{"embeddable":true,"href":"http:\/\/www.korhanyilmaz.com\/index.php?rest_route=\/wp\/v2\/users\/1"}],"replies":[{"embeddable":true,"href":"http:\/\/www.korhanyilmaz.com\/index.php?rest_route=%2Fwp%2Fv2%2Fcomments&post=5225"}],"version-history":[{"count":0,"href":"http:\/\/www.korhanyilmaz.com\/index.php?rest_route=\/wp\/v2\/posts\/5225\/revisions"}],"wp:attachment":[{"href":"http:\/\/www.korhanyilmaz.com\/index.php?rest_route=%2Fwp%2Fv2%2Fmedia&parent=5225"}],"wp:term":[{"taxonomy":"category","embeddable":true,"href":"http:\/\/www.korhanyilmaz.com\/index.php?rest_route=%2Fwp%2Fv2%2Fcategories&post=5225"},{"taxonomy":"post_tag","embeddable":true,"href":"http:\/\/www.korhanyilmaz.com\/index.php?rest_route=%2Fwp%2Fv2%2Ftags&post=5225"}],"curies":[{"name":"wp","href":"https:\/\/api.w.org\/{rel}","templated":true}]}}