{"id":5219,"date":"2009-03-13T15:37:49","date_gmt":"2009-03-13T13:37:49","guid":{"rendered":"http:\/\/www.korhanyilmaz.com\/?p=5219"},"modified":"2009-03-13T15:37:49","modified_gmt":"2009-03-13T13:37:49","slug":"ekonomide-yeni-paket","status":"publish","type":"post","link":"http:\/\/www.korhanyilmaz.com\/?p=5219","title":{"rendered":"Ekonomide yeni paket"},"content":{"rendered":"<p style=\"text-align: center;\"><img loading=\"lazy\" decoding=\"async\" class=\"aligncenter size-full wp-image-5220\" title=\"Ekonomide yeni paket\" src=\"http:\/\/www.korhanyilmaz.com\/wp-content\/uploads\/2009\/03\/130320091650103783406.jpg\" alt=\"Ekonomide yeni paket\" width=\"376\" height=\"240\" \/><\/p>\n<p style=\"text-align: justify;\"><strong>Ba\u015fbakan Recep Tayyip Erdo\u011fan, merakla beklenen yeni paketin ayr\u0131nt\u0131lar\u0131n\u0131 a\u00e7\u0131klad\u0131.<\/strong><\/p>\n<p style=\"text-align: justify;\">Ba\u015fbakan Recep Tayyip Erdo\u011fan, Eski\u015fehir&#8217;de yeni ekonomik paketi a\u00e7\u0131klad\u0131. Buna g\u00f6re, i\u00e7 talebi canlad\u0131rmak, stoklar\u0131 eritmek i\u00e7in otomotiv ve konutta 3 ay s\u00fcreyle \u00d6TV indirimine gidilecek.<\/p>\n<p style=\"text-align: justify;\">Erdo\u011fan, S\u0131hhiye Meydan\u0131&#8217;nda kat\u0131ld\u0131\u011f\u0131 mitingde ekonomik krize kar\u015f\u0131 al\u0131nan 8 maddeden olu\u015fan \u00f6nlemleri \u015f\u00f6yle a\u00e7\u0131klad\u0131:<br \/>\n&#8220;Bu pakette hedefimiz i\u00e7 talebi art\u0131rmak, kredi ak\u0131\u015f\u0131n\u0131 sa\u011flamak ve maliyetleri daha da a\u015fa\u011f\u0131ya d\u00fc\u015f\u00fcrmek. Bak\u0131n\u0131z neler yap\u0131yoruz. Eximbank&#8217;\u0131n sermayesini 2008 y\u0131l\u0131nda yap\u0131lan 500 milyon liral\u0131k art\u0131rm\u0131na ilaveten 500 milyon daha art\u0131r\u0131yoruz. \u0130<!--more-->\u00e7 talepte durgunlu\u011fu canland\u0131rmaya y\u00f6nelik olarak t\u00fcketici kredilerin maliyetini t\u00fcm sekt\u00f6rleri kapsayacak \u015fekilde kaynak kullanma destekleme fonunu y\u00fczde 33 oran\u0131nda azalt\u0131yor ve 5 puan d\u00fc\u015f\u00fcr\u00fcyoruz. KOB\u0130&#8217;lerin d\u00fc\u015f\u00fck faizli kredi kullanmalar\u0131n\u0131 sa\u011flamak i\u00e7in b\u00fct\u00e7eden KOSGEB i\u00e7in \u00f6ng\u00fcr\u00fclen \u00f6dene\u011fe 75 milyon TL ilave yap\u0131yoruz. B\u00f6ylece 275 milyona \u00e7\u0131kar\u0131yoruz.Tar\u0131m \u00fcr\u00fcnlerini ba\u015fta olmak \u00fczere ihracatc\u0131m\u0131z\u0131 rekabat g\u00fcc\u00fcn\u00fc art\u0131r\u0131lmas\u0131 amac\u0131yla destekleme ve istikrar fiyat fonuna b\u00fct\u00e7eden ay\u0131rd\u0131\u011f\u0131m\u0131z kaynak 75 trilyon.\n<\/p>\n<p style=\"text-align: justify;\">Buna ilave ile 575 trilyona \u00e7\u0131k\u0131yor. Konut sekt\u00f6t\u00fcn\u00fcn i\u00e7inde bulundu\u011fu durgunlu\u011fu a\u015fmak i\u00e7in yeni konutlar\u0131n sat\u0131\u015f\u0131nda al\u0131nan y\u00fczde 18 KDV varya 3 ay s\u00fcreyle bu KDV&#8217;yi 8&#8217;e indiriyoruz. Ev alacaklar y\u00fczde 18 de\u011fil y\u00fczde 8 KDV \u00f6decek. D\u00fcnyada oldu\u011fu gibi \u00fclkemizde de otomotiv sekt\u00f6r\u00fc de en fazla etkilenen sekt\u00f6rlerin ba\u015f\u0131nda geliyor. \u0130\u00e7 talebi canlad\u0131rmak, stoklar\u0131 eritmek i\u00e7in firmalar elinde bulunan ara\u00e7lardan \u00d6TV&#8217;den \u00fc\u00e7 ay s\u00fcreyle indirim getiriyoruz. Bu y\u0131la mahsus olmak \u00fczere sanayide uygulanan indirimli gece tarifesini, hafta sonlar\u0131 ve di\u011fer tatil g\u00fcnlerini kapsayacak \u015fekilde geni\u015fletiyoruz. Beyaz e\u015fya ve elektronik e\u015fyada uygulanan \u00d6TV&#8217;yide \u00fc\u00e7 ay s\u00fcreyle indiriyoruz. Finans sekt\u00f6r\u00fc ve reel sekt\u00f6r kredi sekt\u00f6r\u00fcr\u00fc aras\u0131ndaki kredi ak\u0131\u015f\u0131n\u0131 iyile\u015ftirmek amac\u0131yla yeni ad\u0131mlar ataca\u011f\u0131z.&#8221;<\/p>\n<p style=\"text-align: justify;\"><strong> \u0130\u015fte \u00f6nlem paketinden \u00f6ne \u00e7\u0131kanlar<\/strong><\/p>\n<p style=\"text-align: justify;\">Otomotivde \u00d6zel T\u00fcketim Vergisi (\u00d6TV)  indiriliyor.<\/p>\n<p style=\"text-align: justify;\">Beyaz e\u015fya ve elektronik e\u015fyada \u00d6TV y\u00fczde 18&#8217;den y\u00fczde 8&#8217;e indiriliyor<\/p>\n<p style=\"text-align: justify;\">Konut al\u0131m\u0131ndan al\u0131nan KDV y\u00fczde 18&#8217;den y\u00fczde 8&#8217;e indiriliyor<\/p>\n<p style=\"text-align: justify;\">T\u00fcketici kredi maliyeti 5 puan d\u00fc\u015f\u00fcr\u00fclecek<\/p>\n<p style=\"text-align: justify;\">KOSGEB&#8217;e 75 milyon TL ek \u00f6denek verilecek<\/p>\n<p style=\"text-align: justify;\">EXIMBANK&#8217;\u0131n sermayesi 500 milyon TL art\u0131r\u0131lacak.<\/p>\n<p style=\"text-align: justify;\">Sanayide uygulanan indirimli gece tarifesinin hafta sonlar\u0131 ve di\u011fer resmi tatil g\u00fcnlerini kapsayacak \u015fekilde yayg\u0131nla\u015ft\u0131r\u0131lacak<\/p>\n<p style=\"text-align: justify;\">Kaynak Kullan\u0131m fonu 5 puan art\u0131r\u0131lacak. Ba\u015fbakan&#8217;\u0131n a\u00e7\u0131klad\u0131\u011f\u0131 paketin b\u00fcy\u00fckl\u00fc\u011f\u00fc 5.5 milyar lira<\/p>\n<p style=\"text-align: justify;\"><span style=\"color: #888888;\">Kaynak : Vatan Gazetesi<\/span><\/p>\n","protected":false},"excerpt":{"rendered":"<p style=\"text-align: center;\">\n<p style=\"text-align: justify;\">Ba\u015fbakan Recep Tayyip Erdo\u011fan, merakla beklenen yeni paketin ayr\u0131nt\u0131lar\u0131n\u0131 a\u00e7\u0131klad\u0131.<\/p>\n<p style=\"text-align: justify;\">Ba\u015fbakan Recep Tayyip Erdo\u011fan, Eski\u015fehir&#8217;de yeni ekonomik paketi a\u00e7\u0131klad\u0131. Buna g\u00f6re, i\u00e7 talebi canlad\u0131rmak, stoklar\u0131 eritmek i\u00e7in otomotiv ve konutta 3 ay s\u00fcreyle \u00d6TV indirimine gidilecek.<\/p>\n<p style=\"text-align: justify;\">Erdo\u011fan, S\u0131hhiye Meydan\u0131&#8217;nda kat\u0131ld\u0131\u011f\u0131 mitingde ekonomik krize kar\u015f\u0131 al\u0131nan 8 <\/p>\n","protected":false},"author":1,"featured_media":0,"comment_status":"open","ping_status":"closed","sticky":false,"template":"","format":"standard","meta":{"footnotes":""},"categories":[105],"tags":[],"class_list":["post-5219","post","type-post","status-publish","format-standard","hentry","category-gundem","odd"],"_links":{"self":[{"href":"http:\/\/www.korhanyilmaz.com\/index.php?rest_route=\/wp\/v2\/posts\/5219","targetHints":{"allow":["GET"]}}],"collection":[{"href":"http:\/\/www.korhanyilmaz.com\/index.php?rest_route=\/wp\/v2\/posts"}],"about":[{"href":"http:\/\/www.korhanyilmaz.com\/index.php?rest_route=\/wp\/v2\/types\/post"}],"author":[{"embeddable":true,"href":"http:\/\/www.korhanyilmaz.com\/index.php?rest_route=\/wp\/v2\/users\/1"}],"replies":[{"embeddable":true,"href":"http:\/\/www.korhanyilmaz.com\/index.php?rest_route=%2Fwp%2Fv2%2Fcomments&post=5219"}],"version-history":[{"count":0,"href":"http:\/\/www.korhanyilmaz.com\/index.php?rest_route=\/wp\/v2\/posts\/5219\/revisions"}],"wp:attachment":[{"href":"http:\/\/www.korhanyilmaz.com\/index.php?rest_route=%2Fwp%2Fv2%2Fmedia&parent=5219"}],"wp:term":[{"taxonomy":"category","embeddable":true,"href":"http:\/\/www.korhanyilmaz.com\/index.php?rest_route=%2Fwp%2Fv2%2Fcategories&post=5219"},{"taxonomy":"post_tag","embeddable":true,"href":"http:\/\/www.korhanyilmaz.com\/index.php?rest_route=%2Fwp%2Fv2%2Ftags&post=5219"}],"curies":[{"name":"wp","href":"https:\/\/api.w.org\/{rel}","templated":true}]}}