{"id":52180,"date":"2012-06-04T08:02:00","date_gmt":"2012-06-04T05:02:00","guid":{"rendered":"http:\/\/www.korhanyilmaz.com\/?p=52180"},"modified":"2012-06-04T09:09:14","modified_gmt":"2012-06-04T06:09:14","slug":"olmusuz-haberimiz-yok","status":"publish","type":"post","link":"http:\/\/www.korhanyilmaz.com\/?p=52180","title":{"rendered":"\u00d6lm\u00fc\u015f\u00fcz haberimiz yok"},"content":{"rendered":"<div id=\"attachment_44328\" style=\"width: 85px\" class=\"wp-caption alignright\"><img loading=\"lazy\" decoding=\"async\" aria-describedby=\"caption-attachment-44328\" class=\" wp-image-44328 \" title=\"Mehmet Tezkan - Milliyet Gazetesi\" src=\"http:\/\/www.korhanyilmaz.com\/wp-content\/uploads\/2011\/12\/8632.jpg\" alt=\"\" width=\"75\" height=\"98\" \/><p id=\"caption-attachment-44328\" class=\"wp-caption-text\">Mehmet Tezkan<\/p><\/div>\n<p style=\"text-align: justify;\">Bir \u00fclke d\u00fc\u015f\u00fcn\u00fcn.. \u00dclkenin en \u00f6nemli meselesi i\u00e7in.. Ana muhalefet lideri, tek ba\u015f\u0131na iktidar olan partinin liderinden randevu istiyor..<\/p>\n<p style=\"text-align: justify;\">30 y\u0131ld\u0131r g\u00f6zya\u015f\u0131 d\u00f6kt\u00fc\u011f\u00fcm\u00fcz konuda..<\/p>\n<p style=\"text-align: justify;\">30 bin, belki de 40 bin ki\u015finin \u00f6ld\u00fc\u011f\u00fc meselede..<\/p>\n<p style=\"text-align: justify;\">Muhalefet lideri akan kan\u0131 durdurmak yolunda \u00e7\u00f6z\u00fcm plan\u0131m var diyor; memlekette yaprak k\u0131m\u0131ldam\u0131yor..<\/p>\n<p style=\"text-align: justify;\">Heyecan f\u0131rt\u0131nas\u0131 esmiyor..<\/p>\n<p style=\"text-align: justify;\">Medya b\u00fcy\u00fctm\u00fcyor, \u00f6nemsemiyor..<\/p>\n<p style=\"text-align: justify;\">S\u0131radan bir i\u015fmi\u015f gibi davran\u0131yor..<!--more--><\/p>\n<p style=\"text-align: justify;\">Bir \u00fclkenin ba\u015f\u0131na gelebilecek en k\u00f6t\u00fc durum bu durumdur..<\/p>\n<p style=\"text-align: justify;\">\u0130nanc\u0131n yok olmas\u0131..<\/p>\n<p style=\"text-align: justify;\">*<\/p>\n<p style=\"text-align: justify;\">Ter\u00f6r\u00fcn bitece\u011fine inan\u00e7 olsa..<\/p>\n<p style=\"text-align: justify;\">\u0130ktidarla muhalefetin anla\u015faca\u011f\u0131na inan\u00e7 olsa..<\/p>\n<p style=\"text-align: justify;\">Demokrasiyle ba\u015faraca\u011f\u0131m\u0131za inan\u00e7 olsa..<\/p>\n<p style=\"text-align: justify;\">\u0130nsan haklar\u0131 ve \u00f6zg\u00fcrl\u00fcklerin bayrak yap\u0131laca\u011f\u0131na inan\u00e7 olsa..<\/p>\n<p style=\"text-align: justify;\">\u0130klim de\u011fi\u015fir Akdeniz olurdu..<\/p>\n<p style=\"text-align: justify;\">G\u00fcl\u00fcmserdik..<\/p>\n<p style=\"text-align: justify;\">Karamsar\u0131z..<\/p>\n<p style=\"text-align: justify;\">*<\/p>\n<p style=\"text-align: justify;\">Niye mi?<\/p>\n<p style=\"text-align: justify;\">\u00c7\u00fcnk\u00fc siyasetin sosyolojisi, siyasetin felsefesi, siyasetin tarihi bize \u015funu s\u00f6yl\u00fcyor..<\/p>\n<p style=\"text-align: justify;\">Bir \u00fclkede, iktidarla ana muhalefet anla\u015ft\u0131\u011f\u0131 zaman hi\u00e7bir f\u0131rt\u0131na o \u00fclkenin yolculu\u011funu engelleyemez..<\/p>\n<p style=\"text-align: justify;\">Hi\u00e7 bir dalga limandan \u00e7\u0131k\u0131\u015f\u0131n \u00f6n\u00fcne set \u00e7ekemez.. Rotay\u0131 sapt\u0131ramaz, hedefi de\u011fi\u015ftiremez..<\/p>\n<p style=\"text-align: justify;\">T\u00fcrkiye\u2019nin \u00f6n\u00fcnde b\u00f6yle bir f\u0131rsat var..<\/p>\n<p style=\"text-align: justify;\">Kim ne derse desin, AKP ile CHP anla\u015fmadan, MHP ile BDP\u2019yi oyuna katmadan K\u00fcrt meselesi \u00e7\u00f6z\u00fclmez..<\/p>\n<p style=\"text-align: justify;\">Denedik, ya\u015fad\u0131k, g\u00f6rd\u00fck..<\/p>\n<p style=\"text-align: justify;\">AKP tek ba\u015f\u0131na a\u00e7\u0131l\u0131m yapt\u0131; Habur skandal\u0131yla panikledi.. Rakiplerim bu durumu tepe tepe kullan\u0131r diye geri ad\u0131m att\u0131..<\/p>\n<p style=\"text-align: justify;\">*<\/p>\n<p style=\"text-align: justify;\">Bulu\u015facaklar ama..<\/p>\n<p style=\"text-align: justify;\">Ana muhalefet lideri de umutsuz..<\/p>\n<p style=\"text-align: justify;\">\u0130ktidar lideri de umutsuz..<\/p>\n<p style=\"text-align: justify;\">Asl\u0131nda T\u00fcrkiye umutsuz..<\/p>\n<p style=\"text-align: justify;\">En \u00f6nemli konuda, can\u0131m\u0131z\u0131n tak dedi\u011fi konuda; el ele verirseler meseleyi k\u00f6kten \u00e7\u00f6zebilecek olan iki lider iki g\u00fcn sonra bula\u015facak..<\/p>\n<p style=\"text-align: justify;\">En k\u00fc\u00e7\u00fck bi heyecan yok..<\/p>\n<p style=\"text-align: justify;\">En k\u00fc\u00e7\u00fck bi umut \u0131\u015f\u0131\u011f\u0131 da yok..<\/p>\n<p style=\"text-align: justify;\">*<\/p>\n<p style=\"text-align: justify;\">Bu duruma ne diyeyim; \u00f6lm\u00fc\u015f\u00fcz a\u011flayan\u0131m\u0131z yok..<\/p>\n<p style=\"text-align: justify;\">Veya haberimiz yok!<\/p>\n<p style=\"text-align: justify;\"><span style=\"color: #993300;\"><strong>De\u011fi\u015fen bi \u015fey yok d\u00fcn G\u00f6kalp bug\u00fcn Hayyam!..<\/strong><\/span><\/p>\n<p style=\"text-align: justify;\">28 \u015eubat s\u00fcreciydi.. Ba\u015fbakan Siirt\u2019te Ziya G\u00f6kalp\u2019in \u015fiirini okudu..<\/p>\n<p style=\"text-align: justify;\">Minareler s\u00fcng\u00fcm\u00fcz, kubbeler mi\u011ffer, camiler k\u0131\u015flam\u0131z, m\u00fcminler asker dedi..<\/p>\n<p style=\"text-align: justify;\">\u0130stanbul Belediye Ba\u015fkanl\u0131\u011f\u0131\u2019ndan al\u0131nd\u0131..<\/p>\n<p style=\"text-align: justify;\">Yetmedi..<\/p>\n<p style=\"text-align: justify;\">D\u00f6rt ay hapse at\u0131ld\u0131.. Kimse i\u00e7ine sindiremedi.. Hat\u0131rlay\u0131n; \u0130stanbul\u2019da ara\u00e7lar\u0131n arka cam\u0131na..<\/p>\n<p style=\"text-align: justify;\">O \u015fimdi mahkum yaz\u0131ld\u0131..<\/p>\n<p style=\"text-align: justify;\">Aradan 14 y\u0131l ge\u00e7ti.. Post modern darbe yapt\u0131\u011f\u0131 iddia edilenler tutukland\u0131.. Yarg\u0131lanmay\u0131 bekliyorlar..<\/p>\n<p style=\"text-align: justify;\">*<\/p>\n<p style=\"text-align: justify;\">\u0130leri demokrasiye ge\u00e7ti\u011fimiz \u015fu d\u00f6nemde post modern darbe g\u00fcnlerini aratmayacak bi olay ya\u015fand\u0131..<\/p>\n<p style=\"text-align: justify;\">Faz\u0131l Say, Hayyam\u2019\u0131n dizelerini twitter mesaj\u0131yla g\u00f6nderdi\u011fi i\u00e7in 1.5 y\u0131l hapis istemiyle yarg\u0131lanacak..<\/p>\n<p style=\"text-align: justify;\">Hayyam\u2019\u0131n \u015fiiri bin ya\u015f\u0131nda..<\/p>\n<p style=\"text-align: justify;\">Irmaklar\u0131ndan \u015farap akacak diyorsun<\/p>\n<p style=\"text-align: justify;\">Cennet-i ala meyhane midir diye ba\u015fl\u0131yor..<\/p>\n<p style=\"text-align: justify;\">*<\/p>\n<p style=\"text-align: justify;\">Demem \u015fu.. Memlekette de\u011fi\u015fen bir \u015fey yok.. D\u00fcn Ziya G\u00f6kalp\u2019in \u015fiirini okumak su\u00e7tu; bug\u00fcn \u00d6mer Hayyam\u2019\u0131n..<\/p>\n<p style=\"text-align: justify;\"><strong><span style=\"color: #993300;\">Volkan Demirel\u2019e alk\u0131\u015f ay\u0131p..<\/span><\/strong><\/p>\n<p style=\"text-align: justify;\">Bu konuda sertim, kat\u0131y\u0131m, tutucuyum..<\/p>\n<p style=\"text-align: justify;\">Ben olsam b\u0131rak\u0131n tak\u0131ma koymay\u0131 Milli Tak\u0131m kamp kadrosundan an\u0131nda atard\u0131m..<\/p>\n<p style=\"text-align: justify;\">Atmad\u0131lar.. \u0130\u015fte o an; \u00e7\u0131kar, spor ahlak\u0131n\u0131n \u00f6n\u00fcne ge\u00e7ti..<\/p>\n<p style=\"text-align: justify;\">Spor ahlak\u0131 gazoz oldu..<\/p>\n<p style=\"text-align: justify;\">Emre i\u00e7in de benzer \u015feyleri yazd\u0131m.. T\u0131nlayan olmad\u0131.. Ad\u0131m \u0131rk\u00e7\u0131.. Siyah tenlileri insandan saym\u0131yor, siyah tenli olduklar\u0131 i\u00e7in hakaret ediyor..<\/p>\n<p style=\"text-align: justify;\">Milli tak\u0131mda ne i\u015fi var!..<\/p>\n<p style=\"text-align: justify;\">*<\/p>\n<p style=\"text-align: justify;\">D\u00f6nelim Volkan\u2019a.. Hadi milli tak\u0131m\u0131n sorumlusu tak\u0131ma ald\u0131, forma verdi diyelim.. Gazeteci, yazar \u00e7izer arkada\u015flara ne oluyor..<\/p>\n<p style=\"text-align: justify;\">\u0130ki top kurtard\u0131, penalt\u0131 \u00e7\u0131kard\u0131 diye neredeyse y\u00fcz\u00fcn\u00fc, g\u00f6z\u00fcn\u00fc \u00f6pecekler..<\/p>\n<p style=\"text-align: justify;\">\u00d6nemli bir futbol adam\u0131; Volkan\u2019a ne kadar \u00f6vg\u00fcler ya\u011fd\u0131rsak azd\u0131r diye yazm\u0131\u015f.. \u00d6vg\u00fcler ya\u011fd\u0131rd\u0131\u011f\u0131 ki\u015fi; bir hafta \u00f6nce gazeteci arkada\u015f\u0131m\u0131za \u2018seni evden ald\u0131r\u0131r\u0131m\u2019 diye ba\u011f\u0131ran ki\u015fi..<\/p>\n<p style=\"text-align: justify;\">Tabire bakar m\u0131s\u0131n\u0131z?<\/p>\n<p style=\"text-align: justify;\">Seni evden ald\u0131r\u0131r\u0131m..<\/p>\n<p style=\"text-align: justify;\">Mafya a\u011fz\u0131.. Gazeteci arkada\u015f\u0131m\u0131z\u0131 evden ald\u0131rsayd\u0131 ne yapacakt\u0131?<\/p>\n<p style=\"text-align: justify;\">Bi temiz!!..<\/p>\n<p style=\"text-align: justify;\">Spor yazar\u0131 arkada\u015flar\u0131m, alk\u0131\u015flad\u0131\u011f\u0131n\u0131z sahip \u00e7\u0131kt\u0131\u011f\u0131n\u0131z adama iyi bak\u0131n.. O adama \u00f6vg\u00fcler d\u00fczerek harcad\u0131\u011f\u0131n\u0131z meslekta\u015f\u0131n\u0131za da..<\/p>\n<p style=\"text-align: justify;\">Bi d\u00fc\u015f\u00fcn\u00fcn..<\/p>\n<p style=\"text-align: justify;\"><a href=\"http:\/\/gundem.milliyet.com.tr\/olmusuz-haberimiz-yok\/gundem\/gundemyazardetay\/04.06.2012\/1548868\/default.htm\" target=\"_blank\">Kaynak : Milliyet.com.tr<\/a><\/p>\n","protected":false},"excerpt":{"rendered":"<p id=\"caption-attachment-44328\" class=\"wp-caption-text\">Mehmet Tezkan<\/p>\n<p style=\"text-align: justify;\">Bir \u00fclke d\u00fc\u015f\u00fcn\u00fcn.. \u00dclkenin en \u00f6nemli meselesi i\u00e7in.. Ana muhalefet lideri, tek ba\u015f\u0131na iktidar olan partinin liderinden randevu istiyor..<\/p>\n<p style=\"text-align: justify;\">30 y\u0131ld\u0131r g\u00f6zya\u015f\u0131 d\u00f6kt\u00fc\u011f\u00fcm\u00fcz konuda..<\/p>\n<p style=\"text-align: justify;\">30 bin, belki de 40 bin ki\u015finin \u00f6ld\u00fc\u011f\u00fc meselede..<\/p>\n<p style=\"text-align: justify;\">Muhalefet lideri akan kan\u0131 durdurmak yolunda \u00e7\u00f6z\u00fcm plan\u0131m var diyor; <\/p>\n","protected":false},"author":1,"featured_media":0,"comment_status":"open","ping_status":"open","sticky":false,"template":"","format":"standard","meta":{"footnotes":""},"categories":[16],"tags":[561],"class_list":["post-52180","post","type-post","status-publish","format-standard","hentry","category-kose-yazilari","tag-mehmet-tezkan","odd"],"_links":{"self":[{"href":"http:\/\/www.korhanyilmaz.com\/index.php?rest_route=\/wp\/v2\/posts\/52180","targetHints":{"allow":["GET"]}}],"collection":[{"href":"http:\/\/www.korhanyilmaz.com\/index.php?rest_route=\/wp\/v2\/posts"}],"about":[{"href":"http:\/\/www.korhanyilmaz.com\/index.php?rest_route=\/wp\/v2\/types\/post"}],"author":[{"embeddable":true,"href":"http:\/\/www.korhanyilmaz.com\/index.php?rest_route=\/wp\/v2\/users\/1"}],"replies":[{"embeddable":true,"href":"http:\/\/www.korhanyilmaz.com\/index.php?rest_route=%2Fwp%2Fv2%2Fcomments&post=52180"}],"version-history":[{"count":0,"href":"http:\/\/www.korhanyilmaz.com\/index.php?rest_route=\/wp\/v2\/posts\/52180\/revisions"}],"wp:attachment":[{"href":"http:\/\/www.korhanyilmaz.com\/index.php?rest_route=%2Fwp%2Fv2%2Fmedia&parent=52180"}],"wp:term":[{"taxonomy":"category","embeddable":true,"href":"http:\/\/www.korhanyilmaz.com\/index.php?rest_route=%2Fwp%2Fv2%2Fcategories&post=52180"},{"taxonomy":"post_tag","embeddable":true,"href":"http:\/\/www.korhanyilmaz.com\/index.php?rest_route=%2Fwp%2Fv2%2Ftags&post=52180"}],"curies":[{"name":"wp","href":"https:\/\/api.w.org\/{rel}","templated":true}]}}