{"id":52166,"date":"2012-06-04T00:12:46","date_gmt":"2012-06-03T21:12:46","guid":{"rendered":"http:\/\/www.korhanyilmaz.com\/?p=52166"},"modified":"2012-06-04T08:32:47","modified_gmt":"2012-06-04T05:32:47","slug":"malikinin-dusurulmesi-icin-gerekli-imza-toplandi","status":"publish","type":"post","link":"http:\/\/www.korhanyilmaz.com\/?p=52166","title":{"rendered":"Maliki&#8217;nin d\u00fc\u015f\u00fcr\u00fclmesi i\u00e7in gerekli imza topland\u0131"},"content":{"rendered":"<p style=\"text-align: center;\"><a href=\"http:\/\/www.korhanyilmaz.com\/wp-content\/uploads\/2012\/06\/F3005.jpg\"  class=\"lightview\"><img loading=\"lazy\" decoding=\"async\" class=\"aligncenter  wp-image-52167\" src=\"http:\/\/www.korhanyilmaz.com\/wp-content\/uploads\/2012\/06\/F3005.jpg\" alt=\"\" width=\"306\" height=\"234\" \/><\/a><\/p>\n<p style=\"text-align: justify;\">Irak&#8217;ta Maliki h\u00fck\u00fcmetinin d\u00fc\u015f\u00fcr\u00fclmesi i\u00e7in gerekli 172 milletvekili imzas\u0131n\u0131n topland\u0131\u011f\u0131 belirtildi.<\/p>\n<p style=\"text-align: justify;\">\u0130mzalar\u0131n, Cumhurba\u015fkan\u0131 Celal Talabani taraf\u0131ndan Meclis Ba\u015fkan\u0131 Usame en-Nuceyfi&#8217;ye iletilece\u011fi bildirildi.<\/p>\n<p style=\"text-align: justify;\"><strong>Sadr&#8217;dan sert a\u00e7\u0131klama\u00a0<\/strong><\/p>\n<p style=\"text-align: justify;\">Bu arada, Irakl\u0131 \u015eii lider Mukteda Sadr, il genel meclislerinin, Maliki&#8217;den g\u00fcven oyunun al\u0131nmas\u0131 durumunda g\u00fcneyde ba\u011f\u0131ms\u0131z bir devlet olu\u015fturulaca\u011f\u0131 a\u00e7\u0131klamas\u0131na sert \u00e7\u0131kt\u0131.\u00a0<!--more--><\/p>\n<p style=\"text-align: justify;\">Sadr, &#8220;Irak&#8217;\u0131n birli\u011fi Maliki&#8217;nin \u015fahsiyetinden daha \u00f6nemlidir&#8221; dedi.<\/p>\n<p style=\"text-align: justify;\">Sadr hareketinin resmi internet sitesinde yer alan habere g\u00f6re, Basra il Meclis Ba\u015fkan\u0131 el-Bezzunu, Irak Ba\u015fbakan\u0131 Nuri El Maliki&#8217;den g\u00fcven oyunun al\u0131nmas\u0131 durumunda g\u00fcneyde ba\u011f\u0131ms\u0131z bir y\u00f6netim kuracaklar\u0131n\u0131 ifade etti.<\/p>\n<p style=\"text-align: justify;\">Mukteda Sadr, a\u00e7\u0131klamaya kendi sitesinden verdi\u011fi cevapta, &#8220;Irak&#8217;\u0131n birli\u011finin Maliki&#8217;nin \u015fahsiyetinden daha \u00f6nemli oldu\u011funu&#8221; ifade etti. Konunun siyasi oldu\u011funu belirten Sadr, halk\u0131n siyasi \u00e7at\u0131\u015fmalara alet edilmemesi ve tansiyonu y\u00fckseltecek a\u00e7\u0131klamalardan uzak durulmas\u0131 gerekti\u011fini kaydetti.<\/p>\n<p style=\"text-align: justify;\">Maliki&#8217;den g\u00fcven oyunun \u00e7ekilmek istenmesinin nedenini, h\u00fck\u00fcmete reformlar noktas\u0131nda bask\u0131 kurmak oldu\u011funu ifade eden Mukteda Sadr, &#8220;Bu olaydan \u00e7\u0131kar sa\u011flamak isteyenler bunu bir sava\u015f olarak g\u00f6stermek istiyor&#8221; de\u011ferlendirmesinde bulundu.<\/p>\n<p style=\"text-align: justify;\">Siyasi alanda \u00e7\u00f6z\u00fclmesi gereken bir konunun halk\u0131 tahrik etmek i\u00e7in kullan\u0131lmamas\u0131 gerekti\u011fini kaydeden Sadr, &#8220;Kimsenin \u00e7\u0131kar\u0131 vatan\u0131n \u00e7\u0131kar\u0131n\u0131n \u00f6n\u00fcne ge\u00e7memeli&#8221; ifadesini kulland\u0131.<\/p>\n<p style=\"text-align: justify;\"><a href=\"http:\/\/www.cnnturk.com\/2012\/dunya\/06\/03\/malikinin.dusurulmesi.icin.gerekli.imza.toplandi\/663589.0\/index.html\" target=\"_blank\">Kaynak : CNN T\u00dcRK<\/a><\/p>\n","protected":false},"excerpt":{"rendered":"<p style=\"text-align: center;\">\n<p style=\"text-align: justify;\">Irak&#8217;ta Maliki h\u00fck\u00fcmetinin d\u00fc\u015f\u00fcr\u00fclmesi i\u00e7in gerekli 172 milletvekili imzas\u0131n\u0131n topland\u0131\u011f\u0131 belirtildi.<\/p>\n<p style=\"text-align: justify;\">\u0130mzalar\u0131n, Cumhurba\u015fkan\u0131 Celal Talabani taraf\u0131ndan Meclis Ba\u015fkan\u0131 Usame en-Nuceyfi&#8217;ye iletilece\u011fi bildirildi.<\/p>\n<p style=\"text-align: justify;\">Sadr&#8217;dan sert a\u00e7\u0131klama <\/p>\n<p style=\"text-align: justify;\">Bu arada, Irakl\u0131 \u015eii lider Mukteda Sadr, il genel meclislerinin, Maliki&#8217;den g\u00fcven oyunun al\u0131nmas\u0131 durumunda g\u00fcneyde ba\u011f\u0131ms\u0131z bir <\/p>\n","protected":false},"author":1,"featured_media":0,"comment_status":"open","ping_status":"open","sticky":false,"template":"","format":"standard","meta":{"footnotes":""},"categories":[3],"tags":[],"class_list":["post-52166","post","type-post","status-publish","format-standard","hentry","category-dunya","odd"],"_links":{"self":[{"href":"http:\/\/www.korhanyilmaz.com\/index.php?rest_route=\/wp\/v2\/posts\/52166","targetHints":{"allow":["GET"]}}],"collection":[{"href":"http:\/\/www.korhanyilmaz.com\/index.php?rest_route=\/wp\/v2\/posts"}],"about":[{"href":"http:\/\/www.korhanyilmaz.com\/index.php?rest_route=\/wp\/v2\/types\/post"}],"author":[{"embeddable":true,"href":"http:\/\/www.korhanyilmaz.com\/index.php?rest_route=\/wp\/v2\/users\/1"}],"replies":[{"embeddable":true,"href":"http:\/\/www.korhanyilmaz.com\/index.php?rest_route=%2Fwp%2Fv2%2Fcomments&post=52166"}],"version-history":[{"count":0,"href":"http:\/\/www.korhanyilmaz.com\/index.php?rest_route=\/wp\/v2\/posts\/52166\/revisions"}],"wp:attachment":[{"href":"http:\/\/www.korhanyilmaz.com\/index.php?rest_route=%2Fwp%2Fv2%2Fmedia&parent=52166"}],"wp:term":[{"taxonomy":"category","embeddable":true,"href":"http:\/\/www.korhanyilmaz.com\/index.php?rest_route=%2Fwp%2Fv2%2Fcategories&post=52166"},{"taxonomy":"post_tag","embeddable":true,"href":"http:\/\/www.korhanyilmaz.com\/index.php?rest_route=%2Fwp%2Fv2%2Ftags&post=52166"}],"curies":[{"name":"wp","href":"https:\/\/api.w.org\/{rel}","templated":true}]}}