{"id":52151,"date":"2012-06-03T23:48:45","date_gmt":"2012-06-03T20:48:45","guid":{"rendered":"http:\/\/www.korhanyilmaz.com\/?p=52151"},"modified":"2012-06-04T08:17:37","modified_gmt":"2012-06-04T05:17:37","slug":"yolcu-ucagi-binaya-carpti-153-olu","status":"publish","type":"post","link":"http:\/\/www.korhanyilmaz.com\/?p=52151","title":{"rendered":"Yolcu u\u00e7a\u011f\u0131 binaya \u00e7arpt\u0131: 153 \u00f6l\u00fc"},"content":{"rendered":"<p style=\"text-align: justify;\"><a href=\"http:\/\/www.korhanyilmaz.com\/wp-content\/uploads\/2012\/06\/F3000.jpg\"  class=\"lightview\"><img loading=\"lazy\" decoding=\"async\" class=\"aligncenter size-full wp-image-52152\" title=\"\" src=\"http:\/\/www.korhanyilmaz.com\/wp-content\/uploads\/2012\/06\/F3000.jpg\" alt=\"\" width=\"292\" height=\"224\" \/><\/a><\/p>\n<p style=\"text-align: justify;\">Nijerya&#8217;n\u0131n Lagos kentinde bir yolcu u\u00e7a\u011f\u0131 iki katl\u0131 binaya \u00e7arpt\u0131. U\u00e7aktaki 153 ki\u015fi ya\u015fam\u0131n\u0131 yitirdi.<\/p>\n<p style=\"text-align: justify;\">Nijeryal\u0131 sivil havac\u0131l\u0131k yetkilisi Harold Denuren, kazada Dana Havayolu \u015firketine ait yolcu u\u00e7a\u011f\u0131ndan kurtulan olmad\u0131\u011f\u0131n\u0131 belirtti.<\/p>\n<p style=\"text-align: justify;\">Lagos yerel h\u00fck\u00fcmeti ise u\u00e7akta 153 ki\u015finin bulundu\u011funu a\u00e7\u0131klad\u0131.<\/p>\n<p style=\"text-align: justify;\">Lagos Uluslararas\u0131 Havaalan\u0131, Bat\u0131 Afrika&#8217;n\u0131n en b\u00fcy\u00fck aktarma merkezi olarak g\u00f6r\u00fcl\u00fcyor. 2009 y\u0131l\u0131nda Lagos Havaalan\u0131&#8217;ndan 2,3 milyon yolcunun ge\u00e7ti\u011fi belirtiliyor.\u00a0<!--more--><\/p>\n<p style=\"text-align: justify;\"><strong>3 g\u00fcn yas ilan edildi\u00a0<\/strong><\/p>\n<p style=\"text-align: justify;\">Bu arada, kazadan sonra Devlet Ba\u015fkan\u0131 Goodluck Jonathan, \u00fc\u00e7 g\u00fcnl\u00fck yas ilan etti.<\/p>\n<p style=\"text-align: justify;\">BBC&#8217;nin haberinde, Devlet Ba\u015fkan\u0131 Jonathan&#8217;\u0131n, kazan\u0131n, &#8220;olabildi\u011fince kapsaml\u0131&#8221; soru\u015fturulmas\u0131 emrini de verdi\u011fi bildirildi.<\/p>\n<p style=\"text-align: justify;\">Bu arada yetkililer, u\u00e7a\u011f\u0131n Lagos&#8217;a gitmek \u00fczere ba\u015fkent Abuja&#8217;dan hareket etti\u011fini duyurdu.<\/p>\n<p style=\"text-align: justify;\">Daha \u00f6nce yolcu u\u00e7a\u011f\u0131n\u0131n, Lagos&#8217;dan ba\u015fkent Abuja&#8217;ya gitti\u011fi ve kazan\u0131n kalk\u0131\u015ftan k\u0131sa bir s\u00fcre sonra meydana geldi\u011fi bildirilmi\u015fti.<\/p>\n<p style=\"text-align: justify;\">Lagos emniyetinin s\u00f6zc\u00fcs\u00fc Joseph Jaiyeoba, kazan\u0131n, Lagos Havaalan\u0131&#8217;n\u0131n kuzeyinde, kalabal\u0131k \u0130ju semtinde meydana geldi\u011fini belirtirken, Nijerya Ulusal Acil Durum Dairesi S\u00f6zc\u00fcs\u00fc Yu\u015fau \u015euaib, u\u00e7a\u011f\u0131n \u00e7arpt\u0131\u011f\u0131 bina ve civar\u0131nda da hayat\u0131n\u0131 kaybedenlerin olabilece\u011fini, \u00f6l\u00fc say\u0131s\u0131n\u0131n artabilece\u011fini kaydetti.<\/p>\n<p style=\"text-align: justify;\"><a href=\"http:\/\/www.cnnturk.com\/2012\/dunya\/06\/03\/yolcu.ucagi.binaya.carpti.153.olu\/663561.0\/index.html\" target=\"_blank\">Kaynak : CNN T\u00dcRK<\/a><\/p>\n","protected":false},"excerpt":{"rendered":"<p style=\"text-align: justify;\">\n<p style=\"text-align: justify;\">Nijerya&#8217;n\u0131n Lagos kentinde bir yolcu u\u00e7a\u011f\u0131 iki katl\u0131 binaya \u00e7arpt\u0131. U\u00e7aktaki 153 ki\u015fi ya\u015fam\u0131n\u0131 yitirdi.<\/p>\n<p style=\"text-align: justify;\">Nijeryal\u0131 sivil havac\u0131l\u0131k yetkilisi Harold Denuren, kazada Dana Havayolu \u015firketine ait yolcu u\u00e7a\u011f\u0131ndan kurtulan olmad\u0131\u011f\u0131n\u0131 belirtti.<\/p>\n<p style=\"text-align: justify;\">Lagos yerel h\u00fck\u00fcmeti ise u\u00e7akta 153 ki\u015finin bulundu\u011funu a\u00e7\u0131klad\u0131.<\/p>\n<p style=\"text-align: justify;\">Lagos Uluslararas\u0131 Havaalan\u0131, Bat\u0131 <\/p>\n","protected":false},"author":1,"featured_media":0,"comment_status":"open","ping_status":"open","sticky":false,"template":"","format":"standard","meta":{"footnotes":""},"categories":[3],"tags":[],"class_list":["post-52151","post","type-post","status-publish","format-standard","hentry","category-dunya","odd"],"_links":{"self":[{"href":"http:\/\/www.korhanyilmaz.com\/index.php?rest_route=\/wp\/v2\/posts\/52151","targetHints":{"allow":["GET"]}}],"collection":[{"href":"http:\/\/www.korhanyilmaz.com\/index.php?rest_route=\/wp\/v2\/posts"}],"about":[{"href":"http:\/\/www.korhanyilmaz.com\/index.php?rest_route=\/wp\/v2\/types\/post"}],"author":[{"embeddable":true,"href":"http:\/\/www.korhanyilmaz.com\/index.php?rest_route=\/wp\/v2\/users\/1"}],"replies":[{"embeddable":true,"href":"http:\/\/www.korhanyilmaz.com\/index.php?rest_route=%2Fwp%2Fv2%2Fcomments&post=52151"}],"version-history":[{"count":0,"href":"http:\/\/www.korhanyilmaz.com\/index.php?rest_route=\/wp\/v2\/posts\/52151\/revisions"}],"wp:attachment":[{"href":"http:\/\/www.korhanyilmaz.com\/index.php?rest_route=%2Fwp%2Fv2%2Fmedia&parent=52151"}],"wp:term":[{"taxonomy":"category","embeddable":true,"href":"http:\/\/www.korhanyilmaz.com\/index.php?rest_route=%2Fwp%2Fv2%2Fcategories&post=52151"},{"taxonomy":"post_tag","embeddable":true,"href":"http:\/\/www.korhanyilmaz.com\/index.php?rest_route=%2Fwp%2Fv2%2Ftags&post=52151"}],"curies":[{"name":"wp","href":"https:\/\/api.w.org\/{rel}","templated":true}]}}