{"id":5207,"date":"2009-03-13T15:21:40","date_gmt":"2009-03-13T13:21:40","guid":{"rendered":"http:\/\/www.korhanyilmaz.com\/?p=5207"},"modified":"2009-03-13T15:21:40","modified_gmt":"2009-03-13T13:21:40","slug":"yakalama-emri-cikti","status":"publish","type":"post","link":"http:\/\/www.korhanyilmaz.com\/?p=5207","title":{"rendered":"Yakalama emri \u00e7\u0131kt\u0131"},"content":{"rendered":"<p style=\"text-align: center;\"><img loading=\"lazy\" decoding=\"async\" class=\"aligncenter size-full wp-image-5208\" title=\"AKP Bal\u0131kesir eski milletvekili Turhan \u00c7\u00f6mez \" src=\"http:\/\/www.korhanyilmaz.com\/wp-content\/uploads\/2009\/03\/turhancomez.jpg\" alt=\"AKP Bal\u0131kesir eski milletvekili Turhan \u00c7\u00f6mez \" width=\"288\" height=\"230\" \/><\/p>\n<p><strong>AKP Bal\u0131kesir eski milletvekili Turhan \u00c7\u00f6mez hakk\u0131nda yakalama emri \u00e7\u0131kart\u0131ld\u0131.<\/strong><\/p>\n<p style=\"text-align: justify;\">Ergenekon soru\u015fturmas\u0131n\u0131 y\u00fcr\u00fcten savc\u0131lar taraf\u0131ndan haz\u0131rlanan 1909 sayfal\u0131k iddianemeye ili\u015fkin detaylar yava\u015f yava\u015f ortaya \u00e7\u0131k\u0131yor. \u0130stanbul 13&#8217;\u00fcnc\u00fc A\u011f\u0131r Ceza Mahkemesi&#8217;ne sunulan iddianamede \u015f\u00fcpheliler aras\u0131nda Anayasa Mahkemesi Ba\u015fkan Vekili Osman Paks\u00fct&#8217;\u00fcn e\u015fi Ferda Paks\u00fct&#8217;\u00fcn yan\u0131s\u0131ra yurtd\u0131\u015f\u0131nda oldu\u011fu ileri s\u00fcr\u00fclen AKP eski Milletvekili Turhan \u00c7\u00f6mez&#8217;de yeral\u0131yor. \u00c7\u00f6mez&#8217;in iddianamede &#8220;yakalamal\u0131 \u015f\u00fcpheli&#8221; olarak yerald\u0131\u011f\u0131 \u00f6\u011frenildi. <!--more--><\/p>\n<p style=\"text-align: justify;\">2&#8217;si \u00fcst d\u00fczey olmak \u00fczere toplam 12 y\u00f6neticinin yerald\u0131\u011f\u0131 iddianamede Anayasa Mahkemesi Ba\u015fkan Vekili Osman Paks\u00fct&#8217;\u00fcn e\u015fi Ferda Paks\u00fct, yurtd\u0131\u015f\u0131nda bulunan AKP eski Milletvekili Turhan \u00c7\u00f6mez ve Ankara Ticaret Odas\u0131 Ba\u015fkan\u0131 Sinan Ayg\u00fcn&#8217;\u00fcn y\u00f6netici olarak yer almad\u0131klar\u0131 \u00f6\u011frenildi. Soru\u015fturma kapsam\u0131nda 24 temmuz 2008 tarihinde kabul edilen ilk iddianamede ifadelerine yer verilen gizli tan\u0131klara numara ya da bilgi verdikleri b\u00f6lgelere g\u00f6re kod isimleri verilmi\u015fti. Savc\u0131l\u0131k bu iddianameki gizli tan\u0131klar i\u00e7in farkl\u0131 isimler kulland\u0131.<\/p>\n<p style=\"text-align: justify;\">Savc\u0131l\u0131\u011f\u0131n soru\u015fturma s\u00fcrecinde dinlenen gizli tan\u0131klardan baz\u0131lar\u0131na &#8220;\u0130mdat&#8221; ve &#8220;K\u0131skan\u00e7&#8221; gibi kod adlar\u0131 verdi\u011fi \u00f6\u011frenildi. Emekli Orgeneraller \u015eener Eruygur ve Hur\u015fit Tolon&#8217;un Cumhuriyet mitinglerini organize etmekle su\u00e7land\u0131\u011f\u0131 iddianamede yer ald\u0131. \u0130ddianame ile birlikte mahkemeye sunulan deliller aras\u0131nda Eruygur ve Tolon&#8217;un organize etti\u011fi \u00f6ne s\u00fcr\u00fclen mitinglerin foto\u011fraflar\u0131n\u0131n da oldu\u011fu belirtildi.<\/p>\n<p style=\"text-align: justify;\"><strong>ENC\u00dcMEN-\u0130 DAN\u0130\u015e YOK<\/strong><\/p>\n<p style=\"text-align: justify;\">Soru\u015fturma kapsam\u0131nda g\u00f6zalt\u0131na al\u0131nanlar aras\u0131nda yer alan ancak bu iddianamenin san\u0131klar\u0131 aras\u0131nda olmad\u0131\u011f\u0131 kaydedilen MGK Eski Genel Sekreteri Tuncer K\u0131l\u0131n\u00e7&#8217;a savc\u0131l\u0131k sorgusunda sorulan Enc\u00fcmen-i Dani\u015f toplant\u0131lar\u0131na ise iddianamede yer verilmedi\u011fi de belirtildi.<\/p>\n<p style=\"text-align: justify;\"><span style=\"color: #888888;\">Kaynak : Vatan Gazetesi<\/span><\/p>\n","protected":false},"excerpt":{"rendered":"<p style=\"text-align: center;\">\n<p>AKP Bal\u0131kesir eski milletvekili Turhan \u00c7\u00f6mez hakk\u0131nda yakalama emri \u00e7\u0131kart\u0131ld\u0131.<\/p>\n<p style=\"text-align: justify;\">Ergenekon soru\u015fturmas\u0131n\u0131 y\u00fcr\u00fcten savc\u0131lar taraf\u0131ndan haz\u0131rlanan 1909 sayfal\u0131k iddianemeye ili\u015fkin detaylar yava\u015f yava\u015f ortaya \u00e7\u0131k\u0131yor. \u0130stanbul 13&#8217;\u00fcnc\u00fc A\u011f\u0131r Ceza Mahkemesi&#8217;ne sunulan iddianamede \u015f\u00fcpheliler aras\u0131nda Anayasa Mahkemesi Ba\u015fkan Vekili Osman Paks\u00fct&#8217;\u00fcn e\u015fi Ferda Paks\u00fct&#8217;\u00fcn yan\u0131s\u0131ra yurtd\u0131\u015f\u0131nda oldu\u011fu ileri s\u00fcr\u00fclen AKP eski <\/p>\n","protected":false},"author":1,"featured_media":0,"comment_status":"open","ping_status":"closed","sticky":false,"template":"","format":"standard","meta":{"footnotes":""},"categories":[105],"tags":[],"class_list":["post-5207","post","type-post","status-publish","format-standard","hentry","category-gundem","odd"],"_links":{"self":[{"href":"http:\/\/www.korhanyilmaz.com\/index.php?rest_route=\/wp\/v2\/posts\/5207","targetHints":{"allow":["GET"]}}],"collection":[{"href":"http:\/\/www.korhanyilmaz.com\/index.php?rest_route=\/wp\/v2\/posts"}],"about":[{"href":"http:\/\/www.korhanyilmaz.com\/index.php?rest_route=\/wp\/v2\/types\/post"}],"author":[{"embeddable":true,"href":"http:\/\/www.korhanyilmaz.com\/index.php?rest_route=\/wp\/v2\/users\/1"}],"replies":[{"embeddable":true,"href":"http:\/\/www.korhanyilmaz.com\/index.php?rest_route=%2Fwp%2Fv2%2Fcomments&post=5207"}],"version-history":[{"count":0,"href":"http:\/\/www.korhanyilmaz.com\/index.php?rest_route=\/wp\/v2\/posts\/5207\/revisions"}],"wp:attachment":[{"href":"http:\/\/www.korhanyilmaz.com\/index.php?rest_route=%2Fwp%2Fv2%2Fmedia&parent=5207"}],"wp:term":[{"taxonomy":"category","embeddable":true,"href":"http:\/\/www.korhanyilmaz.com\/index.php?rest_route=%2Fwp%2Fv2%2Fcategories&post=5207"},{"taxonomy":"post_tag","embeddable":true,"href":"http:\/\/www.korhanyilmaz.com\/index.php?rest_route=%2Fwp%2Fv2%2Ftags&post=5207"}],"curies":[{"name":"wp","href":"https:\/\/api.w.org\/{rel}","templated":true}]}}