{"id":52035,"date":"2012-05-29T08:11:46","date_gmt":"2012-05-29T05:11:46","guid":{"rendered":"http:\/\/www.korhanyilmaz.com\/?p=52035"},"modified":"2012-05-29T20:06:05","modified_gmt":"2012-05-29T17:06:05","slug":"tasma-pranga-ve-kelepce","status":"publish","type":"post","link":"http:\/\/www.korhanyilmaz.com\/?p=52035","title":{"rendered":"Tasma, pranga ve kelep\u00e7e"},"content":{"rendered":"<div id=\"attachment_52036\" style=\"width: 92px\" class=\"wp-caption alignright\"><img loading=\"lazy\" decoding=\"async\" aria-describedby=\"caption-attachment-52036\" class=\" wp-image-52036  \" title=\"Ru\u015fen \u00c7ak\u0131r - VATAN Gazetesi\" src=\"http:\/\/www.korhanyilmaz.com\/wp-content\/uploads\/2012\/05\/F155.jpg\" alt=\"\" width=\"82\" height=\"82\" \/><p id=\"caption-attachment-52036\" class=\"wp-caption-text\">Ru\u015fen \u00c7ak\u0131r<\/p><\/div>\n<p style=\"text-align: justify;\">\u0130ki hafta \u00f6nce partisinin grup toplant\u0131s\u0131nda konu\u015fan CHP lideri Kemal K\u0131l\u0131\u00e7daro\u011flu\u2019nun, h\u00fck\u00fcmetin y\u00f6r\u00fcngesinde yaz\u0131p \u00e7izen gazeteciler i\u00e7in \u201cyalaka\u201d s\u0131fat\u0131n\u0131 uygun g\u00f6rd\u00fc\u011f\u00fcn\u00fc ve bunu defalarca tekrarlad\u0131\u011f\u0131n\u0131 s\u00f6yleyip bunu \u201cson derece \u00fcrk\u00fct\u00fcc\u00fc\u201d buldu\u011fumu yazm\u0131\u015ft\u0131m. \u00d6nceki g\u00fcn TT Arena\u2019da AKP Lideri Recep Tayyip Erdo\u011fan\u2019\u0131n, Uludere Roboski facias\u0131n\u0131n bir an \u00f6nce ayd\u0131nlat\u0131lmas\u0131 i\u00e7in yaz\u0131p konu\u015fan gazetecilere hitaben \u201cakbabalar, tasmalar\u0131n\u0131z\u0131 \u00e7\u0131kard\u0131k, uluslararas\u0131 tasma takt\u0131n\u0131z\u201d t\u00fcr\u00fc s\u00f6zlerininse son derece korkutucu oldu\u011funu d\u00fc\u015f\u00fcn\u00fcyorum.\u00a0<!--more--><\/p>\n<p style=\"text-align: justify;\">Neden korkutucu oldu\u011fu konusunu sonraya b\u0131rak\u0131p \u015fu \u201cakbaba\u201d ve \u201culuslararas\u0131 tasma\u201d konusuna k\u0131saca de\u011finelim. \u00d6ncelikle, Ba\u015fbakan Erdo\u011fan\u2019\u0131n bu konuyu g\u00fcndeme getirmeye \u00e7al\u0131\u015fan gazetecileri a\u00e7\u0131k\u00e7a k\u00f6pe\u011fe benzetmesi asla kabul edilemeyecek, anlay\u0131\u015fla kar\u015f\u0131lanamayacak bir hakarettir. \u00dcstelik ger\u00e7eklerle hi\u00e7bir alakas\u0131 yoktur.<\/p>\n<p style=\"text-align: justify;\"><strong>\u0130yiniyetin istismar\u0131\u00a0<\/strong><\/p>\n<p style=\"text-align: justify;\">Erdo\u011fan da \u00e7ok iyi biliyor olmal\u0131 ki Uludere konusunda \u0131srarc\u0131 olan yay\u0131n organlar\u0131 ve gazetecilerin ezici bir \u00e7o\u011funlu\u011fu \u201cAKP ve Erdo\u011fan d\u00fc\u015fman\u0131\u201d olmak gibi bir sicile sahip de\u011fil. Askeri vesayete kar\u015f\u0131 m\u00fccadelesinde AKP iktidar\u0131na sonsuz destek veren bu \u00e7evreler, darbeler ve Dersim gibi katliamlarla y\u00fczle\u015fme cesareti g\u00f6stermi\u015f olan bu siyasi iktidar\u0131n bir an \u00f6nce Roboski\u2019nin sorumlular\u0131n\u0131 bulup cezaland\u0131raca\u011f\u0131n\u0131 ve hayatlar\u0131n\u0131 kaybedenlerin yak\u0131nlar\u0131ndan \u00f6z\u00fcr dileyece\u011fini d\u00fc\u015f\u00fcn\u00fcp iyiniyetli bir \u015fekilde bekleyi\u015fe ge\u00e7mi\u015flerdi. Ancak bunun yerine kendilerinden, ne zaman bitece\u011fi ve ne sonu\u00e7 al\u0131naca\u011f\u0131 bilinmeyen bir soru\u015fturmay\u0131 beklemeleri istendi. B\u00fct\u00fcn bu hayalk\u0131r\u0131kl\u0131\u011f\u0131 ve buruklu\u011fun \u00fcst\u00fcne \u0130\u00e7i\u015fleri Bakan\u0131 \u0130dris Naim \u015eahin\u2019in hoyratl\u0131\u011f\u0131 eklenince Uludere Roboski \u00fclkenin bir numaral\u0131 g\u00fcndem maddesi haline geldi. K\u0131sacas\u0131, e\u011fer ortada bir istismar varsa o da bu facian\u0131n \u00fcst\u00fcn\u00fcn \u00f6rt\u00fclmeyece\u011fine inananlar\u0131n iyiniyetlerinin suiistimal edilmi\u015f olmas\u0131d\u0131r.<\/p>\n<p style=\"text-align: justify;\">Erdo\u011fan\u2019\u0131n Uludere konusunu uluslararas\u0131 bir komplo olarak tarif etmesinin temelindeyse Wall Street Journal\u2019da (WSJ) \u00e7\u0131kan haberler olsa gerek. Roboski facias\u0131n\u0131n \u00fclkenin t\u00fcm anaak\u0131m medyas\u0131 taraf\u0131ndan elbirli\u011fiyle saatlerce kamuoyundan gizlenmi\u015f oldu\u011fu, olay\u0131n perde arkas\u0131n\u0131 ayd\u0131nlatmaya y\u00f6nelik ciddi bir gazetecilik \u00e7al\u0131\u015fmas\u0131n\u0131n yap\u0131lmad\u0131\u011f\u0131 bilindi\u011finde WSJ haberi do\u011fal olarak normalin \u00e7ok \u00fcst\u00fcnde yank\u0131 buldu. WSJ, haberinde artniyetli midir, de\u011fil midir bilmiyoruz, ama bildi\u011fimiz \u015fu: Bir siyasi iktidar as\u0131ls\u0131z oldu\u011funu d\u00fc\u015f\u00fcnd\u00fc\u011f\u00fc haberlerden rahats\u0131zsa, yapmas\u0131 gereken daha da kapanmak de\u011fil, a\u00e7\u0131lmakt\u0131r, yani \u015feffafl\u0131kt\u0131r.<\/p>\n<p style=\"text-align: justify;\"><strong>Her y\u00f6nden bask\u0131\u00a0<\/strong><\/p>\n<p style=\"text-align: justify;\">Erdo\u011fan ve yak\u0131n \u00e7al\u0131\u015fma arkada\u015flar\u0131n\u0131n uzun bir s\u00fcre anaak\u0131m medyan\u0131n ma\u011fduru olduklar\u0131 a\u00e7\u0131kt\u0131r. Yine anaak\u0131m medyan\u0131n uzun bir s\u00fcre bu \u00fclkede siyaseti, h\u00fck\u00fcmetleri birinci derecede etkiledi\u011fi, hatta yer yer belirledi\u011fi a\u00e7\u0131kt\u0131r. Ama AKP\u2019nin 10 y\u0131ll\u0131k iktidar\u0131nda medya-siyaset ili\u015fkilerinin k\u00f6kten de\u011fi\u015fti\u011fi de a\u00e7\u0131kt\u0131r. \u00d6rne\u011fin art\u0131k medyan\u0131n h\u00fck\u00fcmetler \u00fczerinde belirleme g\u00fcc\u00fc hi\u00e7 kalmam\u0131\u015fken, siyasi iktidar\u0131n medyay\u0131 \u015fekillendirme, y\u00f6nlendirme imkanlar\u0131 her ge\u00e7en g\u00fcn artmaktad\u0131r.<\/p>\n<p style=\"text-align: justify;\">T\u00fcrkiye bas\u0131n \u00f6zg\u00fcrl\u00fc\u011f\u00fc konusunda epey sorunlu bir d\u00f6nemden ge\u00e7iyor. \u00c7ok say\u0131da meslekta\u015f\u0131m\u0131z cezaevlerinde. Gazetecilere y\u00f6nelik davalar bitmek bilmiyor. Gazetecilere tek bask\u0131 siyasi iktidardan gelmiyor; sosyal, ekonomik, k\u00fclt\u00fcrel anlamda belli \u00f6l\u00e7\u00fclerde iktidar sahibi olan ki\u015fi ve \u00e7evreler de, gazetecili\u011fin s\u0131n\u0131rlar\u0131n\u0131 kendi \u00e7\u0131karlar\u0131na g\u00f6re yeniden \u00e7izmeye ve bunu gazetecilere dayatmaya \u00e7al\u0131\u015f\u0131yorlar.<\/p>\n<p style=\"text-align: justify;\">B\u00fct\u00fcn bunlara ba\u011fl\u0131 olarak medyada \u00e7ok ciddi anlamda otosans\u00fcr var. K\u0131sacas\u0131 her ge\u00e7en g\u00fcn daha da \u00e7\u00f6lle\u015fen bir medya atmosferi s\u00f6z konusu. \u0130\u015fte b\u00f6ylesi bir ortamda bu \u00fclkenin en g\u00fc\u00e7l\u00fc ismi oldu\u011funda herkesin birle\u015fti\u011fi Ba\u015fbakan Erdo\u011fan\u2019\u0131n zaten b\u00fcy\u00fck \u00f6l\u00e7\u00fcde elleri kollar\u0131 ba\u011fl\u0131 olan az say\u0131daki gazeteciye hakaret ederek onlar\u0131 hedef g\u00f6stermesi tek kelimeyle korkutucudur.<\/p>\n<p style=\"text-align: justify;\">Biz gazetecilere d\u00fc\u015fense korkmamakt\u0131r.<\/p>\n<p style=\"text-align: justify;\"><a href=\"http:\/\/haber.gazetevatan.com\/Haber\/453792\/1\/Gundem\" target=\"_blank\">Kaynak : VATAN Gazetesi<\/a><\/p>\n","protected":false},"excerpt":{"rendered":"<p id=\"caption-attachment-52036\" class=\"wp-caption-text\">Ru\u015fen \u00c7ak\u0131r<\/p>\n<p style=\"text-align: justify;\">\u0130ki hafta \u00f6nce partisinin grup toplant\u0131s\u0131nda konu\u015fan CHP lideri Kemal K\u0131l\u0131\u00e7daro\u011flu\u2019nun, h\u00fck\u00fcmetin y\u00f6r\u00fcngesinde yaz\u0131p \u00e7izen gazeteciler i\u00e7in \u201cyalaka\u201d s\u0131fat\u0131n\u0131 uygun g\u00f6rd\u00fc\u011f\u00fcn\u00fc ve bunu defalarca tekrarlad\u0131\u011f\u0131n\u0131 s\u00f6yleyip bunu \u201cson derece \u00fcrk\u00fct\u00fcc\u00fc\u201d buldu\u011fumu yazm\u0131\u015ft\u0131m. \u00d6nceki g\u00fcn TT Arena\u2019da AKP Lideri Recep Tayyip Erdo\u011fan\u2019\u0131n, Uludere Roboski facias\u0131n\u0131n bir an \u00f6nce ayd\u0131nlat\u0131lmas\u0131 i\u00e7in <\/p>\n","protected":false},"author":1,"featured_media":0,"comment_status":"open","ping_status":"open","sticky":false,"template":"","format":"standard","meta":{"footnotes":""},"categories":[16],"tags":[17],"class_list":["post-52035","post","type-post","status-publish","format-standard","hentry","category-kose-yazilari","tag-rusen-cakir","odd"],"_links":{"self":[{"href":"http:\/\/www.korhanyilmaz.com\/index.php?rest_route=\/wp\/v2\/posts\/52035","targetHints":{"allow":["GET"]}}],"collection":[{"href":"http:\/\/www.korhanyilmaz.com\/index.php?rest_route=\/wp\/v2\/posts"}],"about":[{"href":"http:\/\/www.korhanyilmaz.com\/index.php?rest_route=\/wp\/v2\/types\/post"}],"author":[{"embeddable":true,"href":"http:\/\/www.korhanyilmaz.com\/index.php?rest_route=\/wp\/v2\/users\/1"}],"replies":[{"embeddable":true,"href":"http:\/\/www.korhanyilmaz.com\/index.php?rest_route=%2Fwp%2Fv2%2Fcomments&post=52035"}],"version-history":[{"count":0,"href":"http:\/\/www.korhanyilmaz.com\/index.php?rest_route=\/wp\/v2\/posts\/52035\/revisions"}],"wp:attachment":[{"href":"http:\/\/www.korhanyilmaz.com\/index.php?rest_route=%2Fwp%2Fv2%2Fmedia&parent=52035"}],"wp:term":[{"taxonomy":"category","embeddable":true,"href":"http:\/\/www.korhanyilmaz.com\/index.php?rest_route=%2Fwp%2Fv2%2Fcategories&post=52035"},{"taxonomy":"post_tag","embeddable":true,"href":"http:\/\/www.korhanyilmaz.com\/index.php?rest_route=%2Fwp%2Fv2%2Ftags&post=52035"}],"curies":[{"name":"wp","href":"https:\/\/api.w.org\/{rel}","templated":true}]}}