{"id":51969,"date":"2012-05-27T08:14:15","date_gmt":"2012-05-27T05:14:15","guid":{"rendered":"http:\/\/www.korhanyilmaz.com\/?p=51969"},"modified":"2012-05-27T09:51:20","modified_gmt":"2012-05-27T06:51:20","slug":"her-kurtaj-bir-uluderedir-2","status":"publish","type":"post","link":"http:\/\/www.korhanyilmaz.com\/?p=51969","title":{"rendered":"Her k\u00fcrtaj bir Uludere&#8217;dir!"},"content":{"rendered":"<div id=\"metin2\" class=\"BlackContent\" onkeydown=\"onKeyDown();\">\n<div id=\"attachment_51970\" style=\"width: 87px\" class=\"wp-caption alignright\"><img loading=\"lazy\" decoding=\"async\" aria-describedby=\"caption-attachment-51970\" class=\" wp-image-51970 \" title=\"C\u00fcneyt \u00d6zdemir\" src=\"http:\/\/www.korhanyilmaz.com\/wp-content\/uploads\/2012\/05\/F140.jpg\" alt=\"\" width=\"77\" height=\"86\" \/><p id=\"caption-attachment-51970\" class=\"wp-caption-text\">C\u00fcneyt \u00d6zdemir<\/p><\/div>\n<p style=\"text-align: justify;\">Ba\u015fbakan, iddia etti\u011fim gibi \u0130\u00e7i\u015fleri Bakan\u0131&#8217;n\u0131n s\u00f6yleminin yan\u0131nda hizalan\u0131yor. Tehlikenin b\u00fcy\u00fckl\u00fc\u011f\u00fcn\u00fcn fark\u0131nda m\u0131s\u0131n\u0131z?<\/p>\n<p style=\"text-align: justify;\">T\u00fcrkiye yak\u0131n siyasetinde san\u0131r\u0131m b\u00f6yle bir benzetmenin yan\u0131na yakla\u015fan bir c\u00fcmle bile yoktur. Hatta \u015f\u00f6yle s\u00f6yleyeyim, \u0130\u00e7i\u015fleri Bakan\u0131 \u0130dris Naim \u015eahin\u2019in ele\u015ftirdi\u011fimiz ve art\u0131k hayat\u0131m\u0131z\u0131n bir par\u00e7as\u0131na d\u00f6n\u00fc\u015fen s\u0131radan siyasi potlar\u0131 bile b\u00f6ylesi bir benzetmenin yan\u0131na yakla\u015famaz. Uludere\u2019de 34 sivil ve masum insan\u0131m\u0131z\u0131n sava\u015f u\u00e7aklar\u0131n\u0131n \u2018yanl\u0131\u015fl\u0131kla\u2019 bombalay\u0131p \u00f6lmesi ile bir kad\u0131n\u0131n kendi v\u00fccudu ile ilgili karar verme hakk\u0131 olan k\u00fcrtaj aras\u0131nda bir ba\u011flant\u0131 nas\u0131l kurulur, inan\u0131n benim akl\u0131m hafzalam alm\u0131yor. Yanl\u0131\u015f anla\u015f\u0131lmas\u0131n, muhafazak\u00e2r g\u00f6r\u00fc\u015fl\u00fc bir parti ilderinin k\u00fcrtaja kar\u015f\u0131 olmas\u0131n\u0131 elbette anlayabiliyorum. Anlamad\u0131\u011f\u0131m, h\u00e2l\u00e2 hesab\u0131 verilemeyen Uludere\u2019deki masum insanlar\u0131m\u0131z\u0131n \u00f6l\u00fcm\u00fc ile bunun nas\u0131l e\u015f tutulup medyaya \u00e7akmak i\u00e7in ayn\u0131 c\u00fcmlede kullan\u0131labildi\u011fi.<!--more--><\/p>\n<p style=\"text-align: justify;\"><strong>\u00c7ok can yak\u0131c\u0131. Ac\u0131t\u0131c\u0131. \u00dcz\u00fcc\u00fc.<\/strong><\/p>\n<p style=\"text-align: justify;\">Ba\u015fbakan Erdo\u011fan\u2019\u0131n d\u00fcn yapt\u0131\u011f\u0131 konu\u015fmada \u00e7ok ciddi anlam kaymalar\u0131 ve kavram karga\u015fas\u0131 var. Ba\u015fbakan Erdo\u011fan uzun konu\u015fmas\u0131n\u0131n iki paragrafl\u0131k k\u0131sm\u0131nda sadece k\u00fcrtaja de\u011fil sezaryene de kar\u015f\u0131 oldu\u011funu s\u00f6yl\u00fcyor. Sezaryen ile k\u00fcrtaj\u0131 ya bilerek ya da bilmeyerek e\u015f tutuyor. En hafif deyi\u015fle birbirine kar\u0131\u015ft\u0131r\u0131yor. Neyse ki hemen ard\u0131ndan Sa\u011fl\u0131k Bakan\u0131 Recep Akda\u011f\u2019\u0131n konuyla ilgili d\u00fczeltmesi geldi (Evet, yine Ba\u015fbakan\u2019\u0131n s\u00f6zleri d\u00fczeltiliyor). Akda\u011f \u2018gerekli oldu\u011funda yap\u0131lan sezaryene de\u011fil kafas\u0131na g\u00f6re yap\u0131lan sezaryene kar\u015f\u0131 oldu\u011funu ve T\u00fcrkiye\u2019de bu rakam\u0131n d\u00fcnya ortalamas\u0131n\u0131n \u00e7ok \u00fczerinde oldu\u011funu\u2019 s\u00f6yledi. Bak\u0131n bu da tart\u0131\u015f\u0131labilir bir konu. Ancak e\u011fer iki kavram\u0131 yani k\u00fcrtaj ve sezaryen meselesini tart\u0131\u015facaksak ayn\u0131 c\u00fcmle i\u00e7inde kullanmamam\u0131z gerekiyor. Zira ilkinde bir can\u0131n al\u0131nmas\u0131, ikincisinde ise bir can\u0131n d\u00fcnyaya gelme \u015fekli tart\u0131\u015fma konusu.<\/p>\n<p style=\"text-align: justify;\"><strong>Sezaryen hakk\u0131nda yanl\u0131\u015f bildiklerimiz<\/strong><\/p>\n<p style=\"text-align: justify;\">Ba\u015fbakan Erdo\u011fan e\u011fer bir prompter kazas\u0131 yapmad\u0131ysa san\u0131r\u0131m konu\u015fma metnini yazan gen\u00e7 arkada\u015flar sezaryen ile k\u00fcrtaj\u0131 ayn\u0131 \u015fey san\u0131yorlar ve fark\u0131n\u0131 bilmiyorlar.<\/p>\n<p style=\"text-align: justify;\">Yak\u0131n zamanda e\u015fim do\u011fum yapt\u0131\u011f\u0131 i\u00e7in sezaryen ile ilgili T\u00fcrkiye\u2019de olu\u015fan alg\u0131n\u0131n aynen Recep Akda\u011f\u2019\u0131n s\u00f6yledi\u011fi gibi s\u0131radan bir do\u011fum y\u00f6ntemi olarak alg\u0131land\u0131\u011f\u0131 y\u00f6n\u00fcnde oldu\u011funu g\u00f6rd\u00fcm. Yani doktorlar saatler s\u00fcren bir do\u011fum ile u\u011fra\u015fmamak i\u00e7in, \u00f6zel hastaneler de ameliyat masraflar\u0131n\u0131 do\u011fum hesab\u0131na eklemek i\u00e7in pek \u00e7ok hastay\u0131 sezaryen olmaya y\u00f6nlendiriyor. E\u011fer hamilenin mensup oldu\u011fu ailenin hali vakti yerindeyse bu durum sorgulanm\u0131yor. En az\u0131ndan T\u00fcrkiye\u2019de pek \u00e7ok hamile kad\u0131n i\u00e7in \u2018sezaryen alg\u0131s\u0131\u2019 s\u0131radanla\u015fm\u0131\u015f durumda. E\u015fimin hamileli\u011fi s\u0131ras\u0131nda beni en \u00e7ok \u015fa\u015f\u0131rtan, yak\u0131n zamanda do\u011fum yapan pek \u00e7ok kad\u0131n\u0131n ihtiya\u00e7tan de\u011fil tamamen tercihten dolay\u0131 sezaryen ile do\u011fumu tercih etti\u011fi i\u00e7in normal do\u011fum yapmamas\u0131 olmu\u015ftu. Yani sezaryen art\u0131k pek \u00e7ok \u00e7evre i\u00e7in bir zorunluluktan \u00e7\u0131km\u0131\u015f, bir tercih meselesine d\u00f6n\u00fc\u015fm\u00fc\u015f. Neyse ki doktorumuz bizleri aynen Recep Akda\u011f\u2019\u0131n s\u00f6zlerinde oldu\u011fu gibi sezaryenin bir ameliyat oldu\u011fu ve ancak normal do\u011fumdaki komplikasyonlar neticesinde bu yola ba\u015fvurulaca\u011f\u0131 yolunda uyard\u0131. Nitekim biz de kendimizi normal do\u011fuma g\u00f6re psikolojik olarak haz\u0131rlad\u0131k. Gelin g\u00f6r\u00fcn ki son haftalarda anne karn\u0131ndaki bebek do\u011fum i\u00e7in uygun pozisyonu alamad\u0131. Biz de mecburen, bak\u0131n alt\u0131n\u0131 \u00e7iziyorum \u2018mecburen\u2019 sezaryen ile bebe\u011fimizi ald\u0131rmak zorunda kald\u0131k. Ba\u015fbakan Erdo\u011fan\u2019\u0131n s\u00f6zlerine d\u00f6nersek&#8230; Ba\u015fbakan hem k\u00fcrtaja hem de sezaryene kar\u015f\u0131 oldu\u011funu s\u00f6yl\u00fcyor. Biz k\u00fcrtaj yapt\u0131rmay\u0131 akl\u0131m\u0131zdan bile ge\u00e7irmedik ancak normal do\u011fum da olamad\u0131. Erdo\u011fan\u2019\u0131n bu s\u00f6zlerinden yola \u00e7\u0131karsak ne yapmal\u0131yd\u0131k dersiniz?<\/p>\n<p style=\"text-align: justify;\">Do\u011furmay\u0131p \u00e7ocu\u011fu ana karn\u0131nda m\u0131 b\u00fcy\u00fctmeyi denemeliydik!<\/p>\n<p style=\"text-align: justify;\">B\u00f6ylesine tahrip ve tart\u0131\u015fma g\u00fcc\u00fc y\u00fcksek konular\u0131 g\u00fcndemimize ta\u015f\u0131rken Uludere\u2019de \u00f6lenlerin ac\u0131s\u0131n\u0131, \u00e7ocu\u011funu \u015fu ya da bu nedenle ald\u0131rmay\u0131 d\u00fc\u015f\u00fcnen bir anne aday\u0131n\u0131n tedirginli\u011fini veya sezaryen yapt\u0131rmak zorunda kalan hamile kad\u0131nlar\u0131n korkusunu g\u00f6z\u00fcn\u00fczde canland\u0131r\u0131p birazc\u0131k \u00f6zen g\u00f6sterilmesini istemek \u00e7ok mu fazla sahi?<\/p>\n<p style=\"text-align: justify;\"><strong>Ba\u015fbakan, \u0130\u00e7i\u015fleri Bakan\u0131\u2019na sahip \u00e7\u0131k\u0131yor<\/strong><\/p>\n<p style=\"text-align: justify;\">Bu a\u00e7\u0131klaman\u0131n bir de unutmamam\u0131z gereken Uludere a\u00e7\u0131s\u0131 var. Ba\u015fbakan Erdo\u011fan\u2019\u0131n bu s\u00f6zleri, h\u00fck\u00fcmetin Uludere alg\u0131s\u0131ndaki de\u011fi\u015fimin de ipu\u00e7lar\u0131n\u0131 veriyor. Uludere bombalamas\u0131n\u0131n oldu\u011fu ilk g\u00fcnlerde h\u00fck\u00fcmet i\u00e7in sorumlular\u0131n\u0131n ortaya \u00e7\u0131kart\u0131lmas\u0131 gereken bir \u2018askeri kaza\u2019 \u015feklinde lanse edilmi\u015fti. Anlad\u0131\u011f\u0131m\u0131z kadar\u0131 ile art\u0131k Uludere, h\u00fck\u00fcmetin sahiplendi\u011fi ve \u00fczerinin \u00f6rt\u00fclmesi gereken bir \u2018devlet kazas\u0131\u2019na d\u00f6n\u00fc\u015ft\u00fc. B\u00f6ylece 34 insan\u0131m\u0131z\u0131n pisipisine \u00f6ld\u00fcr\u00fcld\u00fc\u011f\u00fc Uludere olay\u0131 muhalefet ile h\u00fck\u00fcmet aras\u0131nda onlarca polemik zemininden birine \u00e7ekiliyor. Bu zemini az \u00e7ok biliyoruz. \u00d6n\u00fcm\u00fczdeki g\u00fcnlerde Uludere tamamen h\u00fck\u00fcmete kar\u015f\u0131 bir kampanyan\u0131n enstr\u00fcman\u0131 olarak sunulacak. H\u00fck\u00fcmetin verdi\u011fi pas\u0131 muhalefet partileri sonuna kadar kullanacak; olan, \u00f6l\u00fcp giden 34 yurtta\u015f\u0131m\u0131za olacak. Ba\u015fbakan\u2019\u0131n bu a\u00e7\u0131klamas\u0131 sonras\u0131nda Uludere\u2019de \u00f6len insanlar i\u00e7in \u2018fig\u00fcran\u2019 tan\u0131mlamalar\u0131n\u0131 yapan \u0130dris Naim \u015eahin\u2019i AK Partili H\u00fcseyin \u00c7elik yalanlam\u0131\u015ft\u0131. Bu a\u00e7\u0131klamalar ile H\u00fcseyin \u00c7elik\u2019in bak\u0131\u015f a\u00e7\u0131s\u0131 a\u00e7\u0131\u011fa d\u00fc\u015f\u00fcyor.<\/p>\n<p style=\"text-align: justify;\">Yani Ba\u015fbakan, benim ilk g\u00fcnden beri iddia etti\u011fim gibi \u0130\u00e7i\u015fleri Bakan\u0131\u2019n\u0131n s\u00f6yleminin yan\u0131nda hizalan\u0131yor. Sahip \u00e7\u0131k\u0131yor.<\/p>\n<p style=\"text-align: justify;\">Bilmem, tehlikenin b\u00fcy\u00fckl\u00fc\u011f\u00fcn\u00fcn fark\u0131nda m\u0131s\u0131n\u0131z?<\/p>\n<p style=\"text-align: justify;\"><a href=\"http:\/\/www.radikal.com.tr\/Radikal.aspx?aType=RadikalYazar&amp;ArticleID=1089223&amp;Yazar=CUNEYT-OZDEMIR&amp;CategoryID=97\" target=\"_blank\">Kaynak : Radikal.com.tr\u00a0<\/a><\/p>\n<\/div>\n","protected":false},"excerpt":{"rendered":"\n<p id=\"caption-attachment-51970\" class=\"wp-caption-text\">C\u00fcneyt \u00d6zdemir<\/p>\n<p style=\"text-align: justify;\">Ba\u015fbakan, iddia etti\u011fim gibi \u0130\u00e7i\u015fleri Bakan\u0131&#8217;n\u0131n s\u00f6yleminin yan\u0131nda hizalan\u0131yor. Tehlikenin b\u00fcy\u00fckl\u00fc\u011f\u00fcn\u00fcn fark\u0131nda m\u0131s\u0131n\u0131z?<\/p>\n<p style=\"text-align: justify;\">T\u00fcrkiye yak\u0131n siyasetinde san\u0131r\u0131m b\u00f6yle bir benzetmenin yan\u0131na yakla\u015fan bir c\u00fcmle bile yoktur. Hatta \u015f\u00f6yle s\u00f6yleyeyim, \u0130\u00e7i\u015fleri Bakan\u0131 \u0130dris Naim \u015eahin\u2019in ele\u015ftirdi\u011fimiz ve art\u0131k hayat\u0131m\u0131z\u0131n bir par\u00e7as\u0131na d\u00f6n\u00fc\u015fen s\u0131radan siyasi potlar\u0131 bile b\u00f6ylesi <\/p>\n","protected":false},"author":1,"featured_media":0,"comment_status":"open","ping_status":"open","sticky":false,"template":"","format":"standard","meta":{"footnotes":""},"categories":[16],"tags":[1055],"class_list":["post-51969","post","type-post","status-publish","format-standard","hentry","category-kose-yazilari","tag-cuneyt-ozdemir","odd"],"_links":{"self":[{"href":"http:\/\/www.korhanyilmaz.com\/index.php?rest_route=\/wp\/v2\/posts\/51969","targetHints":{"allow":["GET"]}}],"collection":[{"href":"http:\/\/www.korhanyilmaz.com\/index.php?rest_route=\/wp\/v2\/posts"}],"about":[{"href":"http:\/\/www.korhanyilmaz.com\/index.php?rest_route=\/wp\/v2\/types\/post"}],"author":[{"embeddable":true,"href":"http:\/\/www.korhanyilmaz.com\/index.php?rest_route=\/wp\/v2\/users\/1"}],"replies":[{"embeddable":true,"href":"http:\/\/www.korhanyilmaz.com\/index.php?rest_route=%2Fwp%2Fv2%2Fcomments&post=51969"}],"version-history":[{"count":0,"href":"http:\/\/www.korhanyilmaz.com\/index.php?rest_route=\/wp\/v2\/posts\/51969\/revisions"}],"wp:attachment":[{"href":"http:\/\/www.korhanyilmaz.com\/index.php?rest_route=%2Fwp%2Fv2%2Fmedia&parent=51969"}],"wp:term":[{"taxonomy":"category","embeddable":true,"href":"http:\/\/www.korhanyilmaz.com\/index.php?rest_route=%2Fwp%2Fv2%2Fcategories&post=51969"},{"taxonomy":"post_tag","embeddable":true,"href":"http:\/\/www.korhanyilmaz.com\/index.php?rest_route=%2Fwp%2Fv2%2Ftags&post=51969"}],"curies":[{"name":"wp","href":"https:\/\/api.w.org\/{rel}","templated":true}]}}