{"id":51903,"date":"2012-05-25T08:05:16","date_gmt":"2012-05-25T05:05:16","guid":{"rendered":"http:\/\/www.korhanyilmaz.com\/?p=51903"},"modified":"2012-05-25T12:53:21","modified_gmt":"2012-05-25T09:53:21","slug":"havadis","status":"publish","type":"post","link":"http:\/\/www.korhanyilmaz.com\/?p=51903","title":{"rendered":"Hava\u2019dis"},"content":{"rendered":"<div id=\"attachment_37365\" style=\"width: 100px\" class=\"wp-caption alignright\"><img loading=\"lazy\" decoding=\"async\" aria-describedby=\"caption-attachment-37365\" class=\" wp-image-37365 \" title=\"Y\u0131lmaz \u00d6zdil - H\u00fcrriyet Gazetesi\" src=\"http:\/\/www.korhanyilmaz.com\/wp-content\/uploads\/2011\/07\/257.jpg\" alt=\"\" width=\"90\" height=\"96\" \/><p id=\"caption-attachment-37365\" class=\"wp-caption-text\">Y\u0131lmaz \u00d6zdil<\/p><\/div>\n<p style=\"text-align: justify;\">Denizalt\u0131lar vurdu san\u0131yorduk.<\/p>\n<p style=\"text-align: justify;\">\u0130\u00e7i\u015fleri Bakan\u0131m\u0131z a\u00e7\u0131klad\u0131&#8230;<\/p>\n<p style=\"text-align: justify;\">\u201cHava Kuvvetleri vurdu.\u201d<\/p>\n<p style=\"text-align: justify;\">*<\/p>\n<p style=\"text-align: justify;\">Bunlarda her hava\u2019dis b\u00f6yle.<\/p>\n<p style=\"text-align: justify;\">*\u00a0<!--more--><\/p>\n<p style=\"text-align: justify;\">Dolar gev\u015feyince&#8230;<\/p>\n<p style=\"text-align: justify;\">H\u00fck\u00fcmetimiz sayesinde.<\/p>\n<p style=\"text-align: justify;\">Dolar roketleyince&#8230;<\/p>\n<p style=\"text-align: justify;\">Yunanistan y\u00fcz\u00fcnden.<\/p>\n<p style=\"text-align: justify;\">Bi kuru\u015f ucuzlay\u0131nca&#8230;<\/p>\n<p style=\"text-align: justify;\">H\u00fck\u00fcmetimiz sayesinde.<\/p>\n<p style=\"text-align: justify;\">D\u00fcnyan\u0131n en pahal\u0131 benzini&#8230;<\/p>\n<p style=\"text-align: justify;\">\u0130ran y\u00fcz\u00fcnden.<\/p>\n<p style=\"text-align: justify;\">Boru d\u00f6\u015fenirken&#8230;<\/p>\n<p style=\"text-align: justify;\">H\u00fck\u00fcmetimiz sayesinde.<\/p>\n<p style=\"text-align: justify;\">Do\u011falgaz\u2019\u0131k faturalar\u0131&#8230;<\/p>\n<p style=\"text-align: justify;\">Rusya y\u00fcz\u00fcnden.<\/p>\n<p style=\"text-align: justify;\">\u0130hracat art\u0131nca&#8230;<\/p>\n<p style=\"text-align: justify;\">H\u00fck\u00fcmetimiz sayesinde.<\/p>\n<p style=\"text-align: justify;\">\u0130thalat patlay\u0131nca&#8230;<\/p>\n<p style=\"text-align: justify;\">\u00c7in y\u00fcz\u00fcnden.<\/p>\n<p style=\"text-align: justify;\">*<\/p>\n<p style=\"text-align: justify;\">Dersim\u2019i bombalayan&#8230;<\/p>\n<p style=\"text-align: justify;\">Devlet de\u011fil, CHP.<\/p>\n<p style=\"text-align: justify;\">PKK\u2019yla masaya oturan&#8230;<\/p>\n<p style=\"text-align: justify;\">AKP de\u011fil, devlet.<\/p>\n<p style=\"text-align: justify;\">*<\/p>\n<p style=\"text-align: justify;\">H\u0131zl\u0131 tren y\u00fcr\u00fcy\u00fcnce&#8230;<\/p>\n<p style=\"text-align: justify;\">H\u00fck\u00fcmetimiz sayesinde.<\/p>\n<p style=\"text-align: justify;\">H\u0131zl\u0131 tren devrilince&#8230;<\/p>\n<p style=\"text-align: justify;\">Makinist y\u00fcz\u00fcnden.<\/p>\n<p style=\"text-align: justify;\">U\u00e7aklar u\u00e7unca&#8230;<\/p>\n<p style=\"text-align: justify;\">H\u00fck\u00fcmetimiz sayesinde.<\/p>\n<p style=\"text-align: justify;\">U\u00e7aklar \u00e7ak\u0131l\u0131nca&#8230;<\/p>\n<p style=\"text-align: justify;\">Pilotlar y\u00fcz\u00fcnden.<\/p>\n<p style=\"text-align: justify;\">Kol bacak nakli&#8230;<\/p>\n<p style=\"text-align: justify;\">H\u00fck\u00fcmetimiz sayesinde.<\/p>\n<p style=\"text-align: justify;\">Nakiller rahmetli&#8230;<\/p>\n<p style=\"text-align: justify;\">Doktorlar y\u00fcz\u00fcnden.<\/p>\n<p style=\"text-align: justify;\">S\u00fct da\u011f\u0131t\u0131l\u0131nca&#8230;<\/p>\n<p style=\"text-align: justify;\">H\u00fck\u00fcmetimiz sayesinde.<\/p>\n<p style=\"text-align: justify;\">S\u00fct bozuk \u00e7\u0131k\u0131nca&#8230;<\/p>\n<p style=\"text-align: justify;\">Psikolojisi bozuk \u00e7ocuklar y\u00fcz\u00fcnden.<\/p>\n<p style=\"text-align: justify;\">*<\/p>\n<p style=\"text-align: justify;\">Kandil vurulunca&#8230;<\/p>\n<p style=\"text-align: justify;\">H\u00fck\u00fcmetimiz sayesinde.<\/p>\n<p style=\"text-align: justify;\">Uludere vurulunca&#8230;<\/p>\n<p style=\"text-align: justify;\">Hava Kuvvetleri y\u00fcz\u00fcnden.<\/p>\n<p style=\"text-align: justify;\">*<\/p>\n<p style=\"text-align: justify;\">\u0130stifa eden Hava Kuvvetleri Komutan\u0131 i\u00e7in, \u00f6nemli de\u011fil deyip, Hava Kuvvetleri Komutan\u0131 olmas\u0131 gereken orgeneral\u2019i hapse t\u0131k\u0131p, terfide birinci ve ikinci s\u0131rada bulunan korgeneralleri tutuklat\u0131p, Hava Kuvvetleri\u2019nde orgeneral kalmad\u0131\u011f\u0131 i\u00e7in, mutlaka orgeneral r\u00fctbesine y\u00fckselmesi beklenen iki korgeneral\u2019i yerinde sayd\u0131rt\u0131p&#8230;<\/p>\n<p style=\"text-align: justify;\">23 senedir, tekrar yazay\u0131m, 23 senedir muharip g\u00f6rev almayan, normalde be\u015f sene yeterliyken, tu\u011fgeneral olmak i\u00e7in bile dokuz sene bekletilen, filo komutanl\u0131\u011f\u0131 verilmeyen, 10 senedir Hava Kuvvetleri Kararg\u00e2h\u0131\u2019nda bulunmayan, kariyeri ula\u015ft\u0131rma ve lojistikten ibaret olan, emekliye ayr\u0131lmas\u0131na kesin g\u00f6z\u00fcyle bak\u0131lan korgeneral\u2019i, apar topar orgeneral yap\u0131p, Hava Kuvvetleri Komutanl\u0131\u011f\u0131\u2019na oturtan kim?<\/p>\n<p style=\"text-align: justify;\">Ben heralde!<\/p>\n<p style=\"text-align: justify;\"><a href=\"http:\/\/www.hurriyet.com.tr\/yazarlar\/20623729.asp\" target=\"_blank\">Kaynak : Cumhuriyet Haber Portal\u0131<\/a><\/p>\n","protected":false},"excerpt":{"rendered":"<p id=\"caption-attachment-37365\" class=\"wp-caption-text\">Y\u0131lmaz \u00d6zdil<\/p>\n<p style=\"text-align: justify;\">Denizalt\u0131lar vurdu san\u0131yorduk.<\/p>\n<p style=\"text-align: justify;\">\u0130\u00e7i\u015fleri Bakan\u0131m\u0131z a\u00e7\u0131klad\u0131&#8230;<\/p>\n<p style=\"text-align: justify;\">\u201cHava Kuvvetleri vurdu.\u201d<\/p>\n<p style=\"text-align: justify;\">*<\/p>\n<p style=\"text-align: justify;\">Bunlarda her hava\u2019dis b\u00f6yle.<\/p>\n<p style=\"text-align: justify;\">* <\/p>\n","protected":false},"author":1,"featured_media":0,"comment_status":"open","ping_status":"open","sticky":false,"template":"","format":"standard","meta":{"footnotes":""},"categories":[16],"tags":[30],"class_list":["post-51903","post","type-post","status-publish","format-standard","hentry","category-kose-yazilari","tag-yilmaz-ozdil","odd"],"_links":{"self":[{"href":"http:\/\/www.korhanyilmaz.com\/index.php?rest_route=\/wp\/v2\/posts\/51903","targetHints":{"allow":["GET"]}}],"collection":[{"href":"http:\/\/www.korhanyilmaz.com\/index.php?rest_route=\/wp\/v2\/posts"}],"about":[{"href":"http:\/\/www.korhanyilmaz.com\/index.php?rest_route=\/wp\/v2\/types\/post"}],"author":[{"embeddable":true,"href":"http:\/\/www.korhanyilmaz.com\/index.php?rest_route=\/wp\/v2\/users\/1"}],"replies":[{"embeddable":true,"href":"http:\/\/www.korhanyilmaz.com\/index.php?rest_route=%2Fwp%2Fv2%2Fcomments&post=51903"}],"version-history":[{"count":0,"href":"http:\/\/www.korhanyilmaz.com\/index.php?rest_route=\/wp\/v2\/posts\/51903\/revisions"}],"wp:attachment":[{"href":"http:\/\/www.korhanyilmaz.com\/index.php?rest_route=%2Fwp%2Fv2%2Fmedia&parent=51903"}],"wp:term":[{"taxonomy":"category","embeddable":true,"href":"http:\/\/www.korhanyilmaz.com\/index.php?rest_route=%2Fwp%2Fv2%2Fcategories&post=51903"},{"taxonomy":"post_tag","embeddable":true,"href":"http:\/\/www.korhanyilmaz.com\/index.php?rest_route=%2Fwp%2Fv2%2Ftags&post=51903"}],"curies":[{"name":"wp","href":"https:\/\/api.w.org\/{rel}","templated":true}]}}