{"id":5190,"date":"2009-03-13T15:32:17","date_gmt":"2009-03-13T13:32:17","guid":{"rendered":"http:\/\/www.korhanyilmaz.com\/?p=5190"},"modified":"2009-03-13T15:32:17","modified_gmt":"2009-03-13T13:32:17","slug":"meclis-olaganustu-toplanacak","status":"publish","type":"post","link":"http:\/\/www.korhanyilmaz.com\/?p=5190","title":{"rendered":"Meclis ola\u011fan\u00fcst\u00fc toplanacak"},"content":{"rendered":"<p><img loading=\"lazy\" decoding=\"async\" class=\"aligncenter size-full wp-image-5204\" title=\"T\u00fcrkiye B\u00fcy\u00fck Millet Meclisi\" src=\"http:\/\/www.korhanyilmaz.com\/wp-content\/uploads\/2009\/03\/tbmm1.jpg\" alt=\"T\u00fcrkiye B\u00fcy\u00fck Millet Meclisi\" width=\"298\" height=\"209\" \/><\/p>\n<p style=\"text-align: center;\">\n<p style=\"text-align: justify;\">TBMM Ba\u015fkan\u0131 K\u00f6ksal Toptan, ABD Ba\u015fkan\u0131 Barack Obama&#8217;n\u0131n, Meclis k\u00fcrs\u00fcs\u00fcnden hitap etmesini istediklerini belirterek, &#8221;Obama geldi\u011fi takdirde Meclisi ola\u011fan\u00fcst\u00fc toplant\u0131ya \u00e7a\u011f\u0131rabiliriz&#8221; dedi.<\/p>\n<p style=\"text-align: justify;\">TES-\u0130\u015e&#8217;te d\u00fczenlenen &#8221;Toplumsal Uzla\u015fma, Bar\u0131\u015f ve Demokrasimizin G\u00fc\u00e7lendirilmesinde \u0130nsani De\u011ferler&#8221; konulu panelin ard\u0131ndan Toptan, gazetecilerin sorular\u0131n\u0131 yan\u0131tlad\u0131.<!--more--><br \/>\nToptan, Obama&#8217;n\u0131n T\u00fcrkiye ziyaretine ili\u015fkin bir soruyu yan\u0131tlarken, &#8221;Obama&#8217;n\u0131n Mecliste konu\u015fmas\u0131n\u0131 arzu ediyoruz. Meclis k\u00fcrs\u00fcs\u00fcnden, milletvekillerine, T\u00fcrk milletine hitap etmesini istiyoruz. Yetkililerle d\u00fcn arkada\u015flar\u0131m\u0131z toplant\u0131 yapt\u0131lar. Obama geldi\u011fi takdirde Meclisi ola\u011fan\u00fcst\u00fc toplant\u0131ya \u00e7a\u011f\u0131rabiliriz&#8221; diye konu\u015ftu.\n<\/p>\n<p style=\"text-align: justify;\">\u0130ran Cumhurba\u015fkan\u0131 Mahmud Ahmedinejad&#8217;\u0131n, T\u00fcrkiye&#8217;nin arabuluculu\u011funa ihtiya\u00e7lar\u0131 olmad\u0131\u011f\u0131na y\u00f6nelik a\u00e7\u0131klamas\u0131na ili\u015fkin de\u011ferlendirmesinin istenmesi \u00fczerine de Toptan, &#8221;Biz arabuluculuk konusunda talep ve niyet i\u00e7inde de\u011filiz. B\u00f6lgede, huzur, bar\u0131\u015f, istikrar istiyoruz&#8221; dedi.<\/p>\n<p style=\"text-align: justify;\"><span style=\"color: #888888;\">Kaynak : Haber Ajanslar\u0131<\/span><\/p>\n","protected":false},"excerpt":{"rendered":"<\/p>\n<p style=\"text-align: center;\">\n<p style=\"text-align: justify;\">TBMM Ba\u015fkan\u0131 K\u00f6ksal Toptan, ABD Ba\u015fkan\u0131 Barack Obama&#8217;n\u0131n, Meclis k\u00fcrs\u00fcs\u00fcnden hitap etmesini istediklerini belirterek, &#8221;Obama geldi\u011fi takdirde Meclisi ola\u011fan\u00fcst\u00fc toplant\u0131ya \u00e7a\u011f\u0131rabiliriz&#8221; dedi.<\/p>\n<p style=\"text-align: justify;\">TES-\u0130\u015e&#8217;te d\u00fczenlenen &#8221;Toplumsal Uzla\u015fma, Bar\u0131\u015f ve Demokrasimizin G\u00fc\u00e7lendirilmesinde \u0130nsani De\u011ferler&#8221; konulu panelin ard\u0131ndan Toptan, gazetecilerin sorular\u0131n\u0131 yan\u0131tlad\u0131.<\/p>\n","protected":false},"author":1,"featured_media":0,"comment_status":"open","ping_status":"closed","sticky":false,"template":"","format":"standard","meta":{"footnotes":""},"categories":[105],"tags":[],"class_list":["post-5190","post","type-post","status-publish","format-standard","hentry","category-gundem","odd"],"_links":{"self":[{"href":"http:\/\/www.korhanyilmaz.com\/index.php?rest_route=\/wp\/v2\/posts\/5190","targetHints":{"allow":["GET"]}}],"collection":[{"href":"http:\/\/www.korhanyilmaz.com\/index.php?rest_route=\/wp\/v2\/posts"}],"about":[{"href":"http:\/\/www.korhanyilmaz.com\/index.php?rest_route=\/wp\/v2\/types\/post"}],"author":[{"embeddable":true,"href":"http:\/\/www.korhanyilmaz.com\/index.php?rest_route=\/wp\/v2\/users\/1"}],"replies":[{"embeddable":true,"href":"http:\/\/www.korhanyilmaz.com\/index.php?rest_route=%2Fwp%2Fv2%2Fcomments&post=5190"}],"version-history":[{"count":0,"href":"http:\/\/www.korhanyilmaz.com\/index.php?rest_route=\/wp\/v2\/posts\/5190\/revisions"}],"wp:attachment":[{"href":"http:\/\/www.korhanyilmaz.com\/index.php?rest_route=%2Fwp%2Fv2%2Fmedia&parent=5190"}],"wp:term":[{"taxonomy":"category","embeddable":true,"href":"http:\/\/www.korhanyilmaz.com\/index.php?rest_route=%2Fwp%2Fv2%2Fcategories&post=5190"},{"taxonomy":"post_tag","embeddable":true,"href":"http:\/\/www.korhanyilmaz.com\/index.php?rest_route=%2Fwp%2Fv2%2Ftags&post=5190"}],"curies":[{"name":"wp","href":"https:\/\/api.w.org\/{rel}","templated":true}]}}