{"id":5185,"date":"2009-03-13T16:38:27","date_gmt":"2009-03-13T14:38:27","guid":{"rendered":"http:\/\/www.korhanyilmaz.com\/?p=5185"},"modified":"2009-03-13T16:38:27","modified_gmt":"2009-03-13T14:38:27","slug":"erdogana-ikinci-peygamber-benzetmesi","status":"publish","type":"post","link":"http:\/\/www.korhanyilmaz.com\/?p=5185","title":{"rendered":"Erdo\u011fan&#039;a &#039;ikinci peygamber&#039; benzetmesi"},"content":{"rendered":"<p style=\"text-align: center;\"><a href=\"http:\/\/www.korhanyilmaz.com\/wp-content\/uploads\/2009\/03\/140320090408198600950.jpg\"  class=\"lightview\"><img loading=\"lazy\" decoding=\"async\" class=\"aligncenter size-full wp-image-5243\" title=\"Erdo\u011fan'a 'ikinci peygamber' benzetmesi \" src=\"http:\/\/www.korhanyilmaz.com\/wp-content\/uploads\/2009\/03\/140320090408198600950.jpg\" alt=\"Erdo\u011fan'a 'ikinci peygamber' benzetmesi \" width=\"376\" height=\"240\" \/><\/a><a class=\"lightview\" title=\"\u00d6l\u00e7\u00fcy\u00fc \u0130yice Ka\u00e7\u0131rd\u0131lar..Erdo\u011fan'a 'ikinci peygamber' benzetmesi. ::  :: width: 500, height: 395\" rel=\"iframe\" href=\"http:\/\/www.korhanyilmaz.com\/swf\/flvplayer.swf?file=http:\/\/video.gazetevatan.com\/video\/file\/140320090427100386235.flv\"><img loading=\"lazy\" decoding=\"async\" class=\"aligncenter\" src=\"wp-data\/images\/video_izle_tikla.png\" alt=\"Erdo\u011fan'a 'ikinci peygamber' benzetmesi.\" width=\"30\" height=\"30\" \/ class=\"lightview\"><\/a><\/p>\n<p style=\"text-align: justify;\"><strong>MHP&#8217;li Vural, AKP&#8217;li bir il ba\u015fkan\u0131n\u0131n Erdo\u011fan i\u00e7in &#8220;\u0130kinci Peygamber gibidir&#8221; dedi\u011fini s\u00f6yledi<\/strong><\/p>\n<p style=\"text-align: justify;\">MHP Grup Ba\u015fkanvekili Oktay Vural, se\u00e7im mitinglerinde &#8220;Son Osmanl\u0131 Padi\u015fah\u0131&#8221; ve &#8220;2&#8217;nci Atat\u00fcrk&#8221; pankartlar\u0131 a\u00e7\u0131lan Ba\u015fbakan Recep Tayyip Erdo\u011fan i\u00e7in AKP Ayd\u0131n \u0130l Ba\u015fkan\u0131 \u0130smail Hakk\u0131 Eser&#8217;in 14 Kas\u0131m 2008&#8217;de yapt\u0131\u011f\u0131 bir konu\u015fmada &#8220;\u0130kinci Peygamber gibidir&#8221; dedi\u011fini \u00f6ne s\u00fcrd\u00fc. Ayd\u0131n il ba\u015fkan\u0131 Eser&#8217;in, 29 Mart se\u00e7imlerinde &#8220;taltif&#8221; edildi\u011fini ve Ayd\u0131n \u0130l Genel Meclisi birinci s\u0131radan aday g\u00f6sterildi\u011fini s\u00f6yleyen Vural Erdo\u011fan&#8217;a &#8220;Sen kimsin ki peygamberimize, dil uzatacak, onun ad\u0131n\u0131 alacak, mukayese ettirecek kadar bu milli manevi de\u011ferlerimizin i\u00e7ini hortumluyorsun?&#8221; dedi.<!--more--><br \/>\nMHP Grup Ba\u015fkanvekili Oktay Vural Meclis&#8217;te d\u00fczenledi\u011fi bas\u0131n toplant\u0131s\u0131nda, son g\u00fcnlerde Ba\u015fbakan Erdo\u011fan&#8217;\u0131n kendisine bir tak\u0131m s\u0131fatlar\u0131n yak\u0131\u015ft\u0131r\u0131lmas\u0131ndan ayr\u0131 bir haz duydu\u011funu savundu. Daha \u00f6nce Erdo\u011fan&#8217;a eski ABD Ba\u015fkan\u0131 Bush&#8217;un &#8220;BOP e\u015fba\u015fkan\u0131&#8221; g\u00f6revini verdi\u011fini hat\u0131rlatan Vural &#8220;Daha sonra Davos \u00e7\u0131kt\u0131, Fatih oldu. Sonra da Padi\u015fah oldu, Atat\u00fcrk&#8217;le ilgili pankart a\u00e7\u0131ld\u0131. Do\u011frusu sen T\u00fcrkiye Cumhuriyeti Ba\u015fbakan\u0131 m\u0131s\u0131n, AKP Genel Ba\u015fkan\u0131 m\u0131s\u0131n, nesin sen diye sorma ihtiyac\u0131 duyuyoruz&#8221; dedi.\n<\/p>\n<p style=\"text-align: justify;\"><strong>-&#8220;AYDIN \u0130L BA\u015eKANI 2&#8217;NC\u0130 PEYGAMBER D\u0130YOR&#8221;-<\/strong><\/p>\n<p style=\"text-align: justify;\">Bas\u0131n toplant\u0131s\u0131nda AKP Ayd\u0131n \u0130l Ba\u015fkan\u0131 \u0130smail Hakk\u0131 Eser&#8217;in 14 Kas\u0131m 2008&#8217;de yapt\u0131\u011f\u0131 bir konu\u015fman\u0131n kayd\u0131n\u0131 dinleten Vural, \u0130l Ba\u015fkan\u0131&#8217;n\u0131n Erdo\u011fan i\u00e7in &#8220;Biz Ba\u015fbakan\u0131m\u0131z\u0131n a\u015fa\u011f\u0131y\u0131z. Ba\u015fbakan\u0131m\u0131z bizim i\u00e7in adeta ikinci peygamber gibidir&#8221; dedi\u011fini kaydetti. \u0130l Ba\u015fkan\u0131&#8217;n\u0131n konu\u015fmas\u0131n\u0131n CD&#8217;lerini de bas\u0131n mensuplar\u0131na da\u011f\u0131tan Vural, Eser&#8217;in 29 Mart se\u00e7imlerinde taltif edilerek \u0130l Genel Meclisi birinci s\u0131radan aday g\u00f6sterildi\u011fini kaydetti.<\/p>\n<p style=\"text-align: justify;\"><strong>-&#8220;SEN K\u0130MS\u0130N SAYIN BA\u015eBAKAN&#8221;-<\/strong><\/p>\n<p style=\"text-align: justify;\">Ba\u015fbakan Erdo\u011fan&#8217;a &#8220;Sen kimsin Say\u0131n Ba\u015fbakan&#8221; diye seslenen Vural, \u015f\u00f6yle konu\u015ftu:<\/p>\n<p style=\"text-align: justify;\">&#8220;Sen kimsin ki peygamberimize, el uzatacak kadar onun ad\u0131n\u0131 alacak, mukayese ettirecek kadar bu milli manevi de\u011ferlerimizin i\u00e7ini hortumluyorsun. Yeri geldi\u011fi zaman iktidar\u0131 i\u00e7in partisi i\u00e7in &#8216;Papaz elbisesi bile giyerim&#8217; diyen bir kimsesin. Bug\u00fcn geldi\u011fimiz bu noktada milli manevi \u015fahsiyet abidelerimizle mukayese edecek kadar g\u00f6zlerini h\u0131rs b\u00fcr\u00fcm\u00fc\u015f. Bunlardan dolay\u0131 b\u00fcy\u00fck \u00fcz\u00fcnt\u00fc duyuyoruz. Ve b\u00f6yle kimseleri yapt\u0131r\u0131p konu\u015fturup taltif ettiren bir siyasal zihniyetle kar\u015f\u0131 kar\u015f\u0131yay\u0131z. B\u00f6yle bir ki\u015finin milli ve manevi de\u011fer \u015fahsiyetlerimizle mukayese edilmesini de T\u00fcrk milletine hakaret kabul ediyorum.&#8221;<\/p>\n<p style=\"text-align: justify;\"><strong>-&#8220;BURASI TAYY\u0130BAN CUMHUR\u0130YET\u0130 DE\u011e\u0130L&#8221;-<\/strong><\/p>\n<p style=\"text-align: justify;\">T\u00fcrkiye&#8217;de y\u0131prat\u0131lmad\u0131k milli ve manevi \u015fahsiyet kalmad\u0131\u011f\u0131n\u0131 kaydeden Vural Peygamber&#8217;e kimsenin dil uzatmaya hakk\u0131 olmad\u0131\u011f\u0131n\u0131 s\u00f6yledi. Ayd\u0131n \u0130l Ba\u015fkan\u0131n\u0131n s\u00f6zleriyle ilgili Cumhuriyet Savc\u0131lar\u0131n\u0131 g\u00f6reve davet eden Vural &#8220;T\u00fcrkiye demokratik bir \u00fclke midir, de\u011fil midir? Ne sultan\u0131s\u0131n sen. \u0130\u015fsiz kalan yoksul b\u0131rakt\u0131\u011f\u0131n g\u00f6n\u00fcllerin mi, yoksa b\u00f6yle inan\u00e7 de\u011ferlerimizin i\u00e7ini bo\u015faltanlar\u0131n g\u00f6n\u00fcllerinin sultan\u0131 m\u0131s\u0131n? Yoksa Bush&#8217;un BOP&#8217;unun g\u00f6nl\u00fcn\u00fcn sultan\u0131 m\u0131s\u0131n? Yoksa Davos&#8217;un sultan\u0131 m\u0131s\u0131n? Buras\u0131 Tayyiban cumhuriyeti de\u011fil. Uyar\u0131yorum bir daha milli ve manevi \u015fahsiyetlere, peygamberimize dil uzatanlar hadlerini bilsinler&#8221; diye konu\u015ftu.<\/p>\n<p style=\"text-align: justify;\"><strong>-SU SAYA\u00c7LARI \u0130LE \u0130LG\u0130L\u0130 \u0130DD\u0130ALAR-<\/strong><\/p>\n<p style=\"text-align: justify;\">Vural, bas\u0131n toplant\u0131s\u0131nda, Ankara B\u00fcy\u00fck\u015fehir Belediye Ba\u015fkan\u0131 Melih G\u00f6k\u00e7ek&#8217;le ilgili de yeni iddialarda bulundu. Su saya\u00e7lar\u0131yla ilgili Sanayi Bakanl\u0131\u011f\u0131 \u00d6l\u00e7\u00fcler ve Standartlar Genel M\u00fcd\u00fcrl\u00fc\u011f\u00fc&#8217;n\u00fcn 2007 y\u0131l\u0131nda \u0130\u00e7i\u015fleri Bakanl\u0131\u011f\u0131&#8217;na yaz\u0131 g\u00f6nderdi\u011fini ve su saya\u00e7lar\u0131yla ilgili 670 TL civar\u0131ndaki rakam\u0131n t\u00fcketicilere k\u00fclfet getirdi\u011fini ve abonelerin ma\u011fdur edildi\u011fini bildirdi\u011fini s\u00f6yleyen Vural, &#8220;Sanayi bakanl\u0131\u011f\u0131 &#8216;b\u00fcy\u00fck k\u00fclfet&#8217; diyor ancak soygun devam ediyor. \u0130\u00e7i\u015fleri Bakanl\u0131\u011f\u0131 bu konuda ne yapt\u0131, Ankara Valili\u011fi ne yapt\u0131? Ankara&#8217;da niye zorunlu olarak \u00f6n \u00f6demeli su sayac\u0131 tak\u0131l\u0131yor?&#8221; diye konu\u015ftu. Ankara B\u00fcy\u00fck\u015fehir Belediyesi&#8217;nin 26-28 Ocak 2009&#8217;da, Elektromed \u015firketinden, y\u00fczde 20 i\u015f art\u0131r\u0131m\u0131 ile 60 bin su sayac\u0131 al\u0131m\u0131 daha yapt\u0131\u011f\u0131n\u0131 kaydeden Vural, &#8220;Ankaral\u0131 kaz\u0131klanmaya devam ediyor, saya\u00e7 m\u0131 kalmad\u0131 depolarda? 42 bin saya\u00e7 var, sayac\u0131n\u0131z m\u0131 bitti de 60 bin saya\u00e7 daha al\u0131yorsunuz? G\u00fcnde 200 saya\u00e7 tak\u0131l\u0131yor bu 60 ayl\u0131k saya\u00e7 al\u0131nd\u0131\u011f\u0131n\u0131 ortaya koyuyor. Bu da G\u00f6k\u00e7ek&#8217;in Ankaral\u0131&#8217;ya su \u00fczerinden kaz\u0131\u011f\u0131&#8221; diye konu\u015ftu.<\/p>\n<p style=\"text-align: justify;\"><strong>-&#8220;\u0130HTAREN S\u00d6YL\u00dcYORUM \u0130\u015eTEN EL \u00c7EKT\u0130R\u0130LEB\u0130LECE\u011e\u0130N G\u00dcNLER YAKIN&#8221;-<\/strong><\/p>\n<p style=\"text-align: justify;\">G\u00f6k\u00e7ek&#8217;e &#8220;ihtaren s\u00f6yl\u00fcyorum i\u015ften el \u00e7ektirilebilece\u011fin g\u00fcnler yak\u0131n&#8221; diye seslenen Vural, G\u00f6k\u00e7ek&#8217;in kendisiyle ilgili ara\u015ft\u0131rma yapt\u0131rd\u0131\u011f\u0131 iddialar\u0131 konusunda ise &#8220;Y\u00fcre\u011fin yetiyorsa \u00e7\u0131k televizyondan s\u00f6yle. Mesaj g\u00f6nderme. Ne istiyorsan sor. Evime gelip \u00e7ay i\u00e7ebilir, gel sana ac\u0131 kahve i\u00e7ireyim&#8221; diye konu\u015ftu. Vural G\u00f6lba\u015f\u0131nda malvarl\u0131\u011f\u0131 olup olmad\u0131\u011f\u0131 y\u00f6n\u00fcndeki bir soruya ise &#8220;Var benim de\u011fil e\u015fimin, imars\u0131z yerde&#8221; kar\u015f\u0131l\u0131\u011f\u0131n\u0131 verdi.<\/p>\n<p style=\"text-align: justify;\"><span style=\"color: #888888;\">Kaynak : Vatan Gazetesi<\/span><\/p>\n","protected":false},"excerpt":{"rendered":"<p style=\"text-align: center;\">\n<p style=\"text-align: justify;\">MHP&#8217;li Vural, AKP&#8217;li bir il ba\u015fkan\u0131n\u0131n Erdo\u011fan i\u00e7in &#8220;\u0130kinci Peygamber gibidir&#8221; dedi\u011fini s\u00f6yledi<\/p>\n<p style=\"text-align: justify;\">MHP Grup Ba\u015fkanvekili Oktay Vural, se\u00e7im mitinglerinde &#8220;Son Osmanl\u0131 Padi\u015fah\u0131&#8221; ve &#8220;2&#8217;nci Atat\u00fcrk&#8221; pankartlar\u0131 a\u00e7\u0131lan Ba\u015fbakan Recep Tayyip Erdo\u011fan i\u00e7in AKP Ayd\u0131n \u0130l Ba\u015fkan\u0131 \u0130smail Hakk\u0131 Eser&#8217;in 14 Kas\u0131m 2008&#8217;de yapt\u0131\u011f\u0131 bir konu\u015fmada &#8220;\u0130kinci Peygamber <\/p>\n","protected":false},"author":1,"featured_media":0,"comment_status":"open","ping_status":"closed","sticky":false,"template":"","format":"standard","meta":{"footnotes":""},"categories":[105],"tags":[],"class_list":["post-5185","post","type-post","status-publish","format-standard","hentry","category-gundem","odd"],"_links":{"self":[{"href":"http:\/\/www.korhanyilmaz.com\/index.php?rest_route=\/wp\/v2\/posts\/5185","targetHints":{"allow":["GET"]}}],"collection":[{"href":"http:\/\/www.korhanyilmaz.com\/index.php?rest_route=\/wp\/v2\/posts"}],"about":[{"href":"http:\/\/www.korhanyilmaz.com\/index.php?rest_route=\/wp\/v2\/types\/post"}],"author":[{"embeddable":true,"href":"http:\/\/www.korhanyilmaz.com\/index.php?rest_route=\/wp\/v2\/users\/1"}],"replies":[{"embeddable":true,"href":"http:\/\/www.korhanyilmaz.com\/index.php?rest_route=%2Fwp%2Fv2%2Fcomments&post=5185"}],"version-history":[{"count":0,"href":"http:\/\/www.korhanyilmaz.com\/index.php?rest_route=\/wp\/v2\/posts\/5185\/revisions"}],"wp:attachment":[{"href":"http:\/\/www.korhanyilmaz.com\/index.php?rest_route=%2Fwp%2Fv2%2Fmedia&parent=5185"}],"wp:term":[{"taxonomy":"category","embeddable":true,"href":"http:\/\/www.korhanyilmaz.com\/index.php?rest_route=%2Fwp%2Fv2%2Fcategories&post=5185"},{"taxonomy":"post_tag","embeddable":true,"href":"http:\/\/www.korhanyilmaz.com\/index.php?rest_route=%2Fwp%2Fv2%2Ftags&post=5185"}],"curies":[{"name":"wp","href":"https:\/\/api.w.org\/{rel}","templated":true}]}}