{"id":51790,"date":"2012-05-20T22:55:52","date_gmt":"2012-05-20T19:55:52","guid":{"rendered":"http:\/\/www.korhanyilmaz.com\/?p=51790"},"modified":"2012-05-21T01:08:09","modified_gmt":"2012-05-20T22:08:09","slug":"first-ladyler-bulusmasi","status":"publish","type":"post","link":"http:\/\/www.korhanyilmaz.com\/?p=51790","title":{"rendered":"&#8220;First Lady&#8221;ler bulu\u015fmas\u0131!"},"content":{"rendered":"<p style=\"text-align: center;\"><a href=\"http:\/\/www.korhanyilmaz.com\/wp-content\/uploads\/2012\/05\/F005.jpg\"  class=\"lightview\"><img loading=\"lazy\" decoding=\"async\" class=\"aligncenter  wp-image-51791\" src=\"http:\/\/www.korhanyilmaz.com\/wp-content\/uploads\/2012\/05\/F005.jpg\" alt=\"\" width=\"307\" height=\"236\" \/><\/a><\/p>\n<p style=\"text-align: justify;\">ABD&#8217;nin \u015eikago kentindeki NATO Zirvesi&#8217;ne kat\u0131lan liderlerin e\u015fleri, ABD Ba\u015fkan\u0131 Barack Obama&#8217;n\u0131n e\u015fi Michelle Obama&#8217;n\u0131n ev sahipli\u011finde bir araya geldi. Zirveye kat\u0131lmak \u00fczere \u015eikago&#8217;da bulunan Cumhurba\u015fkan\u0131 Abdullah G\u00fcl&#8217;\u00fcn e\u015fi Hayr\u00fcnnisa G\u00fcl de Gary Comer Gen\u00e7lik Merkezi&#8217;nde d\u00fczenlenen programa kat\u0131ld\u0131.<\/p>\n<p style=\"text-align: justify;\">Cumhurba\u015fkanl\u0131\u011f\u0131n\u0131n internet sitesinde yer alan habere g\u00f6re Hayr\u00fcnnisa G\u00fcl, e\u011fitim, sanat ve spor gibi \u00e7e\u015fitli alanlarda okul sonras\u0131 programlar y\u00fcr\u00fct\u00fclen merkeze geli\u015finde Michelle Obama taraf\u0131ndan kar\u015f\u0131land\u0131. Foto\u011fraf \u00e7ekiminin ard\u0131ndan konuklar, Michelle Obama ile Gary Comer Gen\u00e7lik Merkezi&#8217;ni gezdiler.<!--more--><\/p>\n<p style=\"text-align: justify;\">Gen\u00e7lik merkezindeki \u00e7al\u0131\u015fmalar ve imkanlar hakk\u0131nda bilgi alan &#8220;first lady&#8221;ler, \u00e7al\u0131\u015fma salonlar\u0131nda faaliyetleri yak\u0131ndan inceleme f\u0131rsat\u0131 buldular.<\/p>\n<p style=\"text-align: justify;\">Bah\u00e7e Salonu&#8217;nda \u00e7al\u0131\u015fan \u00f6\u011frenciler ve \u00f6\u011fretmenleriyle bir araya gelen lider e\u015fleri, \u00e7ocuklar\u0131n bah\u00e7elerde \u00fcrettikleri \u00fcr\u00fcnleri tatt\u0131lar. Hayr\u00fcnnisa G\u00fcl de \u00f6\u011frencilerle sohbet ederek, organik tar\u0131m\u0131n \u00f6nemine de\u011findi. G\u00fcl, \u00e7ocuklar\u0131 ve \u00f6\u011fretmenlerini \u00e7al\u0131\u015fmalar\u0131ndan dolay\u0131 kutlad\u0131.<\/p>\n<p style=\"text-align: justify;\">Bah\u00e7enin ard\u0131ndan Michelle Obama ve di\u011fer konuklarla Mutfak Salonu&#8217;na ge\u00e7en Hayr\u00fcnnisa G\u00fcl, bah\u00e7ede \u00fcrettikleri \u00fcr\u00fcnleri kullanarak yapt\u0131klar\u0131 yemekleri sergileyen \u00f6\u011frencilerle yak\u0131ndan ilgilendi.<\/p>\n<p style=\"text-align: justify;\"><strong>-\u00c7ocuklar\u0131n yeti\u015ftirdi\u011fi \u00fcr\u00fcnlerden \u00f6\u011fle yeme\u011fi-<\/strong><\/p>\n<p style=\"text-align: justify;\">Gary Comer Gen\u00e7lik Merkezi&#8217;nin sanat, spor ve dans salonlar\u0131n\u0131 da gezen heyet, st\u00fcdyo olarak d\u00fczenlenen Kay\u0131t Salonu&#8217;nda, ba\u015fta hip hop olmak \u00fczere \u00e7e\u015fitli t\u00fcrlerdeki \u015fark\u0131lardan olu\u015fan mini konseri izlediler. Keyifli anlar ya\u015fayan ve zaman zaman \u00e7ocuklara e\u015flik eden &#8220;first lady&#8221;lere, dans g\u00f6sterisi de sunuldu.<\/p>\n<p style=\"text-align: justify;\">Gezinin ard\u0131ndan, Hayr\u00fcnnisa G\u00fcl ve di\u011fer davetliler Michelle Obama&#8217;n\u0131n ev sahipli\u011finde, \u00e7ocuklar\u0131n yeti\u015ftirdi\u011fi sebze ve meyvelerden haz\u0131rlanan \u00f6\u011fle yeme\u011fine kat\u0131ld\u0131.<\/p>\n<p style=\"text-align: justify;\">Hayr\u00fcnnisa G\u00fcl, lider e\u015fleri ile \u015eikago Sanat Enstit\u00fcs\u00fc&#8217;n\u00fc gezdikten sonra Michelle Obama taraf\u0131ndan lider e\u015fleri onuruna d\u00fczenlenen ak\u015fam yeme\u011fine kat\u0131lacak.<\/p>\n<p style=\"text-align: justify;\"><a href=\"http:\/\/www.cnnturk.com\/2012\/dunya\/05\/20\/first.ladyler.bulusmasi\/661746.0\/index.html\" target=\"_blank\">Kaynak : CNN T\u00dcRK<\/a><\/p>\n","protected":false},"excerpt":{"rendered":"<p style=\"text-align: center;\">\n<p style=\"text-align: justify;\">ABD&#8217;nin \u015eikago kentindeki NATO Zirvesi&#8217;ne kat\u0131lan liderlerin e\u015fleri, ABD Ba\u015fkan\u0131 Barack Obama&#8217;n\u0131n e\u015fi Michelle Obama&#8217;n\u0131n ev sahipli\u011finde bir araya geldi. Zirveye kat\u0131lmak \u00fczere \u015eikago&#8217;da bulunan Cumhurba\u015fkan\u0131 Abdullah G\u00fcl&#8217;\u00fcn e\u015fi Hayr\u00fcnnisa G\u00fcl de Gary Comer Gen\u00e7lik Merkezi&#8217;nde d\u00fczenlenen programa kat\u0131ld\u0131.<\/p>\n<p style=\"text-align: justify;\">Cumhurba\u015fkanl\u0131\u011f\u0131n\u0131n internet sitesinde yer alan habere g\u00f6re Hayr\u00fcnnisa G\u00fcl, <\/p>\n","protected":false},"author":1,"featured_media":0,"comment_status":"open","ping_status":"open","sticky":false,"template":"","format":"standard","meta":{"footnotes":""},"categories":[3],"tags":[],"class_list":["post-51790","post","type-post","status-publish","format-standard","hentry","category-dunya","odd"],"_links":{"self":[{"href":"http:\/\/www.korhanyilmaz.com\/index.php?rest_route=\/wp\/v2\/posts\/51790","targetHints":{"allow":["GET"]}}],"collection":[{"href":"http:\/\/www.korhanyilmaz.com\/index.php?rest_route=\/wp\/v2\/posts"}],"about":[{"href":"http:\/\/www.korhanyilmaz.com\/index.php?rest_route=\/wp\/v2\/types\/post"}],"author":[{"embeddable":true,"href":"http:\/\/www.korhanyilmaz.com\/index.php?rest_route=\/wp\/v2\/users\/1"}],"replies":[{"embeddable":true,"href":"http:\/\/www.korhanyilmaz.com\/index.php?rest_route=%2Fwp%2Fv2%2Fcomments&post=51790"}],"version-history":[{"count":0,"href":"http:\/\/www.korhanyilmaz.com\/index.php?rest_route=\/wp\/v2\/posts\/51790\/revisions"}],"wp:attachment":[{"href":"http:\/\/www.korhanyilmaz.com\/index.php?rest_route=%2Fwp%2Fv2%2Fmedia&parent=51790"}],"wp:term":[{"taxonomy":"category","embeddable":true,"href":"http:\/\/www.korhanyilmaz.com\/index.php?rest_route=%2Fwp%2Fv2%2Fcategories&post=51790"},{"taxonomy":"post_tag","embeddable":true,"href":"http:\/\/www.korhanyilmaz.com\/index.php?rest_route=%2Fwp%2Fv2%2Ftags&post=51790"}],"curies":[{"name":"wp","href":"https:\/\/api.w.org\/{rel}","templated":true}]}}