{"id":51651,"date":"2012-05-09T08:03:05","date_gmt":"2012-05-09T05:03:05","guid":{"rendered":"http:\/\/www.korhanyilmaz.com\/?p=51651"},"modified":"2012-05-18T12:39:53","modified_gmt":"2012-05-18T09:39:53","slug":"president","status":"publish","type":"post","link":"http:\/\/www.korhanyilmaz.com\/?p=51651","title":{"rendered":"President"},"content":{"rendered":"<div id=\"attachment_37365\" style=\"width: 100px\" class=\"wp-caption alignright\"><img loading=\"lazy\" decoding=\"async\" aria-describedby=\"caption-attachment-37365\" class=\" wp-image-37365 \" title=\"Y\u0131lmaz \u00d6zdil - H\u00fcrriyet Gazetesi\" src=\"http:\/\/www.korhanyilmaz.com\/wp-content\/uploads\/2011\/07\/257.jpg\" alt=\"\" width=\"90\" height=\"96\" \/><p id=\"caption-attachment-37365\" class=\"wp-caption-text\">Y\u0131lmaz \u00d6zdil<\/p><\/div>\n<p style=\"text-align: justify;\">Ge\u00e7enlerde yemekteyim.<\/p>\n<p style=\"text-align: justify;\">Sa\u011f\u0131mda cemiyet ba\u015fkan\u0131 oturuyor, solumda belediye ba\u015fkan\u0131, tam kar\u015f\u0131mda y\u00f6netim kurulu ba\u015fkan\u0131, onun iki taraf\u0131nda kad\u0131n kollar\u0131 ba\u015fkan\u0131\u2019yla \u00fcniversiteden anabilim dal\u0131 ba\u015fkan\u0131&#8230; Masada <strong>\u201cba\u015fkan\u201d<\/strong> olmayan bi ben vard\u0131m, ki, cep telefonum \u00e7ald\u0131, arayan kul\u00fcp ba\u015fkan\u0131!<\/p>\n<p style=\"text-align: justify;\">*<\/p>\n<p style=\"text-align: justify;\"><strong>\u201cBa\u015fkan\u0131m merhaba, ba\u015fkanlarlay\u0131m\u201d <\/strong>dedim, <strong>\u201changileri?\u201d <\/strong>diye bile sormad\u0131, <strong>\u201cba\u015fkanlara sayg\u0131lar\u201d<\/strong> dedi, ki, masadaki ba\u015fkanlar da <strong>\u201ckim o?\u201d <\/strong>diye merak etmeden, <strong>\u201cba\u015fkana selamlar\u201d <\/strong>dedi.<!--more--><\/p>\n<p style=\"text-align: justify;\">*<\/p>\n<p style=\"text-align: justify;\">Bu memlekette&#8230;<\/p>\n<p>7 milyon ki\u015fi ba\u015fkan.<\/p>\n<p>Elini sallasan&#8230;<\/p>\n<p>Ba\u015fkan\u2019a \u00e7arp\u0131yor.<\/p>\n<p style=\"text-align: justify;\">*<\/p>\n<p style=\"text-align: justify;\">Genel ba\u015fkan.<\/p>\n<p>E\u015fba\u015fkan.<\/p>\n<p>Asba\u015fkan.<\/p>\n<p>Onursal ba\u015fkan.<\/p>\n<p style=\"text-align: justify;\">*<\/p>\n<p style=\"text-align: justify;\">Daire ba\u015fkan\u0131 var.<\/p>\n<p>Oda ba\u015fkan\u0131 var.<\/p>\n<p>Divan ba\u015fkan\u0131 var.<\/p>\n<p>(Her eve laz\u0131m.)<\/p>\n<p style=\"text-align: justify;\">*<\/p>\n<p style=\"text-align: justify;\">Sendika ba\u015fkan\u0131, vak\u0131f ba\u015fkan\u0131, birlik ba\u015fkan\u0131, borsa ba\u015fkan\u0131, dernek ba\u015fkan\u0131, kooperatif ba\u015fkan\u0131, konsey ba\u015fkan\u0131, te\u015fkilat ba\u015fkan\u0131, kurul ba\u015fkan\u0131, kurum ba\u015fkan\u0131, grup ba\u015fkan\u0131, heyet ba\u015fkan\u0131, \u00fc\u00fc\u00fcff, s\u0131k\u0131ld\u0131m, d\u00f6nem ba\u015fkan\u0131, mahkeme ba\u015fkan\u0131, kurmay ba\u015fkan\u0131, federasyon ba\u015fkan\u0131, konfederasyon ba\u015fkan\u0131, k\u00fcrs\u00fc ba\u015fkan\u0131, b\u00f6l\u00fcm ba\u015fkan\u0131, meclis ba\u015fkan\u0131, komisyon ba\u015fkan\u0131, sand\u0131k ba\u015fkan\u0131, il\u00e7e ba\u015fkan\u0131&#8230; 3 g\u00fcn bile ba\u015fkanl\u0131k yapsa, \u00f6mr\u00fcn\u00fcn sonuna kadar <strong>\u201cba\u015fkan\u201d<\/strong> s\u0131fat\u0131n\u0131 kullanan eski ba\u015fkan\u2019lar\u0131 ve ba\u015fkan vekillerini ilave et, 3 ki\u015fiden 1\u2019i ba\u015fkan.<\/p>\n<p style=\"text-align: justify;\">*<\/p>\n<p style=\"text-align: justify;\">Siyasete gelince&#8230;<\/p>\n<p style=\"text-align: justify;\">*<\/p>\n<p style=\"text-align: justify;\"><strong>\u201cBeyefendiye sordum, gerisi laf-\u0131 g\u00fczaf\u201d <\/strong>diyen milletvekili de var, <strong>\u201cBa\u015fbakan\u2019\u0131n konu\u015ftu\u011fu yerde bizim konu\u015fmam\u0131z olur mu, o ne derse o\u201d <\/strong>diyen bakan da var,<strong> \u201cBa\u015fbakan u\u00e7urumdan atlarsa, biz de atlar\u0131z, T\u00fcrk t\u00f6resinde b\u00f6yledir\u201d<\/strong> diyen bakan da&#8230;<\/p>\n<p>Ve hatta, 23 Nisan\u2019da koltu\u011funa oturttu\u011fu \u00e7ocu\u011fa \u201cister asar, ister kesersin\u201d diye nasihat eden ba\u015fbakan da.<\/p>\n<p style=\"text-align: justify;\">*<\/p>\n<p style=\"text-align: justify;\">Dolay\u0131s\u0131yla&#8230;<\/p>\n<p>Ba\u015fkanl\u0131k sistemi getirmek i\u00e7in ekstra \u00e7abaya gerek yok. \u201cBa\u015fkanc\u0131 sistem\u201d var zaten.<\/p>\n<p style=\"text-align: justify;\"><a href=\"http:\/\/www.hurriyet.com.tr\/yazarlar\/20512936.asp\" target=\"_blank\">Kaynak : H\u00fcrriyet.com.tr<\/a><\/p>\n","protected":false},"excerpt":{"rendered":"<p id=\"caption-attachment-37365\" class=\"wp-caption-text\">Y\u0131lmaz \u00d6zdil<\/p>\n<p style=\"text-align: justify;\">Ge\u00e7enlerde yemekteyim.<\/p>\n<p style=\"text-align: justify;\">Sa\u011f\u0131mda cemiyet ba\u015fkan\u0131 oturuyor, solumda belediye ba\u015fkan\u0131, tam kar\u015f\u0131mda y\u00f6netim kurulu ba\u015fkan\u0131, onun iki taraf\u0131nda kad\u0131n kollar\u0131 ba\u015fkan\u0131\u2019yla \u00fcniversiteden anabilim dal\u0131 ba\u015fkan\u0131&#8230; Masada \u201cba\u015fkan\u201d olmayan bi ben vard\u0131m, ki, cep telefonum \u00e7ald\u0131, arayan kul\u00fcp ba\u015fkan\u0131!<\/p>\n<p style=\"text-align: justify;\">*<\/p>\n<p style=\"text-align: justify;\">\u201cBa\u015fkan\u0131m merhaba, ba\u015fkanlarlay\u0131m\u201d dedim, \u201changileri?\u201d <\/p>\n","protected":false},"author":1,"featured_media":0,"comment_status":"open","ping_status":"open","sticky":false,"template":"","format":"standard","meta":{"footnotes":""},"categories":[16],"tags":[30],"class_list":["post-51651","post","type-post","status-publish","format-standard","hentry","category-kose-yazilari","tag-yilmaz-ozdil","odd"],"_links":{"self":[{"href":"http:\/\/www.korhanyilmaz.com\/index.php?rest_route=\/wp\/v2\/posts\/51651","targetHints":{"allow":["GET"]}}],"collection":[{"href":"http:\/\/www.korhanyilmaz.com\/index.php?rest_route=\/wp\/v2\/posts"}],"about":[{"href":"http:\/\/www.korhanyilmaz.com\/index.php?rest_route=\/wp\/v2\/types\/post"}],"author":[{"embeddable":true,"href":"http:\/\/www.korhanyilmaz.com\/index.php?rest_route=\/wp\/v2\/users\/1"}],"replies":[{"embeddable":true,"href":"http:\/\/www.korhanyilmaz.com\/index.php?rest_route=%2Fwp%2Fv2%2Fcomments&post=51651"}],"version-history":[{"count":0,"href":"http:\/\/www.korhanyilmaz.com\/index.php?rest_route=\/wp\/v2\/posts\/51651\/revisions"}],"wp:attachment":[{"href":"http:\/\/www.korhanyilmaz.com\/index.php?rest_route=%2Fwp%2Fv2%2Fmedia&parent=51651"}],"wp:term":[{"taxonomy":"category","embeddable":true,"href":"http:\/\/www.korhanyilmaz.com\/index.php?rest_route=%2Fwp%2Fv2%2Fcategories&post=51651"},{"taxonomy":"post_tag","embeddable":true,"href":"http:\/\/www.korhanyilmaz.com\/index.php?rest_route=%2Fwp%2Fv2%2Ftags&post=51651"}],"curies":[{"name":"wp","href":"https:\/\/api.w.org\/{rel}","templated":true}]}}