{"id":51578,"date":"2012-05-18T08:02:35","date_gmt":"2012-05-18T05:02:35","guid":{"rendered":"http:\/\/www.korhanyilmaz.com\/?p=51578"},"modified":"2012-05-18T11:07:11","modified_gmt":"2012-05-18T08:07:11","slug":"yeni-devletses-versene","status":"publish","type":"post","link":"http:\/\/www.korhanyilmaz.com\/?p=51578","title":{"rendered":"\u201cYeni Devlet\u201d,ses versene!"},"content":{"rendered":"<div id=\"attachment_51579\" style=\"width: 100px\" class=\"wp-caption alignright\"><img loading=\"lazy\" decoding=\"async\" aria-describedby=\"caption-attachment-51579\" class=\" wp-image-51579 \" title=\"Zafer Arapkirli - GAZETEPORT\" src=\"http:\/\/www.korhanyilmaz.com\/wp-content\/uploads\/2012\/05\/E202.jpg\" alt=\"\" width=\"90\" height=\"104\" \/><p id=\"caption-attachment-51579\" class=\"wp-caption-text\">Zafer Arapkirli<\/p><\/div>\n<p style=\"text-align: justify;\">Y\u0131l\u0131n son g\u00fcn\u00fcne yakla\u015f\u0131rken, bir gece sabaha kar\u015f\u0131 sosyal medya \u00fczerinden ve kamuoyunun kitlesel olarak izleyemedi\u011fi haber mecralar\u0131 \u00fczerinden zorla haberdar oluverdik, o saatlerce gizlenmeye \u00e7al\u0131\u015f\u0131lan Uludere (Roboski) katliam\u0131ndan.<\/p>\n<p style=\"text-align: justify;\">\u015eimdi, bu yaz\u0131y\u0131 okuyan birileri hemen\u00a0<strong>\u201cNe katliam\u0131 karde\u015fim? Devlet katliam yapmaz..\u201d\u00a0<\/strong>diye \u00fczerine atlayacakt\u0131r, ilk c\u00fcmlenin..<\/p>\n<p style=\"text-align: justify;\">Evet\u2026\u00a0<strong>KAT-L\u0130-AM<\/strong><\/p>\n<p style=\"text-align: justify;\">Ve devlet yapm\u0131\u015ft\u0131r bu\u00a0<strong>VAH\u015e\u0130 KATL\u0130AMI\u00a0<\/strong><\/p>\n<p style=\"text-align: justify;\">Zaten, devlet bunu ilk kez yapm\u0131yor..<!--more--><\/p>\n<p style=\"text-align: justify;\">Kimi zaman do\u011frudan, kimi zaman ma\u015falar\u0131 eliyle, kimi zaman yabanc\u0131 g\u00fc\u00e7lere ta\u015feron belgesi vererek, defalarca ger\u00e7ekle\u015ftirmi\u015ftir benzer eylemleri.<\/p>\n<p style=\"text-align: justify;\">Hatta baz\u0131lar\u0131n\u0131, sonradan k\u0131nama y\u00fczs\u00fczl\u00fc\u011f\u00fcn\u00fc ve pi\u015fkinli\u011fini bile g\u00f6stermi\u015ftir. D\u00f6nemsel siyasi ama\u00e7lar\u0131na alet etmek \u00fczere.. \u0130\u015fte Dersim, i\u015fte 1 May\u0131s 1977, i\u015fte ba\u015fkalar\u0131..\u00a0<strong>\u201cBen yapmad\u0131m o yapt\u0131.. Eskiler yapt\u0131\u201d<\/strong>\u00a0ucuzlu\u011funa tevess\u00fcl ederek. Sanki devletin eskisi yenisi olurmu\u015f gibi..<\/p>\n<p style=\"text-align: justify;\">\u015eimdi, ortada daha vahim bir katliam durmaktad\u0131r, izahat bekleyen.<\/p>\n<p style=\"text-align: justify;\">Neden daha vahim? \u00c7\u00fcnk\u00fc, devlet art\u0131k\u00a0<strong>\u201cderlendi\u011fini, toparland\u0131\u011f\u0131n\u0131, denetimsiz g\u00fc\u00e7leri denetim alt\u0131na ald\u0131\u011f\u0131n\u0131, derinlere inip oralara fener-projekt\u00f6r tuttu\u011funu\u201d<\/strong>\u00a0filan \u00f6ne s\u00fcrmektedir.\u00a0 O fenerler ve projekt\u00f6rleri s\u0131karak, kendisinden habersiz hi\u00e7bir \u015feyin olup bitemeyece\u011fini garanti alt\u0131na ald\u0131\u011f\u0131n\u0131 \u00f6ne s\u00fcrmektedir. Art\u0131k, o derin yap\u0131lar\u0131n, devleti g\u00fc\u00e7s\u00fczle\u015ftirmek i\u00e7in derinlerde ve sinsice bir \u015feyler \u00e7eviremeyece\u011fini, sivil ve me\u015fru otoritenin emri ve bilgisi d\u0131\u015f\u0131nda gizli eylemlere kalk\u0131\u015famayaca\u011f\u0131n\u0131\u00a0<strong>\u201ciftiharla\u201d<\/strong>\u00a0iddia ve beyan etmektedir.<\/p>\n<p style=\"text-align: justify;\">O zaman, vatanda\u015fa da \u015fu hakl\u0131 sorular\u0131 sormak d\u00fc\u015fmektedir:<\/p>\n<p style=\"text-align: justify;\"><strong>Emri kim verdi?.. \u0130stihbarat kimden geldi?.. Kim kime, ne zaman, hangi ko\u015fullarda ne verdi?.. Ne ald\u0131?.. Ne yapt\u0131?.. Ger\u00e7ekten de ne oldu?..<br \/>\n<\/strong><br \/>\nArt\u0131k, s\u00f6yledi\u011finiz \u00fczre,\u00a0<strong>\u201cDerin ve devletin d\u0131\u015f\u0131nda mekanizmalar \u201c<\/strong>\u00a0yok ise (ki zindanlar bu y\u00f6nde iddialarla su\u00e7lanan y\u00fczlerce eski ve muvazzaf memurla doludur), ve her t\u00fcrl\u00fc \u00fcniformal\u0131\u00a0 veya \u00fcniformas\u0131z otorite sizden ve sadece sizden emir al\u0131yorsa, topraklar\u0131m\u0131zda ve hava saham\u0131zda sizden yani\u00a0<strong>\u201cYeni Devlet\u201d<\/strong>ten habersiz bir sinek bile u\u00e7amaz, bir ku\u015f bile \u00f6temezse, sorular\u0131n cevab\u0131n\u0131 sizden, yani\u00a0<strong>\u201cYeni Devlet\u201d<\/strong>ten beklemek de hakk\u0131m\u0131zd\u0131r.<\/p>\n<p style=\"text-align: justify;\">Cevaplar (\u015fu anda s\u00f6ylemiyorsunuz ama) sizce malumdur.<\/p>\n<p style=\"text-align: justify;\">Aradan 5 ay ge\u00e7mesine ra\u011fmen hala sessiz kal\u0131yorsan\u0131z, bunun a\u00e7\u0131klamas\u0131 sadece birka\u00e7 \u015fekilde yap\u0131labilir:<\/p>\n<p style=\"text-align: justify;\"><strong>a) Su\u00e7lusunuz ve onun mahcubiyeti ile susuyorsunuz.<br \/>\nb) Su\u00e7suzsunuz ama su\u00e7luyu s\u00f6yleyemiyorsunuz.<br \/>\nc) Ne olup bitti\u011fine ili\u015fkin ger\u00e7ekten bir fikriniz yok. Bu durumda da birileri size ra\u011fmen bir \u015feyler \u00e7evirmi\u015ftir.<br \/>\n<\/strong><br \/>\nYukar\u0131daki \u015f\u0131klardan hangisi do\u011fru?<\/p>\n<p style=\"text-align: justify;\">d) Hi\u00e7biri\u2026 diyemezsiniz. Zira, m\u00fch\u00fcr sizin elinizde, her t\u00fcrl\u00fc sorgu ve soru\u015fturma-denetleme mekanizmas\u0131 da sizin ellerinizde.<\/p>\n<p style=\"text-align: justify;\">Yabanc\u0131 gazetelerde, yabanc\u0131 devletlerin yetkililerine dayanarak yaz\u0131lan \u00e7izilenlere inanm\u0131yorum. \u0130nanmak istemiyorum. Kendi \u00fclkemizde de herkesin kendi amac\u0131na-ideolojisine-tuttu\u011fu tak\u0131ma-inanmak istedi\u011fi versiyona uygun a\u00e7\u0131klamalar\u0131na inanm\u0131yorum.<\/p>\n<p style=\"text-align: justify;\">Cevab\u0131, varsa do\u011fru cevab\u0131 senden bekliyorum ey\u00a0<strong>\u201cYeni Devlet\u201d<\/strong>\u00a0!<\/p>\n<p style=\"text-align: justify;\">Hala susacak m\u0131s\u0131n?<\/p>\n<p style=\"text-align: justify;\">Susarsan, benden ger\u00e7ekten\u00a0<strong>\u201cYeni\u201d<\/strong>\u00a0oldu\u011funa inanmam\u0131 bekleyemezsin..<\/p>\n<p style=\"text-align: justify;\">Bir konu\u015f yahu.. Ses ver !<\/p>\n<p style=\"text-align: justify;\"><strong>Yo\u011furt-S\u00fct-Din-Kin-\u015eeref-Nevir-Pislik-Mislik\u00a0 gibi konular\u0131nda ba\u011f\u0131rmaya ba\u015flad\u0131n m\u0131, taa Fizan\u2019dan duyuluyor sesin.. Maa\u015fallah, \u201cdesibel rekoru\u201d k\u0131r\u0131yorsun..<br \/>\n<\/strong><br \/>\nSusma.. Varsa bir cevab\u0131n, konu\u015f ve izah et.. Millet yan\u0131t bekliyor.. Ve kimse-kimlerse su\u00e7lusu, tut kula\u011f\u0131ndan cezaland\u0131r. Ortada, milleti y\u0131llard\u0131r aptal gibi uyutmaya \u00e7al\u0131\u015ft\u0131\u011f\u0131n o d\u00fczmece\u00a0<strong>\u201c\u0131slak imza\u201d<\/strong>\u00a0dosyalar\u0131ndan daha somut bir kan\u0131t var.<\/p>\n<p style=\"text-align: justify;\">Hatta 34 kan\u0131t.. 34 kanl\u0131 ceset\u2026<\/p>\n<p style=\"text-align: justify;\"><strong>Konu\u015f !!<\/strong><\/p>\n<p style=\"text-align: justify;\"><a href=\"http:\/\/www.gazeteport.com.tr\/yazar\/25\/zafer-arapkirli\/2373\" target=\"_blank\">Kaynak : GAZETEPORT<\/a><\/p>\n","protected":false},"excerpt":{"rendered":"<p id=\"caption-attachment-51579\" class=\"wp-caption-text\">Zafer Arapkirli<\/p>\n<p style=\"text-align: justify;\">Y\u0131l\u0131n son g\u00fcn\u00fcne yakla\u015f\u0131rken, bir gece sabaha kar\u015f\u0131 sosyal medya \u00fczerinden ve kamuoyunun kitlesel olarak izleyemedi\u011fi haber mecralar\u0131 \u00fczerinden zorla haberdar oluverdik, o saatlerce gizlenmeye \u00e7al\u0131\u015f\u0131lan Uludere (Roboski) katliam\u0131ndan.<\/p>\n<p style=\"text-align: justify;\">\u015eimdi, bu yaz\u0131y\u0131 okuyan birileri hemen \u201cNe katliam\u0131 karde\u015fim? Devlet katliam yapmaz..\u201d diye \u00fczerine atlayacakt\u0131r, ilk c\u00fcmlenin..<\/p>\n<p  \n\n","protected":false},"author":1,"featured_media":0,"comment_status":"open","ping_status":"open","sticky":false,"template":"","format":"standard","meta":{"footnotes":""},"categories":[16],"tags":[1040],"class_list":["post-51578","post","type-post","status-publish","format-standard","hentry","category-kose-yazilari","tag-zafer-arapkirli","odd"],"_links":{"self":[{"href":"http:\/\/www.korhanyilmaz.com\/index.php?rest_route=\/wp\/v2\/posts\/51578","targetHints":{"allow":["GET"]}}],"collection":[{"href":"http:\/\/www.korhanyilmaz.com\/index.php?rest_route=\/wp\/v2\/posts"}],"about":[{"href":"http:\/\/www.korhanyilmaz.com\/index.php?rest_route=\/wp\/v2\/types\/post"}],"author":[{"embeddable":true,"href":"http:\/\/www.korhanyilmaz.com\/index.php?rest_route=\/wp\/v2\/users\/1"}],"replies":[{"embeddable":true,"href":"http:\/\/www.korhanyilmaz.com\/index.php?rest_route=%2Fwp%2Fv2%2Fcomments&post=51578"}],"version-history":[{"count":0,"href":"http:\/\/www.korhanyilmaz.com\/index.php?rest_route=\/wp\/v2\/posts\/51578\/revisions"}],"wp:attachment":[{"href":"http:\/\/www.korhanyilmaz.com\/index.php?rest_route=%2Fwp%2Fv2%2Fmedia&parent=51578"}],"wp:term":[{"taxonomy":"category","embeddable":true,"href":"http:\/\/www.korhanyilmaz.com\/index.php?rest_route=%2Fwp%2Fv2%2Fcategories&post=51578"},{"taxonomy":"post_tag","embeddable":true,"href":"http:\/\/www.korhanyilmaz.com\/index.php?rest_route=%2Fwp%2Fv2%2Ftags&post=51578"}],"curies":[{"name":"wp","href":"https:\/\/api.w.org\/{rel}","templated":true}]}}