{"id":5146,"date":"2009-03-13T13:29:09","date_gmt":"2009-03-13T11:29:09","guid":{"rendered":"http:\/\/www.korhanyilmaz.com\/?p=5146"},"modified":"2009-03-13T13:29:09","modified_gmt":"2009-03-13T11:29:09","slug":"erdogani-protesto-eden-odplilere-gozalti","status":"publish","type":"post","link":"http:\/\/www.korhanyilmaz.com\/?p=5146","title":{"rendered":"Erdo\u011fan&#039;\u0131 protesto eden \u00d6DP&#039;lilere g\u00f6zalt\u0131"},"content":{"rendered":"<p><img loading=\"lazy\" decoding=\"async\" class=\"aligncenter size-full wp-image-5147\" title=\"Erdo\u011fan'\u0131 protesto eden \u00d6DP'lilere g\u00f6zalt\u0131 \" src=\"http:\/\/www.korhanyilmaz.com\/wp-content\/uploads\/2009\/03\/130320091411534553163.jpg\" alt=\"Erdo\u011fan'\u0131 protesto eden \u00d6DP'lilere g\u00f6zalt\u0131 \" width=\"320\" height=\"100\" \/><\/p>\n<p style=\"text-align: justify;\"><strong>ESK\u0130\u015eEH\u0130R Gar\u0131nda h\u0131zl\u0131 tren a\u00e7\u0131l\u0131\u015f\u0131na kat\u0131lan Ba\u015fbakan Recep Tayyip Erdo\u011fan&#8217;\u0131 parkart a\u00e7arak protesto eden \u00d6DP&#8217;li 8 gen\u00e7 polis taraf\u0131ndan g\u00f6zalt\u0131na al\u0131nd\u0131.<\/strong><\/p>\n<p style=\"text-align: justify;\">\nH\u0131zl\u0131 trenle Eski\u015fehir&#8217;e gelen Ba\u015fbakan Recep Tayyip Erdo\u011fan k\u00fcrs\u00fcde konu\u015furken gara gelen \u00d6DP \u00fcyesi 8 ki\u015fi &#8220;Zam, zul\u00fcm i\u015fkence \u0130\u015fte AKP&#8221; diye ba\u011f\u0131rd\u0131. Pankart a\u00e7mak isteyen \u00d6DP&#8217;liler polisler m\u00fcdahalede bulundu.<br \/>\nPolisler slogan at\u0131p pankart a\u00e7maya kalkan 8 ki\u015fiyi zorla ekip ara\u00e7lar\u0131na bindirip Eski\u015fehir Emniyet M\u00fcd\u00fcrl\u00fc\u011f\u00fc&#8217;ne g\u00f6t\u00fcrd\u00fc.\n<\/p>\n<p style=\"text-align: justify;\"><span style=\"color: #888888;\">Kaynak :\u00a0 Vatan Gazetesi<\/span><\/p>\n","protected":false},"excerpt":{"rendered":"<\/p>\n<p style=\"text-align: justify;\">ESK\u0130\u015eEH\u0130R Gar\u0131nda h\u0131zl\u0131 tren a\u00e7\u0131l\u0131\u015f\u0131na kat\u0131lan Ba\u015fbakan Recep Tayyip Erdo\u011fan&#8217;\u0131 parkart a\u00e7arak protesto eden \u00d6DP&#8217;li 8 gen\u00e7 polis taraf\u0131ndan g\u00f6zalt\u0131na al\u0131nd\u0131.<\/p>\n<p style=\"text-align: justify;\"> H\u0131zl\u0131 trenle Eski\u015fehir&#8217;e gelen Ba\u015fbakan Recep Tayyip Erdo\u011fan k\u00fcrs\u00fcde konu\u015furken gara gelen \u00d6DP \u00fcyesi 8 ki\u015fi &#8220;Zam, zul\u00fcm i\u015fkence \u0130\u015fte AKP&#8221; diye ba\u011f\u0131rd\u0131. Pankart a\u00e7mak isteyen \u00d6DP&#8217;liler polisler <\/p>\n","protected":false},"author":1,"featured_media":0,"comment_status":"open","ping_status":"closed","sticky":false,"template":"","format":"standard","meta":{"footnotes":""},"categories":[105],"tags":[],"class_list":["post-5146","post","type-post","status-publish","format-standard","hentry","category-gundem","odd"],"_links":{"self":[{"href":"http:\/\/www.korhanyilmaz.com\/index.php?rest_route=\/wp\/v2\/posts\/5146","targetHints":{"allow":["GET"]}}],"collection":[{"href":"http:\/\/www.korhanyilmaz.com\/index.php?rest_route=\/wp\/v2\/posts"}],"about":[{"href":"http:\/\/www.korhanyilmaz.com\/index.php?rest_route=\/wp\/v2\/types\/post"}],"author":[{"embeddable":true,"href":"http:\/\/www.korhanyilmaz.com\/index.php?rest_route=\/wp\/v2\/users\/1"}],"replies":[{"embeddable":true,"href":"http:\/\/www.korhanyilmaz.com\/index.php?rest_route=%2Fwp%2Fv2%2Fcomments&post=5146"}],"version-history":[{"count":0,"href":"http:\/\/www.korhanyilmaz.com\/index.php?rest_route=\/wp\/v2\/posts\/5146\/revisions"}],"wp:attachment":[{"href":"http:\/\/www.korhanyilmaz.com\/index.php?rest_route=%2Fwp%2Fv2%2Fmedia&parent=5146"}],"wp:term":[{"taxonomy":"category","embeddable":true,"href":"http:\/\/www.korhanyilmaz.com\/index.php?rest_route=%2Fwp%2Fv2%2Fcategories&post=5146"},{"taxonomy":"post_tag","embeddable":true,"href":"http:\/\/www.korhanyilmaz.com\/index.php?rest_route=%2Fwp%2Fv2%2Ftags&post=5146"}],"curies":[{"name":"wp","href":"https:\/\/api.w.org\/{rel}","templated":true}]}}