{"id":51402,"date":"2012-05-14T07:38:49","date_gmt":"2012-05-14T04:38:49","guid":{"rendered":"http:\/\/www.korhanyilmaz.com\/?p=51402"},"modified":"2012-05-14T12:57:16","modified_gmt":"2012-05-14T09:57:16","slug":"yargiya-artik-kemalist-giremez","status":"publish","type":"post","link":"http:\/\/www.korhanyilmaz.com\/?p=51402","title":{"rendered":"&#8220;Yarg\u0131ya art\u0131k Kemalist giremez&#8221;"},"content":{"rendered":"<p style=\"text-align: center;\"><a href=\"http:\/\/www.korhanyilmaz.com\/wp-content\/uploads\/2012\/05\/E155.jpg\"  class=\"lightview\"><img loading=\"lazy\" decoding=\"async\" class=\"aligncenter  wp-image-51403\" src=\"http:\/\/www.korhanyilmaz.com\/wp-content\/uploads\/2012\/05\/E155.jpg\" alt=\"\" width=\"396\" height=\"180\" \/><\/a><\/p>\n<p style=\"text-align: justify;\">Anayasa Mahkemesi\u2019nin eski raport\u00f6r\u00fc Do\u00e7. Dr. Osman Can, ge\u00e7mi\u015fte yarg\u0131da Kemalistlerin \u00e7o\u011funlukta oldu\u011funu hat\u0131rlatarak, \u201c\u015eimdi i\u015fler tersine d\u00f6nd\u00fc. Bundan sonra bir tane Kemalist dahi Anayasa Mahkemesi&#8217;ne, HSYK&#8217;ya gelemez. Bu bir risk\u201d dedi.<\/p>\n<p style=\"text-align: justify;\">Anayasa Mahkemesi&#8217;nin eski raport\u00f6r\u00fc Do\u00e7. Dr. Osman Can, g\u00fcndemdeki konularla ilgili a\u00e7\u0131klamalarda bulundu.\u00a0<!--more--><\/p>\n<p style=\"text-align: justify;\">Ak\u015fam gazetesine konu\u015fan Osman Can, yarg\u0131da denge kurulmas\u0131n\u0131 s\u00f6yledi.<\/p>\n<p style=\"text-align: justify;\">Can, \u015f\u00f6yle konu\u015ftu:<\/p>\n<p style=\"text-align: justify;\">&#8220;Adem-i merkeziyet\u00e7i bir sisteme ge\u00e7memiz gerekiyor. Anayasal d\u00fczeni toplumun hizmetine ko\u015fulacak, ideolojik referanslar\u0131 olmayan bir ayg\u0131t olarak d\u00fczenlememiz gerekiyor. Ayr\u0131ca etkin ve h\u0131zl\u0131 karar alabilen bir y\u00fcr\u00fctmeye de ihtiya\u00e7 var. Bunu sa\u011flad\u0131\u011f\u0131m\u0131z s\u00fcrece ikisi de fark etmez. Ayr\u0131ca yerel ve merkezi y\u00f6netimlerde, yasamada, yarg\u0131da&#8230; toplumun b\u00fct\u00fcn farkl\u0131l\u0131klar\u0131n\u0131n yans\u0131t\u0131lmas\u0131n\u0131 sa\u011flamam\u0131z laz\u0131m. Mesela toplumda y\u00fczde 20 civar\u0131nda Kemalist varsa devlet kademelerinde de o civarda Kemalist olmal\u0131.<\/p>\n<p style=\"text-align: justify;\">Eskiden Kemalist y\u00fczde 20 iken anayasal d\u00fczende y\u00fczde 80 olarak temsil ediliyordu. \u015eimdi denge tersine d\u00f6n\u00fcyor ve y\u00fczde s\u0131f\u0131ra do\u011fru gidiyor. Bu muhtemelen b\u00f6yle gider. Bu bir risk mi? Evet, risk.<\/p>\n<p style=\"text-align: justify;\">Kemalizm bir d\u00fc\u015f\u00fcnce tarz\u0131d\u0131r. Yukar\u0131dan a\u015fa\u011f\u0131ya do\u011fru toplumu adam etme sevdas\u0131d\u0131r. Bu Jakobenliktir, \u0130ttihat\u00e7\u0131l\u0131ktan gelen bir gelenektir. \u015eimdi dindar &#8216;Herkes \u015f\u00f6yle giyinecek, b\u00f6yle yapacak&#8217; derse bu da Kemalizm&#8217;in devam etmesidir, en fazla etiket de\u011fi\u015fmi\u015f olur. Dolay\u0131s\u0131yla \u00f6nemli olan bu ili\u015fki ve d\u00fc\u015f\u00fcnce a\u011f\u0131n\u0131 \u00e7\u00f6kertmek, bunun yerine \u00e7o\u011fulculuk \u00fczerine sistem in\u015fa etmek ve kimsenin hayat tarz\u0131na, inanc\u0131na, kimli\u011fine m\u00fcdahale etmeyen bir devlet olu\u015fturmak gerekiyor. Bunlar\u0131 sa\u011flad\u0131\u011f\u0131n\u0131z zaman ba\u015fkanl\u0131k sistemi olabilir.<\/p>\n<p style=\"text-align: justify;\">E\u011fer toplumsal dengeyi yarg\u0131\u00e7lar d\u00fcnyas\u0131na ta\u015f\u0131yabiliyor ve bu \u015fekilde denge sa\u011flayabiliyorsak; yani bir Kemalist, bir milliyet\u00e7i, bir liberal, bir muhafazakar, K\u00fcrt, belki de bir gayrim\u00fcslim&#8230; Adaleti orada sa\u011flayabiliriz. Bir de yarg\u0131\u00e7lar\u0131 kendilerini se\u00e7enlerden ba\u011f\u0131ms\u0131z hale getirmeniz gerekiyor. Yani bir emir veremeyecek, onu g\u00f6revden azledemeyecek, maa\u015f veya \u00f6zl\u00fck g\u00fcvenceleri ile oynama imkan\u0131 olmayacak&#8230;<\/p>\n<p style=\"text-align: justify;\">\u00d6nceden Yarg\u0131tay&#8217;da Dan\u0131\u015ftay&#8217;da hep Kemalistler \u00e7o\u011funlukta oldu\u011fu i\u00e7in sadece Kemalistler geliyordu. \u015eimdi i\u015fler tam tersine d\u00f6nd\u00fc. Bundan sonra art\u0131k bir tane Kemalist dahi Anayasa Mahkemesi&#8217;ne, HSYK&#8217;ya gelemez.<\/p>\n<p style=\"text-align: justify;\">Dengenin tersine bozulmas\u0131 T\u00fcrkiye lehine olan bir \u015fey de\u011fil. Tabii ki eski Kemalist d\u00fczene g\u00f6re daha iyidir. \u00c7\u00fcnk\u00fc siyasette sadece varsayal\u0131m y\u00fczde 20-30 olan Kemalistler, Yarg\u0131tay&#8217;da %70, Dan\u0131\u015ftay ve Anayasa Mahkemesi&#8217;nde 70-%80&#8217;in \u00fczerindeydi, ama \u015fimdi hi\u00e7 olmazsa toplumun %60&#8217;\u0131 yarg\u0131da %70 olarak temsil ediliyor.<\/p>\n<p style=\"text-align: justify;\">Fakat toplumsal dengeyi devletin b\u00fct\u00fcn kurumlar\u0131na oldu\u011fu gibi, yarg\u0131ya da yans\u0131tmam\u0131z \u015fart. Yani mevcut HSYK ve Anayasa Mahkemesi yap\u0131s\u0131n\u0131n daha demokratik hale gelmesi \u015fart.&#8221;<\/p>\n<p style=\"text-align: justify;\">Can, &#8220;Ergenekon&#8221; ve &#8220;Balyoz&#8221; gibi soru\u015fturmalarla ilgili olarak &#8220;Darbe giri\u015fiminde bulunan insanlar\u0131n hepsi de vatansever insanlar. Vatanseverlik su\u00e7u ortadan kald\u0131rm\u0131yor ama son tahlilde yeni demokratik d\u00fczeni de toplumsal onaya dayand\u0131rman\u0131z gerek. Siyaseten farkl\u0131 olanlar\u0131 da kazanman\u0131z gereken, bu topraklarda ya\u015fayan insanlar. Bunlar sa\u011fland\u0131ktan sonra illa \u00c7etin Do\u011fan&#8217;\u0131 veya di\u011ferlerini parmakl\u0131klar aras\u0131nda g\u00f6rmek bana \u00f6zel bir yarar sa\u011flamaz&#8221; dedi.<\/p>\n<p style=\"text-align: justify;\">Osman Can, yarg\u0131daki cemaat a\u011f\u0131rl\u0131\u011f\u0131 konusundaki bir soruya \u015fu yan\u0131t\u0131 verdi:<\/p>\n<p style=\"text-align: justify;\">&#8220;\u00d6zel Yetkili A\u011f\u0131r Ceza Mahkemeleri&#8217;nde cemaatin etkisinin daha g\u00fc\u00e7l\u00fc oldu\u011fu s\u00f6yleniyor, do\u011fru olabilir. Ama siz yarg\u0131y\u0131 \u00e7o\u011fulcula\u015ft\u0131rmazsan\u0131z, bunlar ka\u00e7\u0131n\u0131lmaz. Anayasa Mahkemesi&#8217;nin iptal karar\u0131n\u0131n buna katk\u0131 sa\u011flad\u0131\u011f\u0131n\u0131 da unutmayal\u0131m. Daha \u00f6nce Kemalizm&#8217;di, \u015fimdi ba\u015fka bir &#8216;izm&#8217; olur ve devletin kurumlar\u0131n\u0131 ele ge\u00e7irmek suretiyle siyaseti kontrol etme refleksleri devam eder. Varsayal\u0131m cemaat bunu yap\u0131yor, bunu ele\u015ftirmeye hakk\u0131 olmayanlar Kemalistlerdir. \u00c7\u00fcnk\u00fc onlar da ayn\u0131 \u015feyi yapt\u0131 ve &#8216;Parlamento ne yaparsa yaps\u0131n. Biz devleti bir \u015fekilde ele ge\u00e7irelim&#8217; dediler. Dolay\u0131s\u0131yla Kemalistlerin yapmak zorunda olduklar\u0131 \u015fey \u00e7o\u011fulcula\u015fmay\u0131 talep etmek olmal\u0131yd\u0131. Yap\u0131y\u0131 demokratikle\u015ftirmeden sadece etiketiyle oynamak, ayn\u0131 hastal\u0131klar\u0131n devam\u0131na yol a\u00e7ar.&#8221;<\/p>\n<p style=\"text-align: justify;\">Hakimler ve Savc\u0131lar Y\u00fcksek Kurulu&#8217;nun (HSYK) yap\u0131s\u0131yla ilgili de\u011ferlendirmelerde bulunan Osman Can, \u015f\u00f6yle konu\u015ftu:<\/p>\n<p style=\"text-align: justify;\">&#8220;Devletin 2010 y\u0131l\u0131na kadarki pratiklerine bakt\u0131\u011f\u0131m\u0131z zaman HSYK ideolojik bir merkezdi ve HSYK&#8217;n\u0131n ar\u015fivinde kimin ne oldu\u011fu zaten biliniyordu. \u0130lk olarak yarg\u0131ya ideolojik, k\u00fclt\u00fcrel, etnik veya inan\u00e7 filtrelerinin uygulanmas\u0131n\u0131 yasaklamak, t\u00fcm farkl\u0131l\u0131klar\u0131n yans\u0131mas\u0131n\u0131 sa\u011flamak gerek. Y\u00fcksek yarg\u0131y\u0131 ise bat\u0131l\u0131 \u00f6rneklere benzer \u015fekilde siyasi partilere kontenjan tan\u0131mak suretiyle \u00e7o\u011fulcula\u015ft\u0131rmak m\u00fcmk\u00fcn. \u00d6rne\u011fin BDP&#8217;nin \u00f6nerdi\u011fi adaylardan bir tanesi Anayasa Mahkemesi \u00fcyesi olabilmeli, MHP&#8217;nin iki, CHP&#8217;nin 4-5 AK Parti&#8217;nin daha fazla&#8230;<\/p>\n<p style=\"text-align: justify;\">HSYK tam olarak ideolojik merkez de\u011fil. HSYK yine demokrasi a\u00e7\u0131s\u0131ndan \u00e7ok olumlayamayaca\u011f\u0131m\u0131z bir otorite ama p\u00fcr ideolojik davranan, ideoloji nedeniyle yasalar\u0131 tam anlam\u0131yla bir kenara itebilen bir yap\u0131 de\u011fil \u015fu an. \u00d6n\u00fcm\u00fczdeki d\u00f6nemlerde olabilir. \u00c7\u00fcnk\u00fc az \u00f6nce bahsetti\u011fim iptal nedeniyle art\u0131k HSYK&#8217;ya art\u0131k Ertosun ve onun d\u00fc\u015f\u00fcncesindeki Kemalistler gelemeyecek. Belki liberaller ve sosyal demokratlar da gelemeyecek.&#8221;<\/p>\n<p style=\"text-align: justify;\">Ba\u015fkanl\u0131k sistemiyle ilgili g\u00f6r\u00fc\u015flerini de a\u00e7\u0131klayan Can, \u015fu ifadeleri kulland\u0131: &#8220;Cumhurba\u015fkan\u0131n g\u00f6rev s\u00fcresi i\u00e7in 7 y\u0131l diyenlerin de arg\u00fcmanlar\u0131 da g\u00fc\u00e7l\u00fc 5 y\u0131l diyenlerin de. \u00c7\u00fcnk\u00fc anayasa ge\u00e7i\u015f d\u00f6nemi i\u00e7in bir \u015fey s\u00f6ylemiyor. Eski d\u00fczenlemede &#8216;Cumhurba\u015fkan\u0131 7 y\u0131ll\u0131\u011f\u0131na se\u00e7ilir&#8217; diyor. Yeni de\u011fi\u015fiklikte ise &#8216;g\u00f6rev s\u00fcresi 5 y\u0131ld\u0131r ve halk taraf\u0131ndan se\u00e7ilir&#8217; diyor.<\/p>\n<p style=\"text-align: justify;\">Abdullah G\u00fcl parlamento taraf\u0131ndan 7 y\u0131ll\u0131\u011f\u0131na se\u00e7ildi. Eski bir hukuk d\u00fczenine g\u00f6re bir se\u00e7im yap\u0131ld\u0131\u011f\u0131 zaman o d\u00f6neme ili\u015fkin tart\u0131\u015fmalar eski hukuk d\u00fczeni \u00fczerinden y\u00fcr\u00fcr. Dolay\u0131s\u0131yla ge\u00e7i\u015f d\u00f6neminden kaynaklanan bir problem var.<\/p>\n<p style=\"text-align: justify;\">Parlamento 7+0 demi\u015ftir. Ben 7+0&#8217;\u0131n anayasaya ayk\u0131r\u0131 olmad\u0131\u011f\u0131n\u0131 d\u00fc\u015f\u00fcn\u00fcyorum. Ama Anayasa Mahkemesi &#8216;5+5 burada esast\u0131r&#8217; derse, buna da &#8216;Hay\u0131r, anayasay\u0131 ihlal etmi\u015ftir&#8217; diyemem.&#8221;<\/p>\n<p style=\"text-align: justify;\"><a href=\"http:\/\/www.gazeteport.com.tr\/haber\/94821\/yargiya_artik_kemalist_giremez\" target=\"_blank\">Kaynak : GAZETEPORT<\/a><\/p>\n","protected":false},"excerpt":{"rendered":"<p style=\"text-align: center;\">\n<p style=\"text-align: justify;\">Anayasa Mahkemesi\u2019nin eski raport\u00f6r\u00fc Do\u00e7. Dr. Osman Can, ge\u00e7mi\u015fte yarg\u0131da Kemalistlerin \u00e7o\u011funlukta oldu\u011funu hat\u0131rlatarak, \u201c\u015eimdi i\u015fler tersine d\u00f6nd\u00fc. Bundan sonra bir tane Kemalist dahi Anayasa Mahkemesi&#8217;ne, HSYK&#8217;ya gelemez. Bu bir risk\u201d dedi.<\/p>\n<p style=\"text-align: justify;\">Anayasa Mahkemesi&#8217;nin eski raport\u00f6r\u00fc Do\u00e7. Dr. Osman Can, g\u00fcndemdeki konularla ilgili a\u00e7\u0131klamalarda bulundu. <\/p>\n","protected":false},"author":1,"featured_media":0,"comment_status":"open","ping_status":"open","sticky":false,"template":"","format":"standard","meta":{"footnotes":""},"categories":[105],"tags":[1025,118,1024],"class_list":["post-51402","post","type-post","status-publish","format-standard","hentry","category-gundem","tag-anayasa-mahkemesi","tag-hsyk","tag-osman-can","odd"],"_links":{"self":[{"href":"http:\/\/www.korhanyilmaz.com\/index.php?rest_route=\/wp\/v2\/posts\/51402","targetHints":{"allow":["GET"]}}],"collection":[{"href":"http:\/\/www.korhanyilmaz.com\/index.php?rest_route=\/wp\/v2\/posts"}],"about":[{"href":"http:\/\/www.korhanyilmaz.com\/index.php?rest_route=\/wp\/v2\/types\/post"}],"author":[{"embeddable":true,"href":"http:\/\/www.korhanyilmaz.com\/index.php?rest_route=\/wp\/v2\/users\/1"}],"replies":[{"embeddable":true,"href":"http:\/\/www.korhanyilmaz.com\/index.php?rest_route=%2Fwp%2Fv2%2Fcomments&post=51402"}],"version-history":[{"count":0,"href":"http:\/\/www.korhanyilmaz.com\/index.php?rest_route=\/wp\/v2\/posts\/51402\/revisions"}],"wp:attachment":[{"href":"http:\/\/www.korhanyilmaz.com\/index.php?rest_route=%2Fwp%2Fv2%2Fmedia&parent=51402"}],"wp:term":[{"taxonomy":"category","embeddable":true,"href":"http:\/\/www.korhanyilmaz.com\/index.php?rest_route=%2Fwp%2Fv2%2Fcategories&post=51402"},{"taxonomy":"post_tag","embeddable":true,"href":"http:\/\/www.korhanyilmaz.com\/index.php?rest_route=%2Fwp%2Fv2%2Ftags&post=51402"}],"curies":[{"name":"wp","href":"https:\/\/api.w.org\/{rel}","templated":true}]}}