{"id":5136,"date":"2009-03-13T11:56:41","date_gmt":"2009-03-13T09:56:41","guid":{"rendered":"http:\/\/www.korhanyilmaz.com\/?p=5136"},"modified":"2009-03-13T11:56:41","modified_gmt":"2009-03-13T09:56:41","slug":"turkiye-hakkinda-gizli-belge","status":"publish","type":"post","link":"http:\/\/www.korhanyilmaz.com\/?p=5136","title":{"rendered":"T\u00fcrkiye hakk\u0131nda gizli belge"},"content":{"rendered":"<p style=\"text-align: center;\"><img loading=\"lazy\" decoding=\"async\" class=\"aligncenter size-full wp-image-5137\" title=\"T\u00fcrkiye hakk\u0131nda gizli belge \" src=\"http:\/\/www.korhanyilmaz.com\/wp-content\/uploads\/2009\/03\/130320091202018248455.jpg\" alt=\"T\u00fcrkiye hakk\u0131nda gizli belge \" width=\"376\" height=\"240\" \/><\/p>\n<p style=\"text-align: justify;\"><strong>\u0130ngiltere&#8217;nin, evsahipli\u011fini yapaca\u011f\u0131 G20 Zirvesine ili\u015fkin gizli bir belge ortaya \u00e7\u0131kt\u0131<\/strong>.<\/p>\n<p style=\"text-align: justify;\"><strong>T\u00dcRK\u0130YE \u0130K\u0130NC\u0130 L\u0130GDE<\/strong><\/p>\n<p style=\"text-align: justify;\">\u0130ngiltere&#8217;nin, gelecek ay evsahipli\u011fini yapaca\u011f\u0131 G20 Zirvesine ili\u015fkin halkla ili\u015fkileri ve lobicilik hizmetleri konusunda zirveye kat\u0131lacak \u00fclkeleri iki gruba ay\u0131rd\u0131\u011f\u0131 ortaya \u00e7\u0131kt\u0131. Financial Times gazetesinin ele ge\u00e7irdi\u011fi &#8220;gizli&#8221; bir belge, ABD, Japonya, Fransa, Almanya ve Suudi Arabistan gibi \u00fclkelerin &#8220;y\u00fcksek \u00f6ncellikli \u00fclkeler&#8221; olarak s\u0131n\u0131fland\u0131r\u0131l\u0131rken T\u00fcrkiye, Rusya, Arjantin ve Meksika gibi \u00fclkelerin ise, &#8220;B Listesi&#8221;ne yer verildi\u011fini g\u00f6sterdi.<\/p>\n<p style=\"text-align: justify;\"><strong>&#8220;YO\u011eUN D\u0130PLOMAT\u0130K LOB\u0130C\u0130L\u0130K&#8221; SIRALAMASI<\/strong><\/p>\n<p style=\"text-align: justify;\">Financial Times gazetesince ele ge\u00e7irilen &#8220;gizli&#8221; belgeye g\u00f6re, \u0130ngiltere&#8217;nin G20 zirvesine y\u00f6nelik lobicilik \u00e7abalar\u0131nda &#8220;y\u00fcksek \u00f6ncelikli&#8221; olarak ilan etti\u011fi 11 \u00fclkeyi hedefledi. B\u00f6ylece &#8220;B listesi&#8221;nde olan di\u011fer \u00fclkelerin zirve \u00f6ncesi &#8220;yo\u011fun diplomatik lobicilik&#8221;in oda\u011f\u0131 olarak g\u00f6r\u00fclmedi\u011fi belirlendi.<!--more--><\/p>\n<p style=\"text-align: justify;\">S\u00f6z konusu belgenin, ge\u00e7en Aral\u0131k ay\u0131nda Londra zirvesi i\u00e7in &#8220;PR hizmetleri&#8221;nin sa\u011flanmas\u0131 amac\u0131yla \u0130ngiltere D\u0131\u015fi\u015fleri Bakanl\u0131\u011f\u0131n\u0131n ad\u0131na Merkez Enformasyonu B\u00fcrosunca yay\u0131nlanan bir ihale belgesi oldu\u011fu ifade eden Financial Times, s\u00f6z konusu ihalenin, PR \u015firketleri ve lobicilerin, D\u0131\u015fi\u015fleri Bakanl\u0131\u011f\u0131&#8217;n\u0131n G20 \u00fclkelerinin nezdinde lobicilik yap\u0131lmas\u0131 i\u00e7in planland\u0131\u011f\u0131 kaydetti.<\/p>\n<p style=\"text-align: justify;\">\u0130haleye kat\u0131lanlar\u0131n ihale belgesinin &#8220;gizli ve hassas&#8221; oldu\u011fu, belgenin kamuoyuna veya medyaya a\u00e7\u0131klanmamas\u0131 gerekti\u011fi s\u00f6ylendi\u011fini kaydeden gazete, bunu belgenin i\u00e7eri\u011fi nedeniyle \u015fa\u015f\u0131rt\u0131c\u0131 olmad\u0131\u011f\u0131n\u0131 yazd\u0131. Gazete, s\u00f6z konusu kontrat\u0131n sonunda verilmedi\u011fine de dikkat \u00e7ekti.<\/p>\n<p style=\"text-align: justify;\">Financial Times&#8217;e g\u00f6re, ihale belgesinde &#8220;\u00f6ncelikli&#8221; olarak say\u0131lan 11 \u00fclke aras\u0131nda &#8220;kilit G20&#8221; \u00fclkesi olarak nitelendirilen ABD, Japonya, Fransa, Almanya&#8217;n\u0131n yan\u0131s\u0131ra G8&#8217;nin sonraki ba\u015fkan\u0131 \u0130talya ile \u00c7in, Hindistan, G\u00fcney Afrika, G20&#8217;nin sonraki ba\u015fkan\u0131 G\u00fcney Kore, Brezilya ve Suudi Arabistan&#8217;a yer veriliyor. Bu arada, Avrupa Birli\u011fi Komisyonu da PR a\u00e7\u0131s\u0131ndan \u00f6ncellikli say\u0131l\u0131yor.<\/p>\n<p style=\"text-align: justify;\">Buna kar\u015f\u0131n &#8220;B listi&#8221;nin ise, T\u00fcrkiye, Rusya, Avustralya, Kanada, Endonezya, Meksika ve Arjantin&#8217;i i\u00e7erdi\u011fi belirtiliyor.<\/p>\n<p style=\"text-align: justify;\">\u00d6te yandan, \u0130ngiltere D\u0131\u015fi\u015fleri Bakanl\u0131\u011f\u0131, lobicilik faaliyetleri a\u00e7\u0131s\u0131ndan hedef al\u0131nan &#8220;\u00f6ncelikli \u00fclkeler listesi&#8221;nin kesinlikle \u0130ngiltere&#8217;nin &#8220;siyasi ili\u015fkilerindeki en \u00f6nemli \u00fclkelerin bir s\u0131ralamas\u0131&#8221; olu\u015fturmad\u0131\u011f\u0131n\u0131 savundu.<\/p>\n<p style=\"text-align: justify;\">Bakanl\u0131k s\u00f6zc\u00fcs\u00fc, lobicilik faaliyetleri i\u00e7in se\u00e7ilen \u00fclkelerin, iyi geli\u015fmi\u015f h\u00fck\u00fcmet d\u0131\u015f\u0131 kurulu\u015flar\u0131, medya, sivil toplum, akademik \u00e7evreleri ve sendikalar ile fonlar\u0131n oldu\u011fu i\u00e7in &#8220;hedef&#8221; ilan edildi\u011fini \u00f6ne s\u00fcrd\u00fc.<\/p>\n<p style=\"text-align: justify;\"><span style=\"color: #888888;\">Kaynak : Vatan Gazetesi<\/span><\/p>\n","protected":false},"excerpt":{"rendered":"<p style=\"text-align: center;\">\n<p style=\"text-align: justify;\">\u0130ngiltere&#8217;nin, evsahipli\u011fini yapaca\u011f\u0131 G20 Zirvesine ili\u015fkin gizli bir belge ortaya \u00e7\u0131kt\u0131.<\/p>\n<p style=\"text-align: justify;\">T\u00dcRK\u0130YE \u0130K\u0130NC\u0130 L\u0130GDE<\/p>\n<p style=\"text-align: justify;\">\u0130ngiltere&#8217;nin, gelecek ay evsahipli\u011fini yapaca\u011f\u0131 G20 Zirvesine ili\u015fkin halkla ili\u015fkileri ve lobicilik hizmetleri konusunda zirveye kat\u0131lacak \u00fclkeleri iki gruba ay\u0131rd\u0131\u011f\u0131 ortaya \u00e7\u0131kt\u0131. Financial Times gazetesinin ele ge\u00e7irdi\u011fi &#8220;gizli&#8221; bir belge, ABD, Japonya, <\/p>\n","protected":false},"author":1,"featured_media":0,"comment_status":"open","ping_status":"closed","sticky":false,"template":"","format":"standard","meta":{"footnotes":""},"categories":[105],"tags":[],"class_list":["post-5136","post","type-post","status-publish","format-standard","hentry","category-gundem","odd"],"_links":{"self":[{"href":"http:\/\/www.korhanyilmaz.com\/index.php?rest_route=\/wp\/v2\/posts\/5136","targetHints":{"allow":["GET"]}}],"collection":[{"href":"http:\/\/www.korhanyilmaz.com\/index.php?rest_route=\/wp\/v2\/posts"}],"about":[{"href":"http:\/\/www.korhanyilmaz.com\/index.php?rest_route=\/wp\/v2\/types\/post"}],"author":[{"embeddable":true,"href":"http:\/\/www.korhanyilmaz.com\/index.php?rest_route=\/wp\/v2\/users\/1"}],"replies":[{"embeddable":true,"href":"http:\/\/www.korhanyilmaz.com\/index.php?rest_route=%2Fwp%2Fv2%2Fcomments&post=5136"}],"version-history":[{"count":0,"href":"http:\/\/www.korhanyilmaz.com\/index.php?rest_route=\/wp\/v2\/posts\/5136\/revisions"}],"wp:attachment":[{"href":"http:\/\/www.korhanyilmaz.com\/index.php?rest_route=%2Fwp%2Fv2%2Fmedia&parent=5136"}],"wp:term":[{"taxonomy":"category","embeddable":true,"href":"http:\/\/www.korhanyilmaz.com\/index.php?rest_route=%2Fwp%2Fv2%2Fcategories&post=5136"},{"taxonomy":"post_tag","embeddable":true,"href":"http:\/\/www.korhanyilmaz.com\/index.php?rest_route=%2Fwp%2Fv2%2Ftags&post=5136"}],"curies":[{"name":"wp","href":"https:\/\/api.w.org\/{rel}","templated":true}]}}