{"id":5131,"date":"2009-03-13T11:31:09","date_gmt":"2009-03-13T09:31:09","guid":{"rendered":"http:\/\/www.korhanyilmaz.com\/?p=5131"},"modified":"2009-03-13T11:31:09","modified_gmt":"2009-03-13T09:31:09","slug":"tskdan-arinca-yanit","status":"publish","type":"post","link":"http:\/\/www.korhanyilmaz.com\/?p=5131","title":{"rendered":"TSK&#039;dan Ar\u0131n\u00e7&#039;a yan\u0131t"},"content":{"rendered":"<p><img loading=\"lazy\" decoding=\"async\" class=\"aligncenter size-full wp-image-5133\" title=\"AKP'li B\u00fclent Ar\u0131n\u00e7\" src=\"http:\/\/www.korhanyilmaz.com\/wp-content\/uploads\/2009\/03\/1303200911341701051901.jpg\" alt=\"AKP'li B\u00fclent Ar\u0131n\u00e7\" width=\"320\" height=\"100\" \/><strong><\/strong><\/p>\n<p style=\"text-align: justify;\"><strong>&#8220;TSK&#8217;ya dair g\u00f6r\u00fc\u015fleri zaten bilinmektedir&#8221;<\/strong><\/p>\n<p style=\"text-align: justify;\">Genelkurmay, &#8221;\u0130yi ki bu pa\u015falarla sava\u015fmam\u0131\u015f\u0131z&#8221; diyen Meclis eski Ba\u015fkan\u0131 B\u00fclent Ar\u0131n\u00e7&#8217;\u0131n s\u00f6zlerini &#8216;\u00f6nyarg\u0131l\u0131&#8217; ve &#8216;sapt\u0131r\u0131c\u0131&#8217; buldu\u011funu belirtti.<\/p>\n<p style=\"text-align: justify;\">Tu\u011fgeneral G\u00fcrak, eski TBMM Ba\u015fkan\u0131, AKP Manisa Milletvekili B\u00fclent Ar\u0131n\u00e7&#8217;\u0131n, &#8220;Ergenekon&#8221; davas\u0131 \u015f\u00fcphelileri olan emekli generaller ile ilgili s\u00f6zlerinin hat\u0131rlat\u0131lmas\u0131 \u00fczerine, &#8220;E\u011fer ger\u00e7ekten bu s\u00f6zler s\u00f6ylenmi\u015f ise s\u00f6z konusu ki\u015finin T\u00fcrk Silahl\u0131 Kuvvetleri ve T\u00fcrk Silahl\u0131 Kuvvetleri personeline ili\u015fkin d\u00fc\u015f\u00fcnce ve g\u00f6r\u00fc\u015fleri \u00e7ok iyi bilinmektedir&#8221; dedi.<\/p>\n<p style=\"text-align: justify;\">Tu\u011fgeneral G\u00fcrak \u015f\u00f6yle devam etti: &#8220;Asl\u0131nda bu tip ki\u015filerin \u00f6n yarg\u0131l\u0131, sapt\u0131r\u0131c\u0131 d\u00fc\u015f\u00fcnce ve ifadeleri \u00fczerinde fazla durulmas\u0131na da gerek yok. \u00c7\u00fcnk\u00fc bu tip konu\u015fmalar hi\u00e7bir zaman do\u011frular\u0131 de\u011fi\u015ftirmez. Ancak bu konu\u015fmalarda \u00f6nemli bir husus var, o da Hukuk Fak\u00fcltesi mezunu bir ki\u015finin yarg\u0131 karar\u0131 olmadan hi\u00e7bir kimseyi su\u00e7lamaya, dolayl\u0131 olarak da bir kurumu hedef almaya hakk\u0131 ve yetkisi olmad\u0131\u011f\u0131n\u0131 hala anlayamam\u0131\u015f olmas\u0131d\u0131r.&#8221;<!--more--><\/p>\n<p style=\"text-align: justify;\"><strong>ARIN\u00c7 NE DEM\u0130\u015eT\u0130<\/strong><\/p>\n<p style=\"text-align: justify;\">&#8220;Allah&#8217;a \u00e7ok \u015f\u00fck\u00fcr ediyorum ki T\u00fcrkiye bunlar\u0131n zaman\u0131nda bir sava\u015fa falan girmemi\u015f. Yoksa bunlar\u0131n sava\u015facak halleri yok. Askerlikten ba\u015fka her \u015feyi yapm\u0131\u015flar.&#8221;<\/p>\n<p style=\"text-align: justify;\"><strong>KUZEY IRAK&#8217;A HAVA HAREKATI<\/strong><\/p>\n<p style=\"text-align: justify;\">G\u00fcrak, d\u00fcn Kuzey Irak&#8217;a hava harekat\u0131 yap\u0131ld\u0131\u011f\u0131n\u0131 ve Zap ile Ava\u015fin&#8217;in bombaland\u0131\u011f\u0131n\u0131 a\u00e7\u0131klad\u0131.<\/p>\n<p style=\"text-align: justify;\">Tu\u011fgeneral G\u00fcrak, ter\u00f6rle m\u00fccadelede &#8220;Etkin Pi\u015fmanl\u0131k Yasas\u0131&#8221;n\u0131n yeterli olup olmad\u0131\u011f\u0131na ili\u015fkin soru \u00fczerine, daha \u00f6nce yasaya ili\u015fkin olarak detayl\u0131 bir \u015fekilde bilgi verdiklerini s\u00f6yledi.<\/p>\n<p style=\"text-align: justify;\">Yasan\u0131n kamuoyu taraf\u0131ndan yeteri kadar bilinmedi\u011fini anlatmaya \u00e7al\u0131\u015ft\u0131klar\u0131n\u0131 ifade eden Tu\u011fgeneral G\u00fcrak, yasan\u0131n yeterince bilinmesi halinde ne kadar etkili \u00e7al\u0131\u015ft\u0131\u011f\u0131n\u0131n \u00f6rneklerini de verdiklerini kaydetti.<\/p>\n<p style=\"text-align: justify;\">Baz\u0131 PKK&#8217;l\u0131 ter\u00f6ristlerin ABD ordusuna kat\u0131larak Afganistan&#8217;a g\u00f6t\u00fcr\u00fcld\u00fc\u011f\u00fc haberlerine ili\u015fkin soru \u00fczerine Tu\u011fgeneral G\u00fcrak, &#8220;Bu konuyu biz de ara\u015ft\u0131r\u0131yoruz&#8221; dedi.<\/p>\n<p style=\"text-align: justify;\">Genelkurmay Ba\u015fkanl\u0131\u011f\u0131n\u0131n Personel Y\u00f6netim Sisteminde (PYS) de\u011fi\u015fikli\u011fe gidilece\u011fi y\u00f6n\u00fcnde haberler bulundu\u011funun hat\u0131rlat\u0131lmas\u0131 \u00fczerine de Tu\u011fgeneral G\u00fcrak \u015funlar\u0131 kaydetti:<\/p>\n<p style=\"text-align: justify;\">&#8220;Personel Y\u00f6netim Sistemi ile ilgili size baz\u0131 a\u00e7\u0131klamalar daha \u00f6nce de yapt\u0131k. Yeni bir d\u00fczenleme oldu\u011fu zaman zaten gerekli a\u00e7\u0131klamalar\u0131 yap\u0131yoruz. Ge\u00e7mi\u015ften itibaren yap\u0131lan \u00e7al\u0131\u015fmalar var. Ba\u015fta Personel Y\u00f6netim Sistemi 2010 (PYS 2010) olmak \u00fczere T\u00fcrk Silahl\u0131 Kuvvetlerinde g\u00f6rev yapmakta olan personeli kapsayacak \u015fekilde bir\u00e7ok \u00e7al\u0131\u015fma yap\u0131lmaktad\u0131r. Personel konusunda yap\u0131lan \u00e7al\u0131\u015fmalar modern bir silahl\u0131 kuvvetlerin \u00e7a\u011f\u0131n gereklerine uyumu kapsam\u0131nda yap\u0131lan ve bug\u00fcn oldu\u011fu gibi yar\u0131n da devam edecek uzun vadeli, s\u00fcreklilik arz eden \u00e7al\u0131\u015fmalard\u0131r.<\/p>\n<p style=\"text-align: justify;\">Bu kapsamda, projeler netle\u015fmeden, daha kesinle\u015fmeden, neticelenmeden, duyumlara dayal\u0131 olarak \u00fczerinde yorum yap\u0131lmas\u0131n\u0131n do\u011fru olmayaca\u011f\u0131n\u0131 de\u011ferlendiriyoruz. Netle\u015ftik\u00e7e sizlere bu konularla ilgili bilgiler takdim etmeye devam edece\u011fiz.&#8221;<\/p>\n<p style=\"text-align: justify;\">Ergenekon Davas\u0131 kapsam\u0131nda haz\u0131rlanan 2. iddianameyle ilgili soru \u00fczerine de Tu\u011fgeneral G\u00fcrak, &#8220;Yarg\u0131ya intikal etmi\u015f konulara ili\u015fkin bizim bir\u015fey s\u00f6ylememiz uygun de\u011fildir&#8221; dedi.<\/p>\n<p style=\"text-align: justify;\">Kayseri Hava \u0130kmal Bak\u0131m Merkezi Komutanl\u0131\u011f\u0131&#8217;nda g\u00f6revli 3 astsubay\u0131n g\u00f6zalt\u0131na al\u0131nd\u0131\u011f\u0131 ve Hava Kuvvetleri Komutanl\u0131\u011f\u0131 Askeri Savc\u0131s\u0131&#8217;n\u0131n mal varl\u0131\u011f\u0131na ili\u015fkin haberleri hat\u0131rlatan bir gazeteciye, Tu\u011fgeneral G\u00fcrak, &#8220;Kayseri&#8217;de y\u00fcr\u00fct\u00fclmekte olan soru\u015fturma ve Hava Kuvvetleri Askeri Savc\u0131s\u0131&#8217;n\u0131n mal varl\u0131\u011f\u0131 ile ilgili olarak, baz\u0131 \u00e7evrelerin y\u00fcr\u00fct\u00fclmekte olan bir soru\u015fturmadan \u00e7ok endi\u015fe duyup rahats\u0131z olduklar\u0131 anla\u015f\u0131l\u0131yor. Di\u011fer yandan yarg\u0131 s\u00fcreci kendi i\u00e7erisinde devam etmektedir&#8221; yan\u0131t\u0131n\u0131 verdi.<\/p>\n<p style=\"text-align: justify;\">Zap\/Ava\u015fin b\u00f6lgesine d\u00fcn yap\u0131lan hava harekat\u0131nda b\u00f6l\u00fcc\u00fc ter\u00f6r \u00f6rg\u00fct\u00fcne verdirilen zayiat\u0131n tespit edilip edilmedi\u011fine y\u00f6nelik soru \u00fczerine de Tu\u011fgeneral G\u00fcrak, de\u011ferlendirmelerin devam etti\u011fini, hen\u00fcz netle\u015fen bir \u015fey olmad\u0131\u011f\u0131n\u0131 s\u00f6yledi.<\/p>\n<p style=\"text-align: justify;\"><strong>TSK&#8217;NIN \u0130\u015eS\u0130ZL\u0130\u011e\u0130N \u00c7\u00d6Z\u00dcM\u00dcNE KATKISI<\/strong><\/p>\n<p style=\"text-align: justify;\">Tu\u011fgeneral G\u00fcrak, T\u00fcrk Silahl\u0131 Kuvvetleri&#8217;nin (TSK) T\u00fcrkiye&#8217;nin \u00f6nemli sorunlar\u0131ndan biri olan i\u015fsizlik sorununun, s\u0131n\u0131rl\u0131 \u00f6l\u00e7\u00fcde de olsa \u00e7\u00f6z\u00fcm\u00fcne katk\u0131da bulunmak amac\u0131yla y\u00fcr\u00fctt\u00fc\u011f\u00fc yetenek kazand\u0131rma ve modern tar\u0131m ve hayvanc\u0131l\u0131k kurslar\u0131 hakk\u0131nda bilgi verdi.<\/p>\n<p style=\"text-align: justify;\">\u0130\u015fin gerektirdi\u011fi niteliklere sahip olmaman\u0131n i\u015fsizli\u011fin nedenlerinden biri oldu\u011funa dikkati \u00e7eken Tu\u011fgeneral G\u00fcrak, mesleksizlik sorununun T\u00fcrkiye&#8217;de yayg\u0131n bir \u015fekilde ya\u015fand\u0131\u011f\u0131n\u0131 s\u00f6yledi.<\/p>\n<p style=\"text-align: justify;\">Tu\u011fgeneral G\u00fcrak, her erkek T\u00fcrk vatanda\u015f\u0131n\u0131n askerlik hizmeti amac\u0131yla TSK&#8217;ya kat\u0131ld\u0131\u011f\u0131 dikkate al\u0131narak erba\u015f ve erlerin, askerlik g\u00f6revinin yan\u0131 s\u0131ra, g\u00f6n\u00fcll\u00fcl\u00fck esas\u0131na ba\u011fl\u0131 olarak sivil ya\u015famda da istifade edebilecekleri bir alanda meslek sahibi olmalar\u0131n\u0131 sa\u011flamak maksad\u0131yla kapsaml\u0131 bir projenin uygulanmas\u0131na devam edildi\u011fini anlatt\u0131. Tu\u011fgeneral G\u00fcrak, bu kapsamda Genelkurmay Ba\u015fkanl\u0131\u011f\u0131nca, hem e\u011fitici temini hem de e\u011fitim sonunda ge\u00e7erli olabilecek sertifika al\u0131nabilmesi amac\u0131yla Tar\u0131m ve K\u00f6yi\u015fleri Bakanl\u0131\u011f\u0131 ve Milli E\u011fitim Bakanl\u0131\u011f\u0131 ile protokol imzaland\u0131\u011f\u0131n\u0131 belirtti.<\/p>\n<p style=\"text-align: justify;\">Yap\u0131lan protokol ile radyo-televizyon tamircili\u011fi, kaynak\u00e7\u0131l\u0131k, oto tamircili\u011fi, yabanc\u0131 dil, turizm ve otelcilik, bilgisayar kullan\u0131m\u0131, bilgisayar bak\u0131m ve onar\u0131m\u0131 gibi 178 farkl\u0131 alanda e\u011fitim verilebildi\u011fini ifade eden Tu\u011fgeneral G\u00fcrak, projenin uygulanmaya ba\u015fland\u0131\u011f\u0131 8 \u015eubat 2000&#8217;den 31 Aral\u0131k 2008 tarihine kadar, d\u00fczenlenen 33 bin 642 yetenek kazand\u0131rma kursuna 719 bin 216 personel kat\u0131ld\u0131\u011f\u0131n\u0131 ve 566 bin 354&#8217;\u00fcn\u00fcn ba\u015far\u0131l\u0131 oldu\u011funu bildirdi. Tu\u011fgeneral G\u00fcrak, kurs ba\u015far\u0131 oran\u0131n\u0131n y\u00fczde 79 oldu\u011funa dikkati \u00e7ekti.<\/p>\n<p style=\"text-align: justify;\">Ayr\u0131ca, sivil ya\u015famda s\u00fcrd\u00fcr\u00fclen baz\u0131 i\u015flerin, modern ve bilimsel y\u00f6ntemlere g\u00f6re icras\u0131na imkan vermek amac\u0131yla ar\u0131c\u0131l\u0131k, ba\u011fc\u0131l\u0131k, su \u00fcr\u00fcnleri, meyvecilik, sebze yeti\u015ftiricili\u011fi, g\u00fcbre ve g\u00fcbre kullan\u0131m\u0131 gibi 20 farkl\u0131 konuda d\u00fczenlenen 5 bin 513 modern tar\u0131m ve hayvanc\u0131l\u0131k kursuna 109 bin 710 erba\u015f ve erin i\u015ftirak etti\u011fini anlatan Tu\u011fgeneral G\u00fcrak, bunlardan 87 bin 95&#8217;inin ba\u015far\u0131l\u0131 oldu\u011funu b\u00f6ylece kurs ba\u015far\u0131 oran\u0131n\u0131n y\u00fczde 79 olarak ger\u00e7ekle\u015fti\u011fini s\u00f6yledi.<\/p>\n<p style=\"text-align: justify;\">Tu\u011fgeneral G\u00fcrak, &#8220;2000-2008 y\u0131llar\u0131 aras\u0131nda askerlik y\u00fck\u00fcml\u00fcl\u00fc\u011f\u00fcn\u00fc yerine getiren 4 milyon 431 bin 71 erba\u015f ve erden y\u00fczde 16,2&#8217;sine yetenek kazand\u0131r\u0131lm\u0131\u015f ve sertifika verilmi\u015ftir&#8221; dedi.<\/p>\n<p style=\"text-align: justify;\">Yetenek kazand\u0131rma kurslar\u0131na kat\u0131lan personele, askerlik hizmetinden sonra T\u00fcrkiye \u0130\u015f Kurumuna nas\u0131l m\u00fcracaat edecekleri konusunda da bilgiler verildi\u011fini belirten Tu\u011fgeneral G\u00fcrak, T\u00fcrkiye \u0130\u015f Kurumu ile koordine edilerek ihtiya\u00e7 olan i\u015f alanlar\u0131na y\u00f6nelik kurslar\u0131n planlanmas\u0131na \u00f6ncelik verildi\u011fini ve kurslar\u0131n, her celp d\u00f6neminde yeni silah alt\u0131na al\u0131nan Mehmet\u00e7iklerin kat\u0131l\u0131\u015f\u0131nda tekrar edildi\u011fini anlatt\u0131.<\/p>\n<p style=\"text-align: justify;\">Ayn\u0131 proje i\u00e7erisinde, okuma yazma bilmeyen erlere y\u00f6nelik olarak da okuma yazma kurslar\u0131 a\u00e7\u0131ld\u0131\u011f\u0131n\u0131 ifade eden Tu\u011fgeneral G\u00fcrak, bug\u00fcne kadar a\u00e7\u0131lan kurslara 242 bin 584 personelin kat\u0131ld\u0131\u011f\u0131n\u0131 ve bunlardan 173 bin 156&#8217;s\u0131n\u0131n bu kurslar\u0131 ba\u015far\u0131 ile tamamlad\u0131\u011f\u0131n\u0131, ba\u015far\u0131 oran\u0131n\u0131n y\u00fczde 71 oldu\u011funu s\u00f6yledi.<\/p>\n<p style=\"text-align: justify;\">A\u00e7\u0131lan okuma yazma kurslar\u0131na devam eden Mehmet\u00e7iklerin birinci kademe e\u011fitimini tamamlayarak okur-yazar belgesi almalar\u0131n\u0131n sa\u011fland\u0131\u011f\u0131na dikkati \u00e7eken Tu\u011fgeneral G\u00fcrak, ikinci kademe e\u011fitimleri ile Mehmet\u00e7iklere ilkokul be\u015finci s\u0131n\u0131f denklik belgesi verildi\u011fini bildirdi.<\/p>\n<p style=\"text-align: justify;\">Tu\u011fgeneral G\u00fcrak, &#8220;Okuma- yazma kurslar\u0131nda ikinci kademe e\u011fitimlerini bitirenler a\u00e7\u0131k ilk\u00f6\u011fretim alt\u0131nc\u0131 s\u0131n\u0131fa kay\u0131t olabilmekte ayr\u0131ca s\u00fcr\u00fcc\u00fc belgesi almak i\u00e7in ba\u015fvuru yapma hakk\u0131n\u0131 da elde etmektedirler&#8221; dedi.<\/p>\n<p style=\"text-align: justify;\">Tu\u011fgeneral G\u00fcrak bir gazetecinin, TSK taraf\u0131ndan son 8 y\u0131lda, askerli\u011fini yapan okuma yazma bilmeyen yakla\u015f\u0131k 250 bin personele okuma yazma e\u011fitimi verilmesi ihtiyac\u0131 duyuldu\u011funu hat\u0131rlatmas\u0131 ve &#8220;Cumhuriyetin 86. y\u0131l\u0131nda bu ba\u015far\u0131 kime ait?&#8221; \u015feklinde soru y\u00f6neltmesi \u00fczerine, &#8220;Bize bu durumda gelenleri biz ne \u015fekilde e\u011fitti\u011fimizi size a\u00e7\u0131klad\u0131k&#8221; dedi.<\/p>\n<p style=\"text-align: justify;\"><strong>TER\u00d6RLE M\u00dcCADELE<\/strong><\/p>\n<p style=\"text-align: justify;\">TSK&#8217;n\u0131n, vatanda\u015flar\u0131n can ve mal g\u00fcvenli\u011fini sa\u011flamak i\u00e7in b\u00f6l\u00fcc\u00fc ter\u00f6r \u00f6rg\u00fct\u00fc ile m\u00fccadelesine kararl\u0131l\u0131kla devam etti\u011fini vurgulayan Tu\u011fgeneral G\u00fcrak, TSK&#8217;n\u0131n, b\u00f6l\u00fcc\u00fc ter\u00f6r \u00f6rg\u00fct\u00fcne y\u00f6nelik olarak icra etti\u011fi faaliyetler kapsam\u0131nda 6 Mart 2009 tarihinden bug\u00fcne kadar toplam 18 i\u00e7 g\u00fcvenlik olay\u0131 meydana geldi\u011fini kaydetti.<\/p>\n<p style=\"text-align: justify;\">Bu olaylarda, 9 adet el yap\u0131m\u0131 patlay\u0131c\u0131 d\u00fczene\u011finin g\u00fcvenlik kuvvetleri taraf\u0131ndan yerinde imha edilerek olas\u0131 zayiatlar\u0131n \u00f6nlendi\u011fini belirten Tu\u011fgeneral G\u00fcrak, d\u00f6nem i\u00e7inde 3&#8217;\u00fc teslim, 3&#8217;\u00fc yakalama ve 1&#8217;i \u00f6l\u00fc olmak \u00fczere 7 ter\u00f6ristin etkisiz hale getirildi\u011fini bildirdi.<\/p>\n<p style=\"text-align: justify;\">Mardin&#8217;in Nusaybin il\u00e7esi Dibek da\u011f\u0131 b\u00f6lgesinde g\u00fcvenlik kuvvetleri ile ter\u00f6ristler aras\u0131nda 12 Martta \u00e7\u0131kan \u00e7at\u0131\u015fmada bir ter\u00f6ristin etkisiz hale getirildi\u011fini anlatan Tu\u011fgeneral G\u00fcrak, d\u00f6nem i\u00e7inde b\u00f6l\u00fcc\u00fc ter\u00f6r \u00f6rg\u00fct\u00fcne y\u00f6nelik yap\u0131lan operasyonlarda; &#8220;2 makineli t\u00fcfek (1 Biksi, 1 MG-3), 5 Kale\u015fnikof piyade t\u00fcfe\u011fi, 2 G-3 piyade t\u00fcfe\u011fi, 1 G-1 piyade t\u00fcfe\u011fi, bu silahlara ait 704 fi\u015fek, 1 antitank may\u0131n\u0131, 3 antipersonel may\u0131n\u0131, 3 el bombas\u0131, 10 kilogram cinsi tespit edilemeyen patlay\u0131c\u0131 madde, 5 kilogram patlay\u0131c\u0131 madde yap\u0131m\u0131nda kullan\u0131lan amonyum nitrat g\u00fcbresi&#8221; ele ge\u00e7irildi\u011fini belirtti.<\/p>\n<p style=\"text-align: justify;\">Tu\u011fgeneral G\u00fcrak, 6-13 Mart 2009 tarihleri aras\u0131nda toplam 2 arama kurtarma faaliyeti icra edildi\u011fini, Deniz Kuvvetleri Komutanl\u0131\u011f\u0131 ve Sahil G\u00fcvenlik Komutanl\u0131\u011f\u0131nca 1 ki\u015finin \u00f6l\u00fc olarak bulundu\u011funu ifade etti.<\/p>\n<p style=\"text-align: justify;\">Tu\u011fgeneral G\u00fcrak, 10 Mart 2009 tarihinde Bursa Uluda\u011f Oteller B\u00f6lgesi&#8217;nde, telesiyej ile \u00e7\u0131k\u0131\u015f yapt\u0131ktan sonra a\u015f\u0131r\u0131 sis nedeniyle kaybolan 1 vatanda\u015f\u0131n, Uluda\u011f Jandarma Da\u011f Arama ve Kurtarma Timi taraf\u0131ndan kurtar\u0131ld\u0131\u011f\u0131n\u0131 da s\u00f6yledi.<\/p>\n<p style=\"text-align: justify;\"><span style=\"color: #888888;\">Kaynak : AA<\/span><\/p>\n","protected":false},"excerpt":{"rendered":"<\/p>\n<p style=\"text-align: justify;\">&#8220;TSK&#8217;ya dair g\u00f6r\u00fc\u015fleri zaten bilinmektedir&#8221;<\/p>\n<p style=\"text-align: justify;\">Genelkurmay, &#8221;\u0130yi ki bu pa\u015falarla sava\u015fmam\u0131\u015f\u0131z&#8221; diyen Meclis eski Ba\u015fkan\u0131 B\u00fclent Ar\u0131n\u00e7&#8217;\u0131n s\u00f6zlerini &#8216;\u00f6nyarg\u0131l\u0131&#8217; ve &#8216;sapt\u0131r\u0131c\u0131&#8217; buldu\u011funu belirtti.<\/p>\n<p style=\"text-align: justify;\">Tu\u011fgeneral G\u00fcrak, eski TBMM Ba\u015fkan\u0131, AKP Manisa Milletvekili B\u00fclent Ar\u0131n\u00e7&#8217;\u0131n, &#8220;Ergenekon&#8221; davas\u0131 \u015f\u00fcphelileri olan emekli generaller ile ilgili s\u00f6zlerinin hat\u0131rlat\u0131lmas\u0131 \u00fczerine, &#8220;E\u011fer ger\u00e7ekten bu s\u00f6zler <\/p>\n","protected":false},"author":1,"featured_media":0,"comment_status":"open","ping_status":"closed","sticky":false,"template":"","format":"standard","meta":{"footnotes":""},"categories":[105],"tags":[],"class_list":["post-5131","post","type-post","status-publish","format-standard","hentry","category-gundem","odd"],"_links":{"self":[{"href":"http:\/\/www.korhanyilmaz.com\/index.php?rest_route=\/wp\/v2\/posts\/5131","targetHints":{"allow":["GET"]}}],"collection":[{"href":"http:\/\/www.korhanyilmaz.com\/index.php?rest_route=\/wp\/v2\/posts"}],"about":[{"href":"http:\/\/www.korhanyilmaz.com\/index.php?rest_route=\/wp\/v2\/types\/post"}],"author":[{"embeddable":true,"href":"http:\/\/www.korhanyilmaz.com\/index.php?rest_route=\/wp\/v2\/users\/1"}],"replies":[{"embeddable":true,"href":"http:\/\/www.korhanyilmaz.com\/index.php?rest_route=%2Fwp%2Fv2%2Fcomments&post=5131"}],"version-history":[{"count":0,"href":"http:\/\/www.korhanyilmaz.com\/index.php?rest_route=\/wp\/v2\/posts\/5131\/revisions"}],"wp:attachment":[{"href":"http:\/\/www.korhanyilmaz.com\/index.php?rest_route=%2Fwp%2Fv2%2Fmedia&parent=5131"}],"wp:term":[{"taxonomy":"category","embeddable":true,"href":"http:\/\/www.korhanyilmaz.com\/index.php?rest_route=%2Fwp%2Fv2%2Fcategories&post=5131"},{"taxonomy":"post_tag","embeddable":true,"href":"http:\/\/www.korhanyilmaz.com\/index.php?rest_route=%2Fwp%2Fv2%2Ftags&post=5131"}],"curies":[{"name":"wp","href":"https:\/\/api.w.org\/{rel}","templated":true}]}}