{"id":51164,"date":"2012-05-07T21:06:20","date_gmt":"2012-05-07T18:06:20","guid":{"rendered":"http:\/\/www.korhanyilmaz.com\/?p=51164"},"modified":"2012-05-08T08:20:12","modified_gmt":"2012-05-08T05:20:12","slug":"erdogana-10-yilin-devlet-adami-odulu","status":"publish","type":"post","link":"http:\/\/www.korhanyilmaz.com\/?p=51164","title":{"rendered":"Erdo\u011fan&#8217;a &#8217;10 y\u0131l\u0131n devlet adam\u0131&#8217; \u00f6d\u00fcl\u00fc"},"content":{"rendered":"<p style=\"text-align: center;\"><a href=\"http:\/\/www.korhanyilmaz.com\/wp-content\/uploads\/2012\/05\/E102.jpg\"  class=\"lightview\"><img loading=\"lazy\" decoding=\"async\" class=\"aligncenter  wp-image-51166\" src=\"http:\/\/www.korhanyilmaz.com\/wp-content\/uploads\/2012\/05\/E102.jpg\" alt=\"\" width=\"396\" height=\"180\" \/><\/a><\/p>\n<p style=\"text-align: justify;\">Resmi temaslarda bulunmak \u00fczere Slovenya&#8217;ya gelen Ba\u015fbakan Recep Tayip Erdo\u011fan&#8217;a, Ljubljana&#8217;daki temaslar\u0131n\u0131n ard\u0131ndan geldi\u011fi Bled \u015fehrinde Uluslararas\u0131 Ortado\u011fu ve Balkanlar Ara\u015ft\u0131rma Enstit\u00fcs\u00fc IFIMES taraf\u0131ndan 10 Y\u0131l\u0131n Devlet Adam\u0131 \u00d6d\u00fcl\u00fc verildi.<\/p>\n<p style=\"text-align: justify;\">\u00d6d\u00fcl\u00fcn\u00fc alan Ba\u015fbakan Erdo\u011fan bir konu\u015fma yapt\u0131. Erdo\u011fan, &#8220;Bu co\u011frafya b\u00fcy\u00fck trajedilere sahne oldu. Bu co\u011frafya kan, g\u00f6zya\u015f\u0131 ve \u00e7at\u0131\u015fma ile an\u0131ld\u0131.<!--more--><\/p>\n<p style=\"text-align: justify;\">Tarihin hemen her d\u00f6neminde \u00e7at\u0131\u015fma ve sava\u015flar sona erip halklar ileti\u015fime ge\u00e7ti\u011finde bu b\u00f6lgenin ne kadar keyifli bir b\u00f6lge oldu\u011fu ortaya \u00e7\u0131k\u0131yor. Bu co\u011frafya \u00fczerinde \u00fclke, bayrak, dillerimiz farkl\u0131 olabilir, her birimizin kendimize has k\u00fclt\u00fcr\u00fc olabilir ama balkan \u00fclkelerinin fertleri bir araya geldi\u011finde hi\u00e7 yabanc\u0131l\u0131k \u00e7ekmediklerini g\u00f6r\u00fcr\u00fcz. Asl\u0131nda bir T\u00fcrk&#8217;\u00fcn, Yunan&#8217;\u0131n, Arnavut&#8217;un, S\u0131rp&#8217;\u0131n, dil farkl\u0131l\u0131klar\u0131n\u0131, inan\u00e7 farkl\u0131l\u0131klar\u0131n\u0131 ortadan kald\u0131rd\u0131\u011f\u0131n\u0131zda birbirinden fark\u0131 olmad\u0131\u011f\u0131n\u0131 g\u00f6r\u00fcyoruz. Bizler mutfak, m\u00fczik a\u011f\u0131t ve ezgileri, sevin\u00e7 ve h\u00fcz\u00fcnleri ile tek y\u00fcrek olmu\u015f milletleriz. Aram\u0131zda tarihin t\u00fcm d\u00f6nemleri boyunca ortaya \u00e7\u0131kan anla\u015fmazl\u0131klar dostluklar\u0131m\u0131z kar\u015f\u0131s\u0131nda \u00e7ok k\u0131sad\u0131r&#8221; dedi.<\/p>\n<p style=\"text-align: justify;\"><strong>GELECE\u011eE BAKMAK ZORUNDAYIZ<\/strong><\/p>\n<p style=\"text-align: justify;\">Ba\u015fbakan Erdo\u011fan, &#8220;Tarihi unutal\u0131m demiyorum. Tarih bir ibret vesikas\u0131 olarak yanl\u0131\u015flar\u0131m\u0131z\u0131 ortala koyacak \u00e7ok \u00f6nemli bir derstir. Tarihin hatalar\u0131n\u0131 telafi ederek bug\u00fcn gelece\u011fe bakmak zorunday\u0131z. Bug\u00fcn AB denildi\u011finde yar\u0131m as\u0131r \u00f6nceki kanl\u0131 sava\u015flar de\u011fil d\u00fcnyan\u0131n en b\u00fcy\u00fck birlikteli\u011fi akla geliyor&#8221; dedi.<\/p>\n<p style=\"text-align: justify;\"><strong>SORUNLAR \u0130NC\u0130R \u00c7EK\u0130RDE\u011e\u0130N\u0130 DOLDURMAYACAK SORUNLAR<\/strong><\/p>\n<p style=\"text-align: justify;\">Ba\u015fbakan Erdo\u011fan, &#8220;Kom\u015fular\u0131m\u0131zla aram\u0131zdaki sorunlar\u0131 tek tek masaya yat\u0131rd\u0131k, i\u015fbirli\u011fini artt\u0131rman\u0131n yollar\u0131n\u0131 arad\u0131k. G\u00f6rd\u00fck ki sorunlar incir \u00e7ekirde\u011fini doldurmayacak sorunlar. Bir\u00e7ok sorunun asl\u0131nda ileti\u015fimsizlikten kaynakland\u0131\u011f\u0131n\u0131 g\u00f6rd\u00fck. K\u0131br\u0131s meselesinde \u00e7\u00f6z\u00fcm\u00fc zorlayan taraf biz olduk, Ermenistan ve Yunanistan ile \u00e7\u00f6z\u00fcm yollar\u0131 arad\u0131k&#8221; dedi.<\/p>\n<p style=\"text-align: justify;\"><strong>TAR\u0130HTEK\u0130 ACILARI \u0130\u00c7\u0130NDE B\u00dcY\u00dcTEN T\u00dcRK\u0130YE OLSAYDI BU B\u00dcY\u00dcME GER\u00c7EKLE\u015eMEZD\u0130<\/strong><\/p>\n<p style=\"text-align: justify;\">Ba\u015fbakan Erdo\u011fan, &#8220;Biz sadece kendi refah\u0131m\u0131z\u0131 de\u011fil b\u00f6lgedeki \u00fclkelerle refah art\u0131\u015f\u0131na girdik. Tarihteki ac\u0131lar\u0131 i\u00e7inde b\u00fcy\u00fcten T\u00fcrkiye olsayd\u0131 bu b\u00fcy\u00fcme ger\u00e7ekle\u015fmezdi. Kom\u015fular\u0131m\u0131zla ya\u015fanan gerginlikler uluslararas\u0131 platformlarda ele\u015ftiri konusu yap\u0131l\u0131yor. Biz b\u00f6lgede hukuku savundu\u011fumuz i\u00e7in ge\u00e7ici olarak bu sorunu ya\u015f\u0131yoruz. S\u00fcreci zorla\u015ft\u0131ran taraf asla biz olmad\u0131k. Ne yaz\u0131k ki Avrupa Birli\u011fi i\u00e7indeki kimi \u00fclkelerin \u0131rk\u00e7\u0131, ayr\u0131mc\u0131, pop\u00fclist yakla\u015f\u0131mlar\u0131 sayesinde sadece s\u00fcre\u00e7 yava\u015flam\u0131yor; Avrupa de\u011ferleri sorgulan\u0131r hale geldi. Norve\u00e7&#8217;te ya\u015fanan hadise s\u0131radan bir adli vakan\u0131n \u00fcst\u00fcndedir. Fransa&#8217;da se\u00e7im \u00f6ncesi ya\u015fananlar ha keza. Biz umudumuzu kaybetmedik, AB&#8217;yi hedef olarak kabul ediyoruz. Son on y\u0131l\u0131n verdi\u011fi heyecanla \u00f6n\u00fcm\u00fczdeki on y\u0131l\u0131n heyecan\u0131n\u0131 ta\u015f\u0131yorum. B\u00f6lgelerin daha m\u00fcreffeh olaca\u011f\u0131na inan\u0131yorum. Vizyon sahibi liderler ile Balkanlar d\u00fcnyadaki hakl\u0131 yerini alacakt\u0131r&#8221; diye konu\u015ftu.<\/p>\n<p style=\"text-align: justify;\"><a href=\"http:\/\/www.gazeteport.com\/haber\/93801\/erdogana_10_yilin_devlet_adami_odulu\" target=\"_blank\">Kaynak : GAZETEPORT<\/a><\/p>\n<hr \/>\n<p><center><\/center><center><br \/>\n<iframe loading=\"lazy\" src=\"http:\/\/maps.google.com\/maps?q=Slovenya&amp;hl=tr&amp;sll=37.0625,-95.677068&amp;sspn=49.357162,87.363281&amp;oq=SLOVEN&amp;hnear=Slovenya&amp;t=f&amp;ie=UTF8&amp;hq=&amp;ll=46.046609,14.504438&amp;spn=0.047658,0.103168&amp;z=13&amp;ecpose=46.04660868,14.50443821,8286.5,-0.451,0,0&amp;output=embed\" frameborder=\"0\" marginwidth=\"0\" marginheight=\"0\" scrolling=\"no\" width=\"600\" height=\"400\"><\/iframe><br \/>\n<span style=\"font-size: 11px;\"><br \/>\n<\/span><\/center><\/p>\n","protected":false},"excerpt":{"rendered":"<p style=\"text-align: center;\">\n<p style=\"text-align: justify;\">Resmi temaslarda bulunmak \u00fczere Slovenya&#8217;ya gelen Ba\u015fbakan Recep Tayip Erdo\u011fan&#8217;a, Ljubljana&#8217;daki temaslar\u0131n\u0131n ard\u0131ndan geldi\u011fi Bled \u015fehrinde Uluslararas\u0131 Ortado\u011fu ve Balkanlar Ara\u015ft\u0131rma Enstit\u00fcs\u00fc IFIMES taraf\u0131ndan 10 Y\u0131l\u0131n Devlet Adam\u0131 \u00d6d\u00fcl\u00fc verildi.<\/p>\n<p style=\"text-align: justify;\">\u00d6d\u00fcl\u00fcn\u00fc alan Ba\u015fbakan Erdo\u011fan bir konu\u015fma yapt\u0131. Erdo\u011fan, &#8220;Bu co\u011frafya b\u00fcy\u00fck trajedilere sahne oldu. Bu co\u011frafya kan, g\u00f6zya\u015f\u0131 <\/p>\n","protected":false},"author":1,"featured_media":0,"comment_status":"open","ping_status":"open","sticky":false,"template":"","format":"standard","meta":{"footnotes":""},"categories":[3],"tags":[],"class_list":["post-51164","post","type-post","status-publish","format-standard","hentry","category-dunya","odd"],"_links":{"self":[{"href":"http:\/\/www.korhanyilmaz.com\/index.php?rest_route=\/wp\/v2\/posts\/51164","targetHints":{"allow":["GET"]}}],"collection":[{"href":"http:\/\/www.korhanyilmaz.com\/index.php?rest_route=\/wp\/v2\/posts"}],"about":[{"href":"http:\/\/www.korhanyilmaz.com\/index.php?rest_route=\/wp\/v2\/types\/post"}],"author":[{"embeddable":true,"href":"http:\/\/www.korhanyilmaz.com\/index.php?rest_route=\/wp\/v2\/users\/1"}],"replies":[{"embeddable":true,"href":"http:\/\/www.korhanyilmaz.com\/index.php?rest_route=%2Fwp%2Fv2%2Fcomments&post=51164"}],"version-history":[{"count":0,"href":"http:\/\/www.korhanyilmaz.com\/index.php?rest_route=\/wp\/v2\/posts\/51164\/revisions"}],"wp:attachment":[{"href":"http:\/\/www.korhanyilmaz.com\/index.php?rest_route=%2Fwp%2Fv2%2Fmedia&parent=51164"}],"wp:term":[{"taxonomy":"category","embeddable":true,"href":"http:\/\/www.korhanyilmaz.com\/index.php?rest_route=%2Fwp%2Fv2%2Fcategories&post=51164"},{"taxonomy":"post_tag","embeddable":true,"href":"http:\/\/www.korhanyilmaz.com\/index.php?rest_route=%2Fwp%2Fv2%2Ftags&post=51164"}],"curies":[{"name":"wp","href":"https:\/\/api.w.org\/{rel}","templated":true}]}}