{"id":5114,"date":"2009-03-13T10:04:41","date_gmt":"2009-03-13T08:04:41","guid":{"rendered":"http:\/\/www.korhanyilmaz.com\/?p=5114"},"modified":"2009-03-13T10:04:41","modified_gmt":"2009-03-13T08:04:41","slug":"basbakana-bir-iki","status":"publish","type":"post","link":"http:\/\/www.korhanyilmaz.com\/?p=5114","title":{"rendered":"Memurlar\u0131 Ankara&#039;dan otob\u00fcslerle Ni\u011fde&#039;ye Ba\u015fbakan Erdo\u011fan&#039;\u0131n a\u00e7\u0131l\u0131\u015f\u0131na g\u00f6t\u00fcrd\u00fcler."},"content":{"rendered":"<p style=\"text-align: center;\"><a href=\"http:\/\/www.korhanyilmaz.com\/wp-content\/uploads\/2009\/03\/14737.jpg\"  class=\"lightview\"><img loading=\"lazy\" decoding=\"async\" class=\"aligncenter size-full wp-image-5115\" src=\"http:\/\/www.korhanyilmaz.com\/wp-content\/uploads\/2009\/03\/14737.jpg\" alt=\"\" width=\"309\" height=\"231\" \/><\/a><a class=\"lightview\" title=\"Memurlar\u0131 Ankara\u2019dan otob\u00fcslerle Ni\u011fde\u2019ye Ba\u015fbakan Erdo\u011fan\u2019\u0131n a\u00e7\u0131l\u0131\u015f\u0131na g\u00f6t\u00fcrd\u00fcler. ::  :: width: 500, height: 395\" rel=\"iframe\" href=\"http:\/\/www.korhanyilmaz.com\/swf\/flvplayer.swf?file=http:\/\/data.gazetevatan.com\/video\/file\/130320090952068334661.flv \"><img loading=\"lazy\" decoding=\"async\" class=\"aligncenter\" src=\"wp-data\/images\/video_izle_tikla.png\" alt=\"Memurlar\u0131 Ankara\u2019dan otob\u00fcslerle Ni\u011fde\u2019ye Ba\u015fbakan Erdo\u011fan\u2019\u0131n a\u00e7\u0131l\u0131\u015f\u0131na g\u00f6t\u00fcrd\u00fcler.\" width=\"30\" height=\"30\" \/ class=\"lightview\"><\/a><\/p>\n<p style=\"text-align: justify;\"><strong>Memurlar\u0131 Ankara&#8217;dan otob\u00fcslerle Ni\u011fde&#8217;ye Ba\u015fbakan Erdo\u011fan&#8217;\u0131n a\u00e7\u0131l\u0131\u015f\u0131na g\u00f6t\u00fcrd\u00fcler<\/strong><\/p>\n<p style=\"text-align: justify;\">Valilerin memurlar\u0131 AKP mitinglerine kat\u0131lmaya zorlad\u0131klar\u0131n\u0131 savunan muhalefete inat d\u00fcn y\u00fczlerce Karayollar\u0131 memuru, Ankara&#8217;dan Ba\u015fbakan Erdo\u011fan&#8217;\u0131n Ni\u011fde&#8217;de a\u00e7\u0131l\u0131\u015f\u0131n\u0131 yapt\u0131\u011f\u0131 Kemerhisar-Pozant\u0131 otoyol t\u00f6renine g\u00f6t\u00fcr\u00fcld\u00fc.<\/p>\n<p style=\"text-align: justify;\">Kanal D&#8217;nin haberine g\u00f6re, saat 08.45&#8217;te Karayollar\u0131 Genel M\u00fcd\u00fcrl\u00fc\u011f\u00fc \u00f6n\u00fcnde toplanan memurlar ve aileleri, a\u00e7\u0131l\u0131\u015fa g\u00f6t\u00fcr\u00fclmek otob\u00fcslere bindirildi. Memurlara genel m\u00fcd\u00fcrl\u00fck taraf\u0131ndan haz\u0131rlanan kumanyalar da da\u011f\u0131t\u0131ld\u0131. CHP&#8217;li Muharrem \u0130nce, Ba\u015fbakan&#8217;\u0131n yan\u0131tlamas\u0131 istemiyle \u00f6nerge vererek &#8220;A\u00e7\u0131l\u0131\u015fa g\u00f6t\u00fcr\u00fclen memurlar izinli mi say\u0131ld\u0131? Harc\u0131rah \u00f6dendi mi? Masraflar nereden kar\u015f\u0131land\u0131?&#8221; diye sordu.<\/p>\n<p style=\"text-align: justify;\"><span style=\"color: #888888;\">Kaynak : Haber Ajanslar\u0131<\/span><\/p>\n","protected":false},"excerpt":{"rendered":"<p style=\"text-align: center;\">\n<p style=\"text-align: justify;\">Memurlar\u0131 Ankara&#8217;dan otob\u00fcslerle Ni\u011fde&#8217;ye Ba\u015fbakan Erdo\u011fan&#8217;\u0131n a\u00e7\u0131l\u0131\u015f\u0131na g\u00f6t\u00fcrd\u00fcler<\/p>\n<p style=\"text-align: justify;\">Valilerin memurlar\u0131 AKP mitinglerine kat\u0131lmaya zorlad\u0131klar\u0131n\u0131 savunan muhalefete inat d\u00fcn y\u00fczlerce Karayollar\u0131 memuru, Ankara&#8217;dan Ba\u015fbakan Erdo\u011fan&#8217;\u0131n Ni\u011fde&#8217;de a\u00e7\u0131l\u0131\u015f\u0131n\u0131 yapt\u0131\u011f\u0131 Kemerhisar-Pozant\u0131 otoyol t\u00f6renine g\u00f6t\u00fcr\u00fcld\u00fc.<\/p>\n<p style=\"text-align: justify;\">Kanal D&#8217;nin haberine g\u00f6re, saat 08.45&#8217;te Karayollar\u0131 Genel M\u00fcd\u00fcrl\u00fc\u011f\u00fc \u00f6n\u00fcnde toplanan memurlar ve aileleri, a\u00e7\u0131l\u0131\u015fa <\/p>\n","protected":false},"author":1,"featured_media":0,"comment_status":"open","ping_status":"closed","sticky":false,"template":"","format":"standard","meta":{"footnotes":""},"categories":[105],"tags":[],"class_list":["post-5114","post","type-post","status-publish","format-standard","hentry","category-gundem","odd"],"_links":{"self":[{"href":"http:\/\/www.korhanyilmaz.com\/index.php?rest_route=\/wp\/v2\/posts\/5114","targetHints":{"allow":["GET"]}}],"collection":[{"href":"http:\/\/www.korhanyilmaz.com\/index.php?rest_route=\/wp\/v2\/posts"}],"about":[{"href":"http:\/\/www.korhanyilmaz.com\/index.php?rest_route=\/wp\/v2\/types\/post"}],"author":[{"embeddable":true,"href":"http:\/\/www.korhanyilmaz.com\/index.php?rest_route=\/wp\/v2\/users\/1"}],"replies":[{"embeddable":true,"href":"http:\/\/www.korhanyilmaz.com\/index.php?rest_route=%2Fwp%2Fv2%2Fcomments&post=5114"}],"version-history":[{"count":0,"href":"http:\/\/www.korhanyilmaz.com\/index.php?rest_route=\/wp\/v2\/posts\/5114\/revisions"}],"wp:attachment":[{"href":"http:\/\/www.korhanyilmaz.com\/index.php?rest_route=%2Fwp%2Fv2%2Fmedia&parent=5114"}],"wp:term":[{"taxonomy":"category","embeddable":true,"href":"http:\/\/www.korhanyilmaz.com\/index.php?rest_route=%2Fwp%2Fv2%2Fcategories&post=5114"},{"taxonomy":"post_tag","embeddable":true,"href":"http:\/\/www.korhanyilmaz.com\/index.php?rest_route=%2Fwp%2Fv2%2Ftags&post=5114"}],"curies":[{"name":"wp","href":"https:\/\/api.w.org\/{rel}","templated":true}]}}