{"id":5109,"date":"2009-03-13T10:48:08","date_gmt":"2009-03-13T08:48:08","guid":{"rendered":"http:\/\/www.korhanyilmaz.com\/?p=5109"},"modified":"2009-03-13T10:48:08","modified_gmt":"2009-03-13T08:48:08","slug":"yht-ilk-seferine-cikti","status":"publish","type":"post","link":"http:\/\/www.korhanyilmaz.com\/?p=5109","title":{"rendered":"YHT ilk seferine \u00e7\u0131kt\u0131"},"content":{"rendered":"<p style=\"text-align: center;\"><img loading=\"lazy\" decoding=\"async\" class=\"aligncenter size-full wp-image-5110\" title=\"YHT ilk seferine \u00e7\u0131kt\u0131 \" src=\"http:\/\/www.korhanyilmaz.com\/wp-content\/uploads\/2009\/03\/130320091052389698220.jpg\" alt=\"YHT ilk seferine \u00e7\u0131kt\u0131 \" width=\"376\" height=\"240\" \/><\/p>\n<p style=\"text-align: justify;\"><strong>Ankara ile Eski\u015fehir aras\u0131nda hizmet verecek y\u00fcksek h\u0131zl\u0131 tren, seferlerine ba\u015flad\u0131. Erdo\u011fan&#8217;\u0131n kulland\u0131\u011f\u0131 tren, 250 km h\u0131za ula\u015ft\u0131<\/strong>.<\/p>\n<p style=\"text-align: justify;\">Ba\u015fbakan&#8217;dan \u00f6nemli a\u00e7\u0131klamalar&#8230;<\/p>\n<p style=\"text-align: justify;\"><strong>&#8211; IMF&#8217;nin yeni teklifi hen\u00fcz bize ula\u015fmad\u0131.<\/strong><\/p>\n<p style=\"text-align: justify;\"><strong>&#8211; Anayasa&#8217;n\u0131n t\u00fcm\u00fcn\u00fc de\u011fi\u015ftirmeyece\u011fiz<\/strong><\/p>\n<p style=\"text-align: justify;\">Ba\u015fbakan Recep Tayyip Erdo\u011fan&#8217;\u0131n kulland\u0131\u011f\u0131 tren, saat 09.40&#8217;ta Ankara&#8217;dan Eski\u015fehir&#8217;e hareket etti.<\/p>\n<p style=\"text-align: justify;\">Trenin sefere ba\u015flamas\u0131 dolay\u0131s\u0131yla Ankara Gar\u0131&#8217;nda t\u00f6ren d\u00fczenlendi. Ba\u015fbakan Erdo\u011fan, Ankara Gar\u0131&#8217;na geli\u015finde Ankaral\u0131 se\u011fmenlerin g\u00f6sterisiyle kar\u015f\u0131land\u0131.<br \/>\nErdo\u011fan, t\u00f6rende yapt\u0131\u011f\u0131 k\u0131sa konu\u015fmada, h\u0131zl\u0131 trenin hay\u0131rl\u0131 olmas\u0131n\u0131 diledi.<!--more-->\n<\/p>\n<p style=\"text-align: justify;\">Bundan sonra Eski\u015fehir ile \u0130stanbul hatt\u0131n\u0131 s\u00fcratle tamamlayacaklar\u0131n\u0131 belirten Erdo\u011fan, Ankara-\u0130stanbul hatt\u0131n\u0131 bitirdiklerinde on y\u0131llar\u0131n hayalini ger\u00e7ekle\u015ftirmi\u015f olacaklar\u0131n\u0131 s\u00f6yledi.<\/p>\n<p style=\"text-align: justify;\">Erdo\u011fan, gelecek y\u0131l sonu bitirmeyi hedefledikleri Ankara-Konya etab\u0131n\u0131n da kendileri i\u00e7in b\u00fcy\u00fck \u00f6nem arzetti\u011fini dile getirerek, &#8220;B\u00f6ylece demir a\u011flarla \u00fclkemizi \u00f6r\u00fcyoruz&#8221; dedi.<\/p>\n<p style=\"text-align: justify;\">Y\u00fcksek H\u0131zl\u0131 Tren&#8217;in ilk seferinde, Ba\u015fbakan Erdo\u011fan&#8217;\u0131n yan\u0131 s\u0131ra e\u015fi Emine Erdo\u011fan, Ula\u015ft\u0131rma Bakan\u0131 Binali Y\u0131ld\u0131r\u0131m, \u00c7evre ve Orman Bakan\u0131 Veysel Ero\u011flu, \u0130ran ve \u0130spanya&#8217;n\u0131n ula\u015ft\u0131rma bakanlar\u0131, yabanc\u0131 misyon temsilcileri, sivil toplum \u00f6rg\u00fctlerinin temsilcileri, \u00e7ok say\u0131da gazeteci de yolcu olarak bulunuyor.<\/p>\n<p style=\"text-align: justify;\">Bu arada, trene binen Beyza ve Furkan isimli iki karde\u015f, Ba\u015fbakan Erdo\u011fan&#8217;\u0131n kom\u015fusu olduklar\u0131n\u0131 ve trene binmek istediklerini sal\u0131 g\u00fcn\u00fc Erdo\u011fan&#8217;a ilettiklerini belirttiler.<\/p>\n<p style=\"text-align: justify;\"><strong>HIZLI TREN\u0130N \u00d6ZELL\u0130KLER\u0130<\/strong><\/p>\n<p style=\"text-align: justify;\">TCDD Genel M\u00fcd\u00fcrl\u00fc\u011f\u00fc, h\u0131zl\u0131 trenlerin \u00fcreticisi \u0130spanyol CAF firmas\u0131yla yap\u0131lan s\u00f6zle\u015fme gere\u011fi 12 set temin edecek. Bu tren setlerinden 3&#8217;\u00fc tamamlanarak TCDD&#8217;ye teslim edildi. Bu setlerin ikisi bug\u00fcn itibar\u0131yla h\u0131zl\u0131 tren hatt\u0131nda kullan\u0131lmaya ba\u015fland\u0131, di\u011ferinin ise statik ve dinamik testleri devam ediyor. Kalan 9 set ise 2010 sonuna kadar T\u00fcrkiye&#8217;ye teslim edilecek.<\/p>\n<p style=\"text-align: justify;\">T\u00fcrkiye&#8217;nin ilk h\u0131zl\u0131 treninin \u00fcretiminde son teknolojiler kullan\u0131ld\u0131. Saatte 250 kilometre h\u0131z yapabilen tren, 17,5 milyon avroya mal oldu.<\/p>\n<p style=\"text-align: justify;\">Da\u011f\u0131t\u0131lm\u0131\u015f 8 motor taraf\u0131ndan \u00e7ekilen tren, motor ar\u0131zalar\u0131ndan dolay\u0131 yolculuklarda herhangi bir aksamaya meydan vermeyecek.<\/p>\n<p style=\"text-align: justify;\">Trende, i\u015fletmeyi temsil eden kurumsal renkler olan mavi ve k\u0131rm\u0131z\u0131 renkler yer al\u0131yor. 6 setten olu\u015fan vagonlar, business ve ekonomi vagonlar\u0131 olarak ayr\u0131 ayr\u0131 dizayn edildi. Business vagonlar\u0131n oturma d\u00fczeni 2 art\u0131 1 \u015feklinde, ekonomi vagonlar ise 2 art\u0131 2 koltuk \u015feklinde sa\u011fland\u0131. Tek seferde Toplam 419 yolcuyu ta\u015f\u0131yabilen trenin koltuklar\u0131 55 business, 354 birinci s\u0131n\u0131f, 2 \u00f6z\u00fcrl\u00fc, 8&#8217;i de kafeterya i\u00e7in monte edildi.<\/p>\n<p style=\"text-align: justify;\">Business b\u00f6l\u00fcm\u00fcmdeki koltuklar deri, di\u011fer b\u00f6l\u00fcmlerdeki koltuklar ise kuma\u015fla kapland\u0131. Business b\u00f6l\u00fcm\u00fcndeki t\u00fcm koltuklar\u0131n arka b\u00f6l\u00fcmlerine 4 ayr\u0131 kanaldan yay\u0131n yap\u0131labilecek \u015fekilde LCD ekran g\u00f6rsel yay\u0131n sistemleri konuldu. Ta\u015f\u0131nabilir bilgisayarlar i\u00e7in g\u00fc\u00e7 kayna\u011f\u0131n\u0131n bulundu\u011fu trende ortak kullan\u0131m i\u00e7in ayr\u0131ca LCD ekranlar tavanlara yerle\u015ftirildi.<\/p>\n<p style=\"text-align: justify;\">Yolculukta maksimum konforun sa\u011flanmas\u0131 amac\u0131yla h\u0131zl\u0131 trenin ses yal\u0131t\u0131m d\u00fczeyi y\u00fckseltildi. Bu sayede d\u0131\u015far\u0131dan d\u00fc\u015f\u00fck g\u00fcr\u00fclt\u00fc gelmesi sa\u011fland\u0131. T\u00fcnellerde ve kar\u015f\u0131l\u0131kl\u0131 tren ge\u00e7i\u015flerinde yolcular\u0131n bas\u0131n\u00e7tan etkilenmemesi i\u00e7in bas\u0131n\u00e7 dengeleme sistemi kuruldu. Bu sayede yolcular\u0131n olas\u0131 kulak rahats\u0131zl\u0131klar\u0131 \u00f6nlenecek.<br \/>\nDijital g\u00f6stergelerle yolcular\u0131n bilgilendirildi\u011fi vagonda, \u00e7a\u011fr\u0131 butonlar\u0131, vakumlu tuvaletler bulunuyor.\n<\/p>\n<p style=\"text-align: justify;\"><strong>&#8220;HAD\u0130SE KAYDED\u0130C\u0130&#8221; KONULDU<\/strong><\/p>\n<p style=\"text-align: justify;\">H\u0131zl\u0131 tren, olas\u0131 kazalara kar\u015f\u0131 maksimum g\u00fcvenlik \u00f6nlemleriyle donat\u0131ld\u0131. H\u0131z ve mesafe kontrol\u00fc i\u00e7in iki sinyal ekipman\u0131 konulurken, olas\u0131 kazalarda vagonlar\u0131n \u00fcst \u00fcste t\u0131rmanmalar\u0131n\u0131 \u00f6nleyen dizayn kullan\u0131ld\u0131.<\/p>\n<p style=\"text-align: justify;\">Makinistlerin bulundu\u011fu b\u00f6l\u00fcm de dahil olmak \u00fczere 16 kameran\u0131n yerle\u015ftirildi\u011fi trene, u\u00e7aklardakine benzer \u015fekilde &#8220;hadise kaydedici&#8221; konuldu. 4 kamerayla trenin d\u0131\u015f\u0131ndan da g\u00f6r\u00fcnt\u00fc toplanacak.<\/p>\n<p style=\"text-align: justify;\">Makinistlerin bay\u0131lmas\u0131 ya da ani \u00f6l\u00fcmlere kar\u015f\u0131 treni durduran &#8220;Totman&#8221; cihaz\u0131 konulurken, ar\u0131zalar\u0131 an\u0131nda tespit edecek SICAS bilgisayar\u0131 monte edildi. Tren hareket ettikten sonra giri\u015f kap\u0131lar\u0131n\u0131 otomatik olarak kilitleyen sistem, k\u0131zaklama \u00f6nleme sistemi, acil durum freni, ar\u0131za ve bilgi aktar\u0131m\u0131 i\u00e7in GPRS mod\u00fcl\u00fc, giri\u015f kap\u0131lar\u0131nda s\u0131k\u0131\u015fmay\u0131 \u00f6nleyen engel tespit sistemi, yang\u0131n tespit sistemi, trendeki di\u011fer donan\u0131mlar aras\u0131nda yer al\u0131yor.<br \/>\nH\u0131zl\u0131 tren, Ankara-Eski\u015fehir aras\u0131nda tamam\u0131 elektrikli, sinyalli ve \u00e7ift hatl\u0131 h\u0131zl\u0131 demir yolu \u00fczerinde \u00e7al\u0131\u015facak.\n<\/p>\n<p style=\"text-align: justify;\"><span style=\"color: #888888;\">Kaynak : AA<\/span><\/p>\n<p style=\"text-align: justify;\">\n","protected":false},"excerpt":{"rendered":"<p style=\"text-align: center;\">\n<p style=\"text-align: justify;\">Ankara ile Eski\u015fehir aras\u0131nda hizmet verecek y\u00fcksek h\u0131zl\u0131 tren, seferlerine ba\u015flad\u0131. Erdo\u011fan&#8217;\u0131n kulland\u0131\u011f\u0131 tren, 250 km h\u0131za ula\u015ft\u0131.<\/p>\n<p style=\"text-align: justify;\">Ba\u015fbakan&#8217;dan \u00f6nemli a\u00e7\u0131klamalar&#8230;<\/p>\n<p style=\"text-align: justify;\">&#8211; IMF&#8217;nin yeni teklifi hen\u00fcz bize ula\u015fmad\u0131.<\/p>\n<p style=\"text-align: justify;\">&#8211; Anayasa&#8217;n\u0131n t\u00fcm\u00fcn\u00fc de\u011fi\u015ftirmeyece\u011fiz<\/p>\n<p style=\"text-align: justify;\">Ba\u015fbakan Recep Tayyip Erdo\u011fan&#8217;\u0131n kulland\u0131\u011f\u0131 tren, saat 09.40&#8217;ta Ankara&#8217;dan Eski\u015fehir&#8217;e <\/p>\n","protected":false},"author":1,"featured_media":0,"comment_status":"open","ping_status":"closed","sticky":false,"template":"","format":"standard","meta":{"footnotes":""},"categories":[105],"tags":[],"class_list":["post-5109","post","type-post","status-publish","format-standard","hentry","category-gundem","odd"],"_links":{"self":[{"href":"http:\/\/www.korhanyilmaz.com\/index.php?rest_route=\/wp\/v2\/posts\/5109","targetHints":{"allow":["GET"]}}],"collection":[{"href":"http:\/\/www.korhanyilmaz.com\/index.php?rest_route=\/wp\/v2\/posts"}],"about":[{"href":"http:\/\/www.korhanyilmaz.com\/index.php?rest_route=\/wp\/v2\/types\/post"}],"author":[{"embeddable":true,"href":"http:\/\/www.korhanyilmaz.com\/index.php?rest_route=\/wp\/v2\/users\/1"}],"replies":[{"embeddable":true,"href":"http:\/\/www.korhanyilmaz.com\/index.php?rest_route=%2Fwp%2Fv2%2Fcomments&post=5109"}],"version-history":[{"count":0,"href":"http:\/\/www.korhanyilmaz.com\/index.php?rest_route=\/wp\/v2\/posts\/5109\/revisions"}],"wp:attachment":[{"href":"http:\/\/www.korhanyilmaz.com\/index.php?rest_route=%2Fwp%2Fv2%2Fmedia&parent=5109"}],"wp:term":[{"taxonomy":"category","embeddable":true,"href":"http:\/\/www.korhanyilmaz.com\/index.php?rest_route=%2Fwp%2Fv2%2Fcategories&post=5109"},{"taxonomy":"post_tag","embeddable":true,"href":"http:\/\/www.korhanyilmaz.com\/index.php?rest_route=%2Fwp%2Fv2%2Ftags&post=5109"}],"curies":[{"name":"wp","href":"https:\/\/api.w.org\/{rel}","templated":true}]}}