{"id":51047,"date":"2012-05-02T23:33:02","date_gmt":"2012-05-02T20:33:02","guid":{"rendered":"http:\/\/www.korhanyilmaz.com\/?p=51047"},"modified":"2012-05-02T23:43:21","modified_gmt":"2012-05-02T20:43:21","slug":"sener-ve-aysal-dugmeye-basti","status":"publish","type":"post","link":"http:\/\/www.korhanyilmaz.com\/?p=51047","title":{"rendered":"\u015eener ve Aysal d\u00fc\u011fmeye bast\u0131"},"content":{"rendered":"<p style=\"text-align: center;\"><a href=\"http:\/\/www.korhanyilmaz.com\/wp-content\/uploads\/2012\/05\/E0072.jpg\"  class=\"lightview\"><img loading=\"lazy\" decoding=\"async\" class=\"aligncenter  wp-image-51048\" src=\"http:\/\/www.korhanyilmaz.com\/wp-content\/uploads\/2012\/05\/E0072.jpg\" alt=\"\" width=\"275\" height=\"206\" \/><\/a><\/p>\n<p style=\"text-align: justify;\">Trabzonspor Kul\u00fcb\u00fc Ba\u015fkan\u0131 Sadri \u015eener, kat\u0131ld\u0131\u011f\u0131 Telegol programda olduk\u00e7a \u00e7arp\u0131c\u0131 a\u00e7\u0131klamalar yapt\u0131.<\/p>\n<p style=\"text-align: justify;\">\u0130stanbul- T\u00fcrkiye Futbol Federasyonu&#8217;nun 58. madde \u00fczerinde yapt\u0131\u011f\u0131 de\u011fi\u015fikliklere sert tepkiler g\u00f6steren kul\u00fcplerin ba\u015f\u0131nda gelen Galatasaray ve Trabzonspor, Y\u0131ld\u0131r\u0131m Demir\u00f6ren federasyonunu devirmek i\u00e7in d\u00fc\u011fmeye bast\u0131.\u00a0<!--more--><\/p>\n<p style=\"text-align: justify;\">Galatasaray ile Trabzonspor aras\u0131nda oynanan ma\u00e7\u0131n ard\u0131ndan a\u00e7\u0131klamalarda bulunan Trabzonspor Ba\u015fkan\u0131 Sadri \u015eener, sar\u0131-k\u0131rm\u0131z\u0131l\u0131 kul\u00fcb\u00fcn ba\u015fkan\u0131 \u00dcnal Aysal ile Haziran ay\u0131nda yap\u0131lacak olan TFF mali genel kurulda se\u00e7im karar\u0131 al\u0131nmas\u0131 i\u00e7in ortak \u00e7al\u0131\u015fma y\u00fcr\u00fcteceklerini belirtti.<\/p>\n<p style=\"text-align: justify;\">\u00dcnal Aysal ile fikir birli\u011fine vard\u0131klar\u0131n\u0131 belirten \u015eener, &#8220;\u00dcnal Aysal ile g\u00f6r\u00fc\u015ft\u00fck ve bu fikre vard\u0131k. \u0130brahim Yaz\u0131c\u0131 ve Recep Mamur da bizimle birlikte hareket edecek. 118 imza yetiyor ve bunu \u00e7ok rahat toplar\u0131z. Alt liglerde \u00e7ok Karadeniz tak\u0131m\u0131 var. Bu karar\u0131 ald\u0131k. Haziranda mali genel kurulda se\u00e7im karar\u0131 al\u0131r\u0131z. Bu y\u00f6netime destek verdi\u011fimiz i\u00e7in pi\u015fman\u0131z. Bize sorup bir \u015fey yapmad\u0131lar&#8221; dedi.<\/p>\n<p style=\"text-align: justify;\"><a href=\"http:\/\/www.cumhuriyet.com.tr\/?hn=334498\" target=\"_blank\">Kaynak : Cumhuriyet Haber Portal\u0131<\/a><\/p>\n","protected":false},"excerpt":{"rendered":"<p style=\"text-align: center;\">\n<p style=\"text-align: justify;\">Trabzonspor Kul\u00fcb\u00fc Ba\u015fkan\u0131 Sadri \u015eener, kat\u0131ld\u0131\u011f\u0131 Telegol programda olduk\u00e7a \u00e7arp\u0131c\u0131 a\u00e7\u0131klamalar yapt\u0131.<\/p>\n<p style=\"text-align: justify;\">\u0130stanbul- T\u00fcrkiye Futbol Federasyonu&#8217;nun 58. madde \u00fczerinde yapt\u0131\u011f\u0131 de\u011fi\u015fikliklere sert tepkiler g\u00f6steren kul\u00fcplerin ba\u015f\u0131nda gelen Galatasaray ve Trabzonspor, Y\u0131ld\u0131r\u0131m Demir\u00f6ren federasyonunu devirmek i\u00e7in d\u00fc\u011fmeye bast\u0131. <\/p>\n","protected":false},"author":1,"featured_media":0,"comment_status":"open","ping_status":"open","sticky":false,"template":"","format":"standard","meta":{"footnotes":""},"categories":[42],"tags":[],"class_list":["post-51047","post","type-post","status-publish","format-standard","hentry","category-spor","odd"],"_links":{"self":[{"href":"http:\/\/www.korhanyilmaz.com\/index.php?rest_route=\/wp\/v2\/posts\/51047","targetHints":{"allow":["GET"]}}],"collection":[{"href":"http:\/\/www.korhanyilmaz.com\/index.php?rest_route=\/wp\/v2\/posts"}],"about":[{"href":"http:\/\/www.korhanyilmaz.com\/index.php?rest_route=\/wp\/v2\/types\/post"}],"author":[{"embeddable":true,"href":"http:\/\/www.korhanyilmaz.com\/index.php?rest_route=\/wp\/v2\/users\/1"}],"replies":[{"embeddable":true,"href":"http:\/\/www.korhanyilmaz.com\/index.php?rest_route=%2Fwp%2Fv2%2Fcomments&post=51047"}],"version-history":[{"count":0,"href":"http:\/\/www.korhanyilmaz.com\/index.php?rest_route=\/wp\/v2\/posts\/51047\/revisions"}],"wp:attachment":[{"href":"http:\/\/www.korhanyilmaz.com\/index.php?rest_route=%2Fwp%2Fv2%2Fmedia&parent=51047"}],"wp:term":[{"taxonomy":"category","embeddable":true,"href":"http:\/\/www.korhanyilmaz.com\/index.php?rest_route=%2Fwp%2Fv2%2Fcategories&post=51047"},{"taxonomy":"post_tag","embeddable":true,"href":"http:\/\/www.korhanyilmaz.com\/index.php?rest_route=%2Fwp%2Fv2%2Ftags&post=51047"}],"curies":[{"name":"wp","href":"https:\/\/api.w.org\/{rel}","templated":true}]}}