{"id":51044,"date":"2012-05-02T22:58:54","date_gmt":"2012-05-02T19:58:54","guid":{"rendered":"http:\/\/www.korhanyilmaz.com\/?p=51044"},"modified":"2012-05-02T23:44:20","modified_gmt":"2012-05-02T20:44:20","slug":"senol-gunes-artik-futbol-konusmak-istemiyorum","status":"publish","type":"post","link":"http:\/\/www.korhanyilmaz.com\/?p=51044","title":{"rendered":"\u015eenol G\u00fcne\u015f: Art\u0131k futbol konu\u015fmak istemiyorum"},"content":{"rendered":"<p style=\"text-align: center;\"><a href=\"http:\/\/www.korhanyilmaz.com\/wp-content\/uploads\/2012\/05\/E0071.jpg\"  class=\"lightview\"><img loading=\"lazy\" decoding=\"async\" class=\"aligncenter  wp-image-51045\" src=\"http:\/\/www.korhanyilmaz.com\/wp-content\/uploads\/2012\/05\/E0071.jpg\" alt=\"\" width=\"275\" height=\"206\" \/><\/a><\/p>\n<p style=\"text-align: justify;\">Trabzonspor Teknik Direkt\u00f6r\u00fc \u015eenol G\u00fcne\u015f ma\u00e7\u0131n ard\u0131ndan &#8220;Art\u0131k futbol konu\u015fmak istemiyorum. T\u00fcrkiye&#8217;de ola\u011fan\u00fcst\u00fc \u015feyler ya\u015fan\u0131yor&#8221; dedi.<\/p>\n<p style=\"text-align: justify;\">\u0130stanbul- Trabzonspor&#8217;un tecr\u00fcbeli hocas\u0131 \u015eenol G\u00fcne\u015f, Galatasaray ma\u00e7\u0131n\u0131n ard\u0131ndan \u015funlar\u0131 s\u00f6yledi:<\/p>\n<p style=\"text-align: justify;\">&#8220;Bug\u00fcnden itibaren futbol konu\u015fmak istemiyorum. Taraftar\u0131m\u0131z\u0131n sakin ve sa\u011fduyulu olmas\u0131n\u0131 istiyorum.<!--more--><\/p>\n<p style=\"text-align: justify;\">Son g\u00fcnlerde i\u015faret bekliyorlar. T\u00fcrkiye&#8217;de \u00e7ok k\u00f6t\u00fc \u015feyler ya\u015fan\u0131yor. Hatta G\u00fcneydo\u011fu&#8217;daki olaylardan bile daha tehlikeli bir potansiyel g\u00f6r\u00fcyorum. Fenerbah\u00e7e ma\u00e7\u0131nda taraftarlar\u0131m\u0131z sakin olsun. Medya ve futbolu y\u00f6netenler de dikkatli olsun. Ma\u00e7\u0131 ve futbol konu\u015fmak istemiyorum&#8221;<\/p>\n<p style=\"text-align: justify;\"><a href=\"http:\/\/www.cumhuriyet.com.tr\/?hn=334492\" target=\"_blank\">Kaynak : Cumhuriyet Haber Portal\u0131<\/a><\/p>\n","protected":false},"excerpt":{"rendered":"<p style=\"text-align: center;\">\n<p style=\"text-align: justify;\">Trabzonspor Teknik Direkt\u00f6r\u00fc \u015eenol G\u00fcne\u015f ma\u00e7\u0131n ard\u0131ndan &#8220;Art\u0131k futbol konu\u015fmak istemiyorum. T\u00fcrkiye&#8217;de ola\u011fan\u00fcst\u00fc \u015feyler ya\u015fan\u0131yor&#8221; dedi.<\/p>\n<p style=\"text-align: justify;\">\u0130stanbul- Trabzonspor&#8217;un tecr\u00fcbeli hocas\u0131 \u015eenol G\u00fcne\u015f, Galatasaray ma\u00e7\u0131n\u0131n ard\u0131ndan \u015funlar\u0131 s\u00f6yledi:<\/p>\n<p style=\"text-align: justify;\">&#8220;Bug\u00fcnden itibaren futbol konu\u015fmak istemiyorum. Taraftar\u0131m\u0131z\u0131n sakin ve sa\u011fduyulu olmas\u0131n\u0131 istiyorum.<\/p>\n","protected":false},"author":1,"featured_media":0,"comment_status":"open","ping_status":"open","sticky":false,"template":"","format":"standard","meta":{"footnotes":""},"categories":[42],"tags":[],"class_list":["post-51044","post","type-post","status-publish","format-standard","hentry","category-spor","odd"],"_links":{"self":[{"href":"http:\/\/www.korhanyilmaz.com\/index.php?rest_route=\/wp\/v2\/posts\/51044","targetHints":{"allow":["GET"]}}],"collection":[{"href":"http:\/\/www.korhanyilmaz.com\/index.php?rest_route=\/wp\/v2\/posts"}],"about":[{"href":"http:\/\/www.korhanyilmaz.com\/index.php?rest_route=\/wp\/v2\/types\/post"}],"author":[{"embeddable":true,"href":"http:\/\/www.korhanyilmaz.com\/index.php?rest_route=\/wp\/v2\/users\/1"}],"replies":[{"embeddable":true,"href":"http:\/\/www.korhanyilmaz.com\/index.php?rest_route=%2Fwp%2Fv2%2Fcomments&post=51044"}],"version-history":[{"count":0,"href":"http:\/\/www.korhanyilmaz.com\/index.php?rest_route=\/wp\/v2\/posts\/51044\/revisions"}],"wp:attachment":[{"href":"http:\/\/www.korhanyilmaz.com\/index.php?rest_route=%2Fwp%2Fv2%2Fmedia&parent=51044"}],"wp:term":[{"taxonomy":"category","embeddable":true,"href":"http:\/\/www.korhanyilmaz.com\/index.php?rest_route=%2Fwp%2Fv2%2Fcategories&post=51044"},{"taxonomy":"post_tag","embeddable":true,"href":"http:\/\/www.korhanyilmaz.com\/index.php?rest_route=%2Fwp%2Fv2%2Ftags&post=51044"}],"curies":[{"name":"wp","href":"https:\/\/api.w.org\/{rel}","templated":true}]}}