{"id":51029,"date":"2012-05-02T13:58:36","date_gmt":"2012-05-02T10:58:36","guid":{"rendered":"http:\/\/www.korhanyilmaz.com\/?p=51029"},"modified":"2012-05-02T21:49:17","modified_gmt":"2012-05-02T18:49:17","slug":"f-bahce-kulubu-biz-temiziz","status":"publish","type":"post","link":"http:\/\/www.korhanyilmaz.com\/?p=51029","title":{"rendered":"F.Bah\u00e7e Kul\u00fcb\u00fc: Biz temiziz"},"content":{"rendered":"<p style=\"text-align: center;\"><a href=\"http:\/\/www.korhanyilmaz.com\/wp-content\/uploads\/2012\/05\/E0067.jpg\"  class=\"lightview\"><img loading=\"lazy\" decoding=\"async\" class=\"aligncenter  wp-image-51030\" src=\"http:\/\/www.korhanyilmaz.com\/wp-content\/uploads\/2012\/05\/E0067.jpg\" alt=\"\" width=\"396\" height=\"180\" \/><\/a><\/p>\n<p style=\"text-align: justify;\">Fenerbah\u00e7e Kul\u00fcb\u00fc Y\u00f6netim Kurulu, d\u00fczenledi\u011fi bas\u0131n toplant\u0131s\u0131yla ilk Etik Kurulu raporunu sert \u015fekilde ele\u015ftirdi, son raporla da temiz olduklar\u0131n\u0131n ispat edildi\u011fini ifade etti. CAS&#8217;taki davan\u0131n geri \u00e7ekilmesiyle ilgili de, &#8220;\u00dclkemizin menfaati ve kaosun ortadan kalkmas\u0131 i\u00e7in CAS&#8217;taki davay\u0131 geri \u00e7ektik&#8221; denildi.<\/p>\n<p style=\"text-align: justify;\">TFF&#8217;nin \u015fike iddialar\u0131na y\u00f6nelik soru\u015fturma sonras\u0131 ald\u0131\u011f\u0131 kararlar futbol d\u00fcnyas\u0131nda sert tart\u0131\u015fmalara yol a\u00e7m\u0131\u015ft\u0131. \u00d6zellikle ba\u015fta Galatasaray ve Trabzonspor olmak \u00fczere pek \u00e7ok kul\u00fcp Y\u0131ld\u0131r\u0131m Demir\u00f6ren ba\u015fkanl\u0131\u011f\u0131ndaki TFF Y\u00f6netim Kurulu&#8217;na ate\u015f p\u00fcsk\u00fcrm\u00fc\u015ft\u00fc.\u00a0<!--more--><\/p>\n<p style=\"text-align: justify;\">Hafta ba\u015f\u0131ndan bu yana herhangi bir a\u00e7\u0131klamada bulunmayan Fenerbah\u00e7e Kul\u00fcb\u00fc Y\u00f6netim Kurulu, tam kadro olarak kat\u0131ld\u0131\u011f\u0131 bir bas\u0131n toplant\u0131s\u0131yla g\u00fcndeme dair a\u00e7\u0131klamalarda bulundu.<\/p>\n<p style=\"text-align: justify;\">Bas\u0131n toplant\u0131s\u0131nda a\u00e7\u0131klamalarda bulunan Sar\u0131-lacivertli kul\u00fcb\u00fcn Ba\u015fkan Vekili Nihat \u00d6zdemir, T\u00fcrk futbolunun ola\u011fan\u00fcst\u00fc bir d\u00f6nemden ge\u00e7ti\u011fini belirterek \u015fu ifadeleri kulland\u0131:<\/p>\n<p style=\"text-align: justify;\"><strong>&#8220;HERKES B\u0130RB\u0130R\u0130N\u0130 SU\u00c7LADI&#8221;\u00a0<\/strong><\/p>\n<p style=\"text-align: justify;\">&#8220;Hepinizin bildi\u011fi gibi T\u00fcrk futbolu ola\u011fan\u00fcst\u00fc bir d\u00f6nemden ge\u00e7mektedir. 3 Temmuz s\u00fcreci olarak tan\u0131mlad\u0131\u011f\u0131m\u0131z ancak ba\u015flang\u0131c\u0131 daha \u00f6ncesine dayanan s\u00fcre\u00e7, camialar\u0131 kar\u015f\u0131 kar\u015f\u0131ya getirmi\u015f, taraftarlar\u0131 birbirine d\u00fc\u015f\u00fcrm\u00fc\u015f, futbolumuzu i\u00e7inden \u00e7\u0131k\u0131lmas\u0131 zor bir girdab\u0131n i\u00e7inde b\u0131rakm\u0131\u015ft\u0131r. S\u00f6zde temiz futbol olarak ba\u015flanan bu s\u00fcre\u00e7, istenmeyen trib\u00fcn olaylar\u0131na neden oldu, kul\u00fcpler su\u00e7land\u0131. \u0130nan\u0131lmaz travmalar ya\u015fand\u0131. Taraftarlar, bulduklar\u0131 her ortamda, birbirlerine hakaret ettiler. Herkes birbirini su\u00e7lad\u0131, k\u00fcf\u00fcrler, k\u00f6t\u00fc s\u00f6zler, iftiralar havada u\u00e7u\u015ftu. Bu temiz futbol s\u00fcreci daha ilk dokuz ay\u0131nda, birbirinden nefret eden, birbirini dinlemeyen bir futbol k\u00fclt\u00fcr\u00fc yaratt\u0131. Kar\u015f\u0131s\u0131ndakini dinleme s\u00fcrece zaten a\u00e7zd\u0131, t\u00fcmden yok oldu. En ac\u0131s\u0131 okullarda k\u00fc\u00e7\u00fcc\u00fck \u00e7ocuklar birbirlerine sen \u015fikecisin, \u015fikeci tak\u0131m demeye ba\u015flad\u0131. Gelecek nesiller i\u00e7in nefretin tohumlar\u0131 at\u0131lmaya ba\u015fland\u0131. Bundan sonra bu s\u00fcrece nas\u0131l toparlayaca\u011f\u0131m\u0131z\u0131 bilmiyoruz.<\/p>\n<p style=\"text-align: justify;\"><strong>&#8220;T\u00dcM BUNLARA DE\u011eD\u0130 M\u0130?&#8221;\u00a0<\/strong><\/p>\n<p style=\"text-align: justify;\">Bunca ya\u015fananlara, ya\u015fat\u0131lanlara, d\u00fc\u015fmanl\u0131klara, nefrete, \u00fclkemizi k\u00fc\u00e7\u00fck d\u00fc\u015f\u00fcrecek hamlelere gerek var m\u0131yd\u0131. T\u00fcm bulara de\u011fdi mi? Temiz futbol i\u00e7in hepimiz ne gerekiyorsa yapmaya, \u00fczerimize d\u00fc\u015fen katk\u0131y\u0131 yapmaya haz\u0131r\u0131z. \u015eimdi 3 Temmuz&#8217;dan bu yana ya\u015fad\u0131klar\u0131m\u0131z\u0131 hep beraber hat\u0131rlayal\u0131m.<\/p>\n<p style=\"text-align: justify;\">6 Temmuz&#8217;da \u0130stanbul Emniyet M\u00fcd\u00fcrl\u00fc\u011f\u00fc, bir web sitesinden a\u00e7\u0131klama yaparak 19 ma\u00e7ta \u015fike yap\u0131ld\u0131\u011f\u0131n\u0131n delillendirildi\u011fini a\u00e7\u0131klad\u0131. Fenerbah\u00e7e odakl\u0131 olarak dosyan\u0131n gizlili\u011fi ihlal edildi. Haftalarca yay\u0131n yasa\u011f\u0131 getirilmedi. Getirildi\u011finde de i\u015f i\u015ften ge\u00e7mi\u015ftir. Savc\u0131l\u0131k da son derece zorlamayla \u00e7ete su\u00e7u yaratarak dosyay\u0131 \u00f6zel savc\u0131ya getirdi.<\/p>\n<p style=\"text-align: justify;\">Hi\u00e7 bir savunma almadan, bir rapor yazarak, bir kanaat olu\u015fturmu\u015ftur. D\u00f6nemin TFF y\u00f6netimi de bu eksik rapor \u00fczerinden medyay\u0131 ve kamuoyunu y\u00f6nlendirmi\u015ftir. Bu eksik rapor \u00fczerinden UEFA&#8217;ya sadece Fenerbah\u00e7e odakl\u0131 bir bilgilendirme yap\u0131lm\u0131\u015ft\u0131r. Bize g\u00f6re \u00fclke futbolunun uluslarar\u0131 ortamda zarar g\u00f6rmesine, hukuk cinayeti i\u015fleyenler neden olmu\u015ftur.<\/p>\n<p style=\"text-align: justify;\">T\u00fcm bunlar ya\u015fan\u0131rken, medyan\u0131n bir kesimi, \u00f6zel yetkili mahkemelerdeki dava hakk\u0131nda baz\u0131lar\u0131 hak hukuk tan\u0131madan tav\u0131rlar\u0131n\u0131 s\u00fcrd\u00fcrd\u00fcler. Bir iftira kampanyas\u0131 ba\u015flad\u0131. Bug\u00fcne kadar t\u00fcrl\u00fc \u015fekillerde devam etti.<\/p>\n<p style=\"text-align: justify;\"><strong>&#8220;B\u0130ZLER TEM\u0130Z\u0130Z&#8221;\u00a0<\/strong><\/p>\n<p style=\"text-align: justify;\">T\u00fcm bunlara ra\u011fmen \u015fu sorular yan\u0131ts\u0131z kald\u0131. Deliller toplan\u0131rken, neden su\u00e7\u00fcst\u00fc yap\u0131lmad\u0131? Operasyon neden ligler tescil edildikten sonra yap\u0131ld\u0131? Toplumu ilgilendiren hassas konuda neden yay\u0131n yasa\u011f\u0131 getirilmedi? Emenike&#8217;nin para sayma g\u00f6r\u00fcnt\u00fcleri nerede? Fenerbah\u00e7e&#8217;nin \u00e7ete ile \u00f6rg\u00fct ile ne alakas\u0131 olabilir? Bu sorular medyada yeterince irdelenmedi. Tatmin edici yan\u0131tlar verilmedi.<\/p>\n<p style=\"text-align: justify;\">Bu a\u015famada biz ne yapt\u0131k. Yap\u0131lan onca haks\u0131zl\u0131k ve hukuksuzlu\u011fa ra\u011fmen T\u00fcrk adaletine g\u00fcvendik. Zaman zaman yap\u0131lan sald\u0131r\u0131lara toplu bir bas\u0131n a\u00e7\u0131klamas\u0131 yapt\u0131k. S\u00fcrece ili\u015fkin bilgilendirmede bulunduk. Az \u00f6z a\u00e7\u0131klama yapt\u0131k. Camiam\u0131zdan gelen yo\u011fun ele\u015ftirileri g\u00f6ze ald\u0131k. Gerekmedik\u00e7e de konu\u015fmad\u0131k. En \u00f6nemlisi, biz hi\u00e7 bir resmi a\u00e7\u0131klamam\u0131zda, ba\u015fkalar\u0131na hi\u00e7 bir zaman sald\u0131rmad\u0131k, hedef g\u00f6stermedik. Hukuktan adaletten bahsettik. Ortam\u0131 germedik. Germeye \u00e7al\u0131\u015fanlara engel olmaya \u00e7al\u0131\u015ft\u0131k. At\u0131p tutanlar\u0131n, hunharca kesenlerin, nefeslerin kesilece\u011fi ana geldik. TFF&#8217;nin yetkili organlar\u0131, dosya \u00fczerinden ve savunmalar\u0131 da alarak \u00e7al\u0131\u015fmalar\u0131n\u0131 tamamlamak \u00fczereler. Biz temiziz. Ve su\u00e7suzlu\u011fumuza da inan\u0131yoruz. Adil bir yarg\u0131laman\u0131n bunu ortaya \u00e7\u0131karaca\u011f\u0131na bug\u00fcne kadar inand\u0131k.<\/p>\n<p style=\"text-align: justify;\"><strong>&#8220;58. MADDEDE TAVRIMIZ DE\u011e\u0130\u015eMED\u0130&#8221;\u00a0<\/strong><\/p>\n<p style=\"text-align: justify;\">Bas\u0131na yans\u0131yan bilgilere g\u00f6re, Etik Kurulu&#8217;nun raporu, bizim ilk g\u00fcnde savundu\u011fumuz olaylar\u0131 teyit eder \u015fekilde. \u015eike su\u00e7u oyuncular taraf\u0131ndan yerine getirilmediyse saha d\u0131\u015f\u0131nda da yoktur. Tabii bununla ilgili karar\u0131 kurumlar verecektir. Biz yine verilecek karar\u0131 bekliyoruz.<\/p>\n<p style=\"text-align: justify;\">Bu noktada bir \u015feyi daha tekrarlamak istiyoruz, &#8220;58. maddenin de\u011fi\u015fmesi konusunda da ilk g\u00fcnden bu yana kul\u00fcb\u00fcm\u00fcz\u00fcn tavr\u0131 ayn\u0131d\u0131r, de\u011fi\u015fiklik yoktur. Biz su\u00e7suz oldu\u011fumuzu s\u00f6yledik ve de\u011fi\u015ftirilmemesi gerekti\u011fini s\u00f6yledik. Sadece madde a\u00e7\u0131s\u0131ndan su\u00e7 ve cezan\u0131n d\u00fcnya standartlar\u0131 a\u00e7\u0131s\u0131ndan fazla oldu\u011funu s\u00f6yledik. Tekrar s\u00f6yl\u00fcyorum, biz masumuz, biz ge\u00e7en seneki ma\u00e7lar\u0131m\u0131z\u0131 \u015fike yaparak, kar\u015f\u0131 tak\u0131m\u0131n ma\u00e7lar\u0131n\u0131 oynamamas\u0131ndan dolay\u0131 almad\u0131k. Bununla birlikte \u00e7\u0131kar ama\u00e7l\u0131, su\u00e7 \u00f6rg\u00fct\u00fc kurmak ve y\u00f6netmek su\u00e7lamas\u0131yla kar\u015f\u0131 kar\u015f\u0131ya kalan ba\u015fkan ve y\u00f6netici arkada\u015flar\u0131m\u0131z yarg\u0131lanmaktad\u0131rlar. Haks\u0131z su\u00e7 \u00f6rg\u00fct\u00fc y\u00f6netmek su\u00e7lamas\u0131yla mahkeme kar\u015f\u0131s\u0131ndaki y\u00f6neticilerimiz, su\u00e7suzdur ve bu tarihteki yerini alm\u0131\u015ft\u0131r. Fenerbah\u00e7e hesaplar\u0131n\u0131n hepsinin hukuka uygun oldu\u011fu ortaya \u00e7\u0131km\u0131\u015ft\u0131r. Fenerbah\u00e7e tertemizdir ve hi\u00e7 bir gayri ahlaki unvanla yan yana konulamaz. Bize l\u00fctuf ve ayr\u0131cal\u0131k olamaz.<\/p>\n<p style=\"text-align: justify;\">\u015eimdi s\u0131ra sevgili ba\u015fkan ve y\u00f6netici arkada\u015flar\u0131m\u0131z\u0131n \u00f6zg\u00fcrl\u00fcklerine gelmi\u015ftir. Onlar ki Fenerbah\u00e7e de\u011ferlerine de\u011fer katm\u0131\u015ft\u0131r: Onlar\u0131 silahl\u0131 su\u00e7 \u00f6rg\u00fct\u00fcne dahil etmek isteyenler, bir ki\u015fi d\u0131\u015f\u0131nda hepsinin tahliye edildi\u011fini g\u00f6rmezlikten gelmektedir.<\/p>\n<p style=\"text-align: justify;\">Ki\u015fiye \u00f6zel yasalardan kimler yararlanm\u0131\u015ft\u0131r. Pe\u015finen su\u00e7lu ilan edilirken \u015fu anda futbol hayat\u0131lar\u0131na devam edenlere tan\u0131nan haklar neden ba\u015fkan\u0131m\u0131za ve y\u00f6neticilerimize tan\u0131nmamaktad\u0131r. Her dosyan\u0131n kadorlu gizli tan\u0131klar\u0131n\u0131n yalan ve tiraj\u0131 komik beyanlarla t\u00fcrk sporuna hayatlar\u0131n\u0131 adayan ki\u015filere yap\u0131lanlar devam\u0131d\u0131r. Ba\u015fkan ve arkada\u015flar\u0131m\u0131z\u0131n en k\u0131sa s\u00fcrede aram\u0131za kat\u0131l\u0131p Fenerbah\u00e7e i\u00e7in yapacaklar\u0131na kald\u0131klar\u0131 yerinden devam etmeleridir.<\/p>\n<p style=\"text-align: justify;\"><strong>&#8220;FENERBAH\u00c7E \u0130LE SAHADA M\u00dcCADELE EDEMEYENLER&#8230;&#8221;\u00a0<\/strong><\/p>\n<p style=\"text-align: justify;\">Kimse kusura bakmas\u0131n. Tane tane s\u00f6ylemek istiyorum. Bunlar Fenerbah\u00e7e ile spor sahalar\u0131nda ba\u015fa \u00e7\u0131kamayacaklar\u0131n\u0131 anlayanlar\u0131n beyhude \u00e7\u0131rp\u0131n\u0131\u015flar\u0131d\u0131r. Savunma hakk\u0131na, masumiyet karinesine sayg\u0131s\u0131 olmayanlar\u0131n son hezeyanlar\u0131d\u0131r. Her g\u00fcn kupa isteyerek, kupa alacaklar\u0131n\u0131 zannedenlerin r\u00fcyalar\u0131d\u0131r. Adalet bek\u00e7ili\u011fi yapanlar\u0131n, hezeyanlar\u0131d\u0131r.<\/p>\n<p style=\"text-align: justify;\">Fenerbah\u00e7e bunu asla ve asla unutmayacakt\u0131r. Taraftarlar\u0131m\u0131z rahat olsun, zaman ve hukuki s\u00fcre\u00e7 bizi hakl\u0131 \u00e7\u0131karacakt\u0131r. Burada gol kral\u0131m\u0131z, teknik direkt\u00f6r\u00fcm\u00fcz, camian\u0131n say\u0131n Aykut Kocaman&#8217;a ve onun nezdinde oyuncular\u0131m\u0131za y\u00fcrek dolusu te\u015fekk\u00fcr ediyorum.<\/p>\n<p style=\"text-align: justify;\">Bize amat\u00f6r bran\u015flarda kupalar kazand\u0131ran t\u00fcm sporcular\u0131m\u0131za te\u015fekk\u00fcr ediyorum. Taraftarlar\u0131m\u0131z\u0131n g\u00f6sterdi\u011fi m\u00fcthi\u015f direni\u015f ve kenetlenme bu s\u00fcre\u00e7te bizi ayakta tutmuy\u015ftur. Onlar da kul\u00fcplerine destekleriyle \u015fimdiden tarihe ge\u00e7mi\u015ftir. Hepsine te\u015fekk\u00fcr ediyorum.<\/p>\n<p style=\"text-align: justify;\">Fenerbah\u00e7e Spor Kul\u00fcb\u00fc&#8217;n\u00fcn taraftarlar\u0131yla kenetlenerek elde etti\u011fi ba\u015far\u0131lar tesad\u00fcf de\u011fildir. T\u00fcm bunlar say\u0131n Aziz Y\u0131ld\u0131r\u0131m&#8217;\u0131n vizyonu ile ba\u015flayan \u00e7al\u0131\u015fmalar\u0131n bir \u00fcr\u00fcn\u00fcd\u00fcr. Bug\u00fcn Fenerbah\u00e7e Spor Kul\u00fcb\u00fc her alanda rakiplerinin \u00f6n\u00fcndedir. Fenerbah\u00e7e ya\u015fanan t\u00fcm olumsuzluklara ra\u011fmen neredeyse 3 b\u00fcy\u00fck rakibin toplam\u0131 kadar bir ekonomik de\u011fere sahiptir. 100. y\u0131l\u0131nda d\u00fcnyada en \u00e7ok kupa kazanan kul\u00fcp olarak Guinnes Rekorlar Kitab\u0131&#8217;na girmi\u015ftir.<\/p>\n<p style=\"text-align: justify;\">Fenerbah\u00e7e son 5 y\u0131lda toplam 32 kupa kazanm\u0131\u015ft\u0131r. Fenerbah\u00e7e&#8217;nin t\u00fcm bran\u015flardaki t\u00fcm tak\u0131mlar\u0131 alt yap\u0131da olmak \u00fczere son 5 y\u0131lda d\u00fcnya, Avrupa, Balkan, T\u00fcrkiye \u015fampiyonluklar\u0131 olmak \u00fczere toplam 297 kupa kazanm\u0131\u015ft\u0131r. Sporcular\u0131m\u0131z d\u00fcnya \u00e7ap\u0131nda say\u0131s\u0131z ba\u015far\u0131lar elde etmi\u015ftir. Son olimpiyatlarda oldu\u011fu gibi \u00fclkemizi en \u00e7ok Fenerbah\u00e7e Spor Kul\u00fcb\u00fc&#8217;n\u00fcn sporcular\u0131 temsil edecek. Bize \u015f\u00fcphesiz say\u0131s\u0131z ba\u015far\u0131lar kazand\u0131racakt\u0131r. Bunlar geceden sabaha olacak \u015feyler de\u011fildir. Bunlar Aziz Y\u0131ld\u0131r\u0131m ve arkada\u015flar\u0131n\u0131n T\u00fcrk sporuna hayatlar\u0131n\u0131 adamas\u0131n\u0131n sonucudur.<\/p>\n<p style=\"text-align: justify;\">Ancak Aziz Y\u0131ld\u0131r\u0131m ve arkada\u015flar\u0131na reva g\u00f6r\u00fclen hepimizin vicdan\u0131n\u0131 yaralamaktad\u0131rlar. Aziz Y\u0131ld\u0131r\u0131m ve arkada\u015flar\u0131 tutuksuz yarg\u0131lanmay\u0131 haketmektedirler. Bunu T\u00fcrk adaletinden bekliyoruz.<\/p>\n<p style=\"text-align: justify;\"><strong>CAS DAVASI HAKKINDA&#8230;\u00a0<\/strong><\/p>\n<p style=\"text-align: justify;\">Fenerbah\u00e7e Spor Kul\u00fcb\u00fc olarak TFF ve UEFA&#8217;ya kar\u015f\u0131, \u015eampiyonlar Ligi&#8217;nden men edilmemiz nedeniyle 1 Eyl\u00fcl 2011&#8217;de CAS&#8217;a dava a\u00e7m\u0131\u015ft\u0131k. Kul\u00fcb\u00fcm\u00fcz\u00fcn savunma hakk\u0131 g\u00f6zetilmeden, bu dava s\u00fcresince kapal\u0131 kap\u0131lar ard\u0131nda kalm\u0131\u015f bir tak\u0131m ger\u00e7eklere, bilgi, belgelere ula\u015fm\u0131\u015ft\u0131k.<\/p>\n<p style=\"text-align: justify;\">Bu sorunun ortadan kald\u0131r\u0131lmas\u0131 i\u00e7in ge\u00e7ti\u011fimiz hafta geri \u00e7ektik. Fenerbah\u00e7e olarak sergiledi\u011fimiz bu olgun davran\u0131\u015f\u0131n hangi noktalara \u00e7ekildi\u011fini g\u00f6rd\u00fck. Kara propaganda yapan mihaklar\u0131n nas\u0131l \u00e7al\u0131\u015ft\u0131\u011f\u0131n\u0131 esefle takip ediyoruz. TFF&#8217;nin a\u00e7\u0131klad\u0131\u011f\u0131 kararlar sonucunda, art\u0131k futbolu yaralayacak her t\u00fcrl\u00fc davran\u0131\u015flardan ka\u00e7\u0131nd\u0131k, ka\u00e7\u0131naca\u011f\u0131z. Kul\u00fcb\u00fcm\u00fcz\u00fcn ve \u00fclkemizin menfaatlerini sonuna kadar y\u00fcr\u00fctt\u00fc\u011f\u00fcm\u00fcz\u00fcn sonuna kadar kimsenin \u015f\u00fcphesi olmas\u0131n. Kul\u00fcb\u00fcm\u00fcz ve \u00fclkemiz a\u00e7\u0131s\u0131ndan hay\u0131rl\u0131 olmas\u0131n\u0131 istiyoruz.<\/p>\n<p style=\"text-align: justify;\"><strong>AYSAL, PLAY-OFF&#8217;U F.BAH\u00c7E&#8217;S\u0130Z OYNAYACAK SANDI\u00a0<\/strong><\/p>\n<p style=\"text-align: justify;\">Galatasaray Ba\u015fkan\u0131 \u00dcnal Aysal&#8217;\u0131n a\u00e7\u0131klamalar\u0131n\u0131 yorumlayan \u00d6zdemir, &#8220;Fenerbah\u00e7e&#8217;nin ald\u0131\u011f\u0131 en b\u00fcy\u00fck tepkilerin ba\u015f\u0131nda ezeli rakibimiz Galatasaray&#8217;dan gelmektedir. Say\u0131n Aysal&#8217;\u0131n Fenerbah\u00e7e&#8217;ye yenilsek bile biz \u015eampiyonlar Ligi&#8217;ne gidece\u011fiz gibi talihsiz a\u00e7\u0131klamas\u0131 oldu. Ge\u00e7en sene bu olay Trabzonspor&#8217;la ilgili oynand\u0131. Trabzon&#8217;un g\u00f6nderilmesinde TFF&#8217;nin yapt\u0131\u011f\u0131 talihsiz bir karar neticesinde oldu. Bug\u00fcn art\u0131k t\u00fcm spor camias\u0131 bunun yanl\u0131\u015f karar oldu\u011funu s\u00f6ylemektedir. Say\u0131n Aysal&#8217;\u0131n yapt\u0131\u011f\u0131 a\u00e7\u0131klama biz Fenerbah\u00e7e camias\u0131n\u0131 derinden yaralam\u0131\u015ft\u0131r. Ama kendisi Play-Off ma\u00e7lar\u0131n\u0131 da Fenerbah\u00e7e&#8217;siz oynayaca\u011f\u0131n\u0131 zannediyordu. 18 kul\u00fcb\u00fcn ba\u015fkanlar\u0131n\u0131n yan\u0131nda Play-Off&#8217;u bizle oynayacaklar\u0131n\u0131 s\u00f6yledik. \u015eampiyonluk konusunda en az onlar kadar \u015fans\u0131m\u0131z vard\u0131r. \u0130n\u015fallah Fenerbah\u00e7e hakk\u0131 olan \u015fampiyonluk ipini g\u00f6\u011f\u00fcsleyecektir. Bunlar Galatasaray&#8217;\u0131 hi\u00e7bir yere g\u00f6t\u00fcremez&#8221; dedi.<\/p>\n<p style=\"text-align: justify;\">CAS davas\u0131yla ilgili konu\u015fan \u00d6zdemir, &#8220;Aziz Y\u0131ld\u0131r\u0131m cezaevinde tutuklu bulunmaktad\u0131r. Biz Y\u0131ld\u0131r\u0131m ve \u0130lhan Ek\u015fio\u011flu haricinde topland\u0131k ve oybirli\u011fiyle CAS davas\u0131ndan \u00e7ekilme karar\u0131 verdik. Y\u0131ld\u0131r\u0131m&#8217;\u0131n dahili yoktur. Bu karar \u00fclkemizin ve Fenerbah\u00e7e&#8217;nin menfaati i\u00e7indir &#8221; diye konu\u015ftu.<\/p>\n<p style=\"text-align: justify;\">&#8220;Biz kendimizden eminiz&#8221; diyen \u00d6zdemir, ge\u00e7en y\u0131lki \u015fampiyonluk kupas\u0131n\u0131n da al\u0131n teriyle kazan\u0131ld\u0131\u011f\u0131n\u0131 kaydetti.<\/p>\n<p style=\"text-align: justify;\"><strong>TRABZONSPOR SIKINTININ BA\u015e M\u0130MARI\u00a0<\/strong><\/p>\n<p style=\"text-align: justify;\">&#8220;Trabzonspor sa\u011fduyuyu g\u00f6stermedi, hep ortam\u0131 germeye \u00e7al\u0131\u015ft\u0131&#8221; diyen \u00d6zdemir, Trabzonspor&#8217;un bug\u00fcnk\u00fc s\u0131k\u0131nt\u0131n\u0131n ba\u015f mimar\u0131 oldu\u011funu s\u00f6yledi. \u00d6zdemir, &#8220;Trabzonspor, federasyonla konu\u015farak hakem de\u011fi\u015ftirmesini sa\u011flam\u0131\u015f m\u0131d\u0131r? Biz Topuk Yaylas\u0131 i\u00e7in y\u00fczde 20&#8217;lik rakam\u0131 federasyon kanal\u0131yla kulland\u0131k. Acaba Trabzonspor Karadeniz Oyunlar\u0131 i\u00e7in verilen 6 milyon liradan 5 milyon lira alm\u0131\u015f m\u0131d\u0131r? Bu bug\u00fcne kadar hi\u00e7 a\u00e7\u0131klanmad\u0131\u011f\u0131 gibi maalesef ara\u015ft\u0131r\u0131lmam\u0131\u015ft\u0131r. Trabzonspor da PFDK&#8217;ya verildi. Fenerbah\u00e7e-Sivas ma\u00e7\u0131 \u00f6ncesi Trabzon&#8217;dan Sivas&#8217;a bal\u0131k g\u00f6nderiliyormu\u015f. Bu bal\u0131k i\u015fi nedir? Tapelerdeki bal\u0131k meselesinin a\u00e7\u0131klanmaya ihtiyac\u0131 vard\u0131r. Trabzonspor y\u00f6neticilerinin Ba\u015fbakan hakk\u0131nda konu\u015fmalar\u0131 olmu\u015ftur. Bu konu\u015fmalar\u0131 Aziz Y\u0131ld\u0131r\u0131m yapsayd\u0131 belki Ergenekon davas\u0131yla birle\u015ftireceklerdi. Bu konu\u015fmalar hi\u00e7 dikkate al\u0131nmam\u0131\u015ft\u0131r&#8221; dedi.<\/p>\n<p style=\"text-align: justify;\"><strong>KO\u00c7: UEFA&#8217;YA &#8216;G\u0130TMEYEL\u0130M&#8217; GARANT\u0130S\u0130 VERMED\u0130K\u00a0<\/strong><\/p>\n<p style=\"text-align: justify;\">Fenerbah\u00e7eli y\u00f6netici Ali Ko\u00e7 da yapt\u0131\u011f\u0131 a\u00e7\u0131klamada &#8220;Spor medyam\u0131zda bir s\u0131k\u0131nt\u0131 var. Bu CAS konusunda da s\u00f6z konusudur. Aylard\u0131r UEFA&#8217;n\u0131n T\u00fcrkiye&#8217;yi y\u0131llarca men edece\u011fini s\u00f6ylediniz ama bir ki\u015fi \u00e7\u0131k\u0131p bir tak\u0131m\u0131n fiilinden dolay\u0131 b\u00f6yle bir cezaland\u0131rma olmad\u0131\u011f\u0131n\u0131 a\u00e7\u0131klayamad\u0131. Trabzonspor&#8217;un gitmesiyle ilgili tart\u0131\u015fmalar yap\u0131ld\u0131. Bir ki\u015fi stat\u00fcye baksayd\u0131, bir \u00fclkede bir tak\u0131m\u0131 federasyon \u015fampiyonadan \u00e7ekince s\u0131radaki tak\u0131m gider. CAS davas\u0131yla ilgili pek \u00e7ok bilgi kirlili\u011fi yap\u0131ld\u0131. Tarih de\u011fi\u015fti bundan anlamlar \u00e7\u0131kar\u0131ld\u0131. CAS davalar\u0131nda tarih de\u011fi\u015fir, pazarl\u0131k yap\u0131l\u0131r. Bunun onlarca \u00f6rne\u011fi s\u00f6z konusu. Fenerbah\u00e7e&#8217;nin UEFA turnuvalar\u0131na kat\u0131lmayaca\u011f\u0131na dair garanti verdi\u011fi s\u00f6yleniyor. B\u00f6yle bir garanti yoktur. Gitmemize hi\u00e7bir engel yoktur. Avrupa&#8217;ya gitmeyece\u011fize dair UEFA&#8217;ya taahh\u00fct verilmemi\u015ftir&#8221; dedi.<\/p>\n<p style=\"text-align: justify;\">&#8220;\u0130n\u015fallah &#8216;temiziz&#8217; dedi\u011fi i\u00e7in UEFA&#8217;dan Trabzon&#8217;a ceza gelmez&#8221; diyen Ko\u00e7, federasyonun sadece Fenerbah\u00e7e hakk\u0131nda bilgilendirme yapt\u0131\u011f\u0131n\u0131 ifade etti. Ko\u00e7, yeni Etik Kurulu&#8217;nda daha fazla bilgi oldu\u011fu i\u00e7in raporun de\u011fi\u015fti\u011fini dile getirdi.<\/p>\n<p style=\"text-align: justify;\"><a href=\"http:\/\/www.gazeteport.com\/haber\/92848\/fbahce_kulubu_biz_temiziz\" target=\"_blank\">Kaynak : GAZETEPORT<\/a><\/p>\n","protected":false},"excerpt":{"rendered":"<p style=\"text-align: center;\">\n<p style=\"text-align: justify;\">Fenerbah\u00e7e Kul\u00fcb\u00fc Y\u00f6netim Kurulu, d\u00fczenledi\u011fi bas\u0131n toplant\u0131s\u0131yla ilk Etik Kurulu raporunu sert \u015fekilde ele\u015ftirdi, son raporla da temiz olduklar\u0131n\u0131n ispat edildi\u011fini ifade etti. CAS&#8217;taki davan\u0131n geri \u00e7ekilmesiyle ilgili de, &#8220;\u00dclkemizin menfaati ve kaosun ortadan kalkmas\u0131 i\u00e7in CAS&#8217;taki davay\u0131 geri \u00e7ektik&#8221; denildi.<\/p>\n<p style=\"text-align: justify;\">TFF&#8217;nin \u015fike iddialar\u0131na y\u00f6nelik soru\u015fturma sonras\u0131 ald\u0131\u011f\u0131 <\/p>\n","protected":false},"author":1,"featured_media":0,"comment_status":"open","ping_status":"open","sticky":false,"template":"","format":"standard","meta":{"footnotes":""},"categories":[42],"tags":[],"class_list":["post-51029","post","type-post","status-publish","format-standard","hentry","category-spor","odd"],"_links":{"self":[{"href":"http:\/\/www.korhanyilmaz.com\/index.php?rest_route=\/wp\/v2\/posts\/51029","targetHints":{"allow":["GET"]}}],"collection":[{"href":"http:\/\/www.korhanyilmaz.com\/index.php?rest_route=\/wp\/v2\/posts"}],"about":[{"href":"http:\/\/www.korhanyilmaz.com\/index.php?rest_route=\/wp\/v2\/types\/post"}],"author":[{"embeddable":true,"href":"http:\/\/www.korhanyilmaz.com\/index.php?rest_route=\/wp\/v2\/users\/1"}],"replies":[{"embeddable":true,"href":"http:\/\/www.korhanyilmaz.com\/index.php?rest_route=%2Fwp%2Fv2%2Fcomments&post=51029"}],"version-history":[{"count":0,"href":"http:\/\/www.korhanyilmaz.com\/index.php?rest_route=\/wp\/v2\/posts\/51029\/revisions"}],"wp:attachment":[{"href":"http:\/\/www.korhanyilmaz.com\/index.php?rest_route=%2Fwp%2Fv2%2Fmedia&parent=51029"}],"wp:term":[{"taxonomy":"category","embeddable":true,"href":"http:\/\/www.korhanyilmaz.com\/index.php?rest_route=%2Fwp%2Fv2%2Fcategories&post=51029"},{"taxonomy":"post_tag","embeddable":true,"href":"http:\/\/www.korhanyilmaz.com\/index.php?rest_route=%2Fwp%2Fv2%2Ftags&post=51029"}],"curies":[{"name":"wp","href":"https:\/\/api.w.org\/{rel}","templated":true}]}}