{"id":5102,"date":"2009-03-13T10:53:09","date_gmt":"2009-03-13T08:53:09","guid":{"rendered":"http:\/\/www.korhanyilmaz.com\/?p=5102"},"modified":"2009-03-13T10:53:09","modified_gmt":"2009-03-13T08:53:09","slug":"asil-nadir%e2%80%99e-vergi-soku","status":"publish","type":"post","link":"http:\/\/www.korhanyilmaz.com\/?p=5102","title":{"rendered":"Asil Nadir\u2019e vergi \u015foku"},"content":{"rendered":"<p style=\"text-align: center;\"><img loading=\"lazy\" decoding=\"async\" class=\"aligncenter size-full wp-image-5103\" title=\"Asil Nadir\u2019e vergi \u015foku \" src=\"http:\/\/www.korhanyilmaz.com\/wp-content\/uploads\/2009\/03\/130320090400060669741.jpg\" alt=\"Asil Nadir\u2019e vergi \u015foku \" width=\"376\" height=\"240\" \/><\/p>\n<p style=\"text-align: justify;\"><strong>KKTC&#8217;de se\u00e7im \u00f6ncesi TV ve gazetesinden muhalif yay\u0131nlar yapan Asil Nadir&#8217;e 11 milyon TL vergi borcu \u00e7\u0131kar\u0131ld\u0131. <\/strong><\/p>\n<p style=\"text-align: justify;\">\u0130ng\u0130ltere&#8217;de 1980&#8217;li y\u0131llarda kurdu\u011fu Polly Peck \u015firketiyle Londra borsas\u0131n\u0131n y\u0131ld\u0131z\u0131 olan ancak daha sonra batarak KKTC&#8217;ye ka\u00e7an Asil Nadir, burada ge\u00e7irdi\u011fi 16 y\u0131l\u0131n sonunda zor durumda. KKTC Maliye Bakanl\u0131\u011f\u0131 d\u00fcn Nadir&#8217;e 11 milyon TL&#8217;lik vergi borcu \u00e7\u0131kard\u0131 ve nas\u0131l \u00f6denece\u011fine ili\u015fkin 24 saat i\u00e7inde teminat g\u00f6stermesini istedi.<\/p>\n<p style=\"text-align: justify;\">A\u00e7\u0131klamas\u0131n\u0131 bizzat Maliye Bakan\u0131&#8217;n\u0131n yapt\u0131\u011f\u0131 haber KKTC&#8217;de bomba etkisi yaratt\u0131. Nadir&#8217;e ait K\u0131br\u0131s medya grubunun sahip oldu\u011fu TV ve gazeteden yakla\u015fan se\u00e7imler \u00f6ncesinde muhalefeti destekler yay\u0131nlar yap\u0131lmas\u0131 &#8220;Nadir&#8217;i h\u00fck\u00fcmet vergi cezas\u0131yla susturmak m\u0131 istiyor?&#8221; sorusunu ak\u0131llara getirdi. <!--more--><\/p>\n<p style=\"text-align: justify;\">Nadir&#8217;in gazeteyi kullanarak vergi borcunu \u00f6dememek i\u00e7in h\u00fck\u00fcmeti sindirme u\u011fra\u015f\u0131 i\u00e7ine girdi\u011fini iddia eden Maliye Bakan\u0131 Ahmet Uzun, ama\u00e7lar\u0131n\u0131n sadece devletin alacaklar\u0131n\u0131 almak oldu\u011fu, bas\u0131n\u0131 susturmak gibi bir tav\u0131rlar\u0131 olmad\u0131\u011f\u0131n\u0131 s\u00f6yledi. 11 milyon TL olarak \u00e7\u0131kar\u0131lan vergi borcuna ilave olarak Nadir&#8217;e ait K\u0131br\u0131s Medya Grubu&#8217;nun ihtiyat sand\u0131\u011f\u0131 bor\u00e7lar\u0131 bulundu\u011fu da a\u00e7\u0131kland\u0131. Borcun \u00f6denmemesi durumunda Nadir&#8217;e ait televizyon ve gazetelere el konulaca\u011f\u0131 belirtiliyor.<\/p>\n<p style=\"text-align: justify;\"><strong>Vergi borcumuz yok<\/strong><\/p>\n<p style=\"text-align: justify;\">K\u0131br\u0131s Medya Grubu Genel Yay\u0131n Y\u00f6netmeni Re\u015fat Akar ise &#8220;\u00d6denmemi\u015f vergi yok&#8221; dedi. Akar, h\u00fck\u00fcmetin kendilerine &#8220;11 milyon liray\u0131 ya \u00f6dersiniz ya da medya gurubuna el koyar\u0131z&#8221; dedi\u011fini ileri s\u00fcrerek, karar\u0131n, &#8220;siyasi bir sald\u0131r\u0131 oldu\u011funu ve K\u0131br\u0131s Medya Grubu&#8217;nu susturma amac\u0131 ta\u015f\u0131d\u0131\u011f\u0131n\u0131&#8221; &#8216;iddia etti. Ana muhalefet partisi Ulusal Birlik Partisi ve Demokrat Parti, konuyla ilgili h\u00fck\u00fcmetin b\u00fcy\u00fck orta\u011f\u0131 Cumhuriyet\u00e7i T\u00fcrk Partisi&#8217;ni k\u0131nad\u0131. DP lideri Serdar Denkta\u015f &#8220;Hangi bas\u0131n kurulu\u015fumuz olursa olsun, d\u00fc\u015f\u00fcncelerini \u00f6zg\u00fcrce savunmal\u0131d\u0131r. KKTC&#8217;-yi \u00f6zg\u00fcr ve \u00e7ok sesli yapacak olan d\u00fc\u015f\u00fcnce sisteminin vazge\u00e7ilmez unsuru olan medyaya sahip \u00e7\u0131kmak boynumuzun borcudur&#8221; ifadesini kulland\u0131.<\/p>\n<p style=\"text-align: justify;\"><span style=\"color: #888888;\">Kaynak : Emre Diner \/ Lefko\u015fa &#8211; Vatan Gazetesi<\/span><\/p>\n<p style=\"text-align: justify;\">\n","protected":false},"excerpt":{"rendered":"<p style=\"text-align: center;\">\n<p style=\"text-align: justify;\">KKTC&#8217;de se\u00e7im \u00f6ncesi TV ve gazetesinden muhalif yay\u0131nlar yapan Asil Nadir&#8217;e 11 milyon TL vergi borcu \u00e7\u0131kar\u0131ld\u0131. <\/p>\n<p style=\"text-align: justify;\">\u0130ng\u0130ltere&#8217;de 1980&#8217;li y\u0131llarda kurdu\u011fu Polly Peck \u015firketiyle Londra borsas\u0131n\u0131n y\u0131ld\u0131z\u0131 olan ancak daha sonra batarak KKTC&#8217;ye ka\u00e7an Asil Nadir, burada ge\u00e7irdi\u011fi 16 y\u0131l\u0131n sonunda zor durumda. KKTC Maliye Bakanl\u0131\u011f\u0131 d\u00fcn <\/p>\n","protected":false},"author":1,"featured_media":0,"comment_status":"open","ping_status":"closed","sticky":false,"template":"","format":"standard","meta":{"footnotes":""},"categories":[105],"tags":[],"class_list":["post-5102","post","type-post","status-publish","format-standard","hentry","category-gundem","odd"],"_links":{"self":[{"href":"http:\/\/www.korhanyilmaz.com\/index.php?rest_route=\/wp\/v2\/posts\/5102","targetHints":{"allow":["GET"]}}],"collection":[{"href":"http:\/\/www.korhanyilmaz.com\/index.php?rest_route=\/wp\/v2\/posts"}],"about":[{"href":"http:\/\/www.korhanyilmaz.com\/index.php?rest_route=\/wp\/v2\/types\/post"}],"author":[{"embeddable":true,"href":"http:\/\/www.korhanyilmaz.com\/index.php?rest_route=\/wp\/v2\/users\/1"}],"replies":[{"embeddable":true,"href":"http:\/\/www.korhanyilmaz.com\/index.php?rest_route=%2Fwp%2Fv2%2Fcomments&post=5102"}],"version-history":[{"count":0,"href":"http:\/\/www.korhanyilmaz.com\/index.php?rest_route=\/wp\/v2\/posts\/5102\/revisions"}],"wp:attachment":[{"href":"http:\/\/www.korhanyilmaz.com\/index.php?rest_route=%2Fwp%2Fv2%2Fmedia&parent=5102"}],"wp:term":[{"taxonomy":"category","embeddable":true,"href":"http:\/\/www.korhanyilmaz.com\/index.php?rest_route=%2Fwp%2Fv2%2Fcategories&post=5102"},{"taxonomy":"post_tag","embeddable":true,"href":"http:\/\/www.korhanyilmaz.com\/index.php?rest_route=%2Fwp%2Fv2%2Ftags&post=5102"}],"curies":[{"name":"wp","href":"https:\/\/api.w.org\/{rel}","templated":true}]}}