{"id":5096,"date":"2009-03-13T09:17:27","date_gmt":"2009-03-13T07:17:27","guid":{"rendered":"http:\/\/www.korhanyilmaz.com\/?p=5096"},"modified":"2009-03-13T09:17:27","modified_gmt":"2009-03-13T07:17:27","slug":"akpliden-ataturk-iddialari","status":"publish","type":"post","link":"http:\/\/www.korhanyilmaz.com\/?p=5096","title":{"rendered":"AKP&#039;liden Atat\u00fcrk iddialar\u0131"},"content":{"rendered":"<p><img loading=\"lazy\" decoding=\"async\" class=\"aligncenter size-full wp-image-5098\" title=\"AKP \u0130stanbul Milletvekili, eski Milli E\u011fitim Bakanl\u0131\u011f\u0131 M\u00fcste\u015far\u0131 Prof. Necat Birinci\" src=\"http:\/\/www.korhanyilmaz.com\/wp-content\/uploads\/2009\/03\/130320090914434335118.jpg\" alt=\"AKP \u0130stanbul Milletvekili, eski Milli E\u011fitim Bakanl\u0131\u011f\u0131 M\u00fcste\u015far\u0131 Prof. Necat Birinci\" width=\"320\" height=\"100\" \/><\/p>\n<p style=\"text-align: justify;\"><strong>AKP \u0130stanbul Milletvekili Birinci, Atat\u00fcrk&#8217;\u00fc Vahdettin&#8217;in g\u00f6revlendirdi\u011fini ileri s\u00fcrd\u00fc<\/strong><\/p>\n<p style=\"text-align: justify;\">AKP \u0130stanbul Milletvekili, eski Milli E\u011fitim Bakanl\u0131\u011f\u0131 M\u00fcste\u015far\u0131 Prof. Necat Birinci, Mustafa Kemal&#8217;in Padi\u015fah Vahdettin&#8217;le s\u00fcrekli g\u00f6r\u00fc\u015ft\u00fc\u011f\u00fcn\u00fc savunarak, Atat\u00fcrk&#8217;\u00fcn Samsun&#8217;a bir ka\u00e7ak olarak de\u011fil, Osmanl\u0131&#8217;n\u0131n bir pa\u015fas\u0131 olarak gitti\u011fini belirtti.<!--more--><br \/>\n\u0130stiklal Mar\u015f\u0131&#8217;n\u0131n Kabul\u00fc ve Mehmet Akif Ersoy&#8217;u Anma G\u00fcn\u00fc dolay\u0131s\u0131yla Atat\u00fcrk Dil ve Tarih Kurumu&#8217;nda &#8220;Milli M\u00fccadele Edebiyat\u0131, Mehmet Akif ve \u0130stiklal Mar\u015f\u0131m\u0131z&#8221; konulu bir s\u00f6yle\u015fide konu\u015fan Birinci, Atat\u00fcrk&#8217;e Samsun&#8217;a giderken 10 bin alt\u0131n verildi\u011fini ve Band\u0131rma gemisine 2 tane Mercedes otomobil konuldu\u011funu \u00f6ne s\u00fcrerek \u015funlar\u0131 s\u00f6yledi: &#8220;Band\u0131rma Gemisi \u00f6yle k\u0131\u00e7\u0131 k\u0131r\u0131k bir gemi de\u011fildi. Pa\u015fa o gemiye tek ba\u015f\u0131na binmedi; 18 ki\u015filik erkan\u0131 harbi ile bindi.&#8221;\n<\/p>\n<p style=\"text-align: justify;\"><span style=\"color: #888888;\">Kaynak : Vatan Gazetesi<\/span><\/p>\n","protected":false},"excerpt":{"rendered":"<\/p>\n<p style=\"text-align: justify;\">AKP \u0130stanbul Milletvekili Birinci, Atat\u00fcrk&#8217;\u00fc Vahdettin&#8217;in g\u00f6revlendirdi\u011fini ileri s\u00fcrd\u00fc<\/p>\n<p style=\"text-align: justify;\">AKP \u0130stanbul Milletvekili, eski Milli E\u011fitim Bakanl\u0131\u011f\u0131 M\u00fcste\u015far\u0131 Prof. Necat Birinci, Mustafa Kemal&#8217;in Padi\u015fah Vahdettin&#8217;le s\u00fcrekli g\u00f6r\u00fc\u015ft\u00fc\u011f\u00fcn\u00fc savunarak, Atat\u00fcrk&#8217;\u00fcn Samsun&#8217;a bir ka\u00e7ak olarak de\u011fil, Osmanl\u0131&#8217;n\u0131n bir pa\u015fas\u0131 olarak gitti\u011fini belirtti.<\/p>\n","protected":false},"author":1,"featured_media":0,"comment_status":"open","ping_status":"closed","sticky":false,"template":"","format":"standard","meta":{"footnotes":""},"categories":[105],"tags":[],"class_list":["post-5096","post","type-post","status-publish","format-standard","hentry","category-gundem","odd"],"_links":{"self":[{"href":"http:\/\/www.korhanyilmaz.com\/index.php?rest_route=\/wp\/v2\/posts\/5096","targetHints":{"allow":["GET"]}}],"collection":[{"href":"http:\/\/www.korhanyilmaz.com\/index.php?rest_route=\/wp\/v2\/posts"}],"about":[{"href":"http:\/\/www.korhanyilmaz.com\/index.php?rest_route=\/wp\/v2\/types\/post"}],"author":[{"embeddable":true,"href":"http:\/\/www.korhanyilmaz.com\/index.php?rest_route=\/wp\/v2\/users\/1"}],"replies":[{"embeddable":true,"href":"http:\/\/www.korhanyilmaz.com\/index.php?rest_route=%2Fwp%2Fv2%2Fcomments&post=5096"}],"version-history":[{"count":0,"href":"http:\/\/www.korhanyilmaz.com\/index.php?rest_route=\/wp\/v2\/posts\/5096\/revisions"}],"wp:attachment":[{"href":"http:\/\/www.korhanyilmaz.com\/index.php?rest_route=%2Fwp%2Fv2%2Fmedia&parent=5096"}],"wp:term":[{"taxonomy":"category","embeddable":true,"href":"http:\/\/www.korhanyilmaz.com\/index.php?rest_route=%2Fwp%2Fv2%2Fcategories&post=5096"},{"taxonomy":"post_tag","embeddable":true,"href":"http:\/\/www.korhanyilmaz.com\/index.php?rest_route=%2Fwp%2Fv2%2Ftags&post=5096"}],"curies":[{"name":"wp","href":"https:\/\/api.w.org\/{rel}","templated":true}]}}