{"id":50944,"date":"2012-04-30T10:53:04","date_gmt":"2012-04-30T07:53:04","guid":{"rendered":"http:\/\/www.korhanyilmaz.com\/?p=50944"},"modified":"2012-05-01T00:51:54","modified_gmt":"2012-04-30T21:51:54","slug":"kume-dusme-kalkti-puan-silme-geldi","status":"publish","type":"post","link":"http:\/\/www.korhanyilmaz.com\/?p=50944","title":{"rendered":"K\u00fcme d\u00fc\u015fme kalkt\u0131, puan silme geldi&#8230;"},"content":{"rendered":"<p style=\"text-align: center;\"><a href=\"http:\/\/www.korhanyilmaz.com\/wp-content\/uploads\/2012\/05\/E0046.jpg\"  class=\"lightview\"><img loading=\"lazy\" decoding=\"async\" class=\"aligncenter  wp-image-50945\" src=\"http:\/\/www.korhanyilmaz.com\/wp-content\/uploads\/2012\/05\/E0046.jpg\" alt=\"\" width=\"396\" height=\"180\" \/><\/a><\/p>\n<p style=\"text-align: justify;\">T\u00fcrkiye Futbol Federasyonu Ba\u015fkan\u0131 Y\u0131ld\u0131r\u0131m Demir\u00f6ren, bir bas\u0131n toplant\u0131s\u0131 d\u00fczenledi. 58. madde de\u011fi\u015fti. K\u00fcme d\u00fc\u015fme yok. Te\u015febb\u00fcste en fazla 12 puan silinecek.<\/p>\n<p style=\"text-align: justify;\">T\u00fcrkiye Futbol Federasyonu ba\u015fkan\u0131 Y\u0131ld\u0131r\u0131m Demir\u00f6ren, bir bas\u0131n toplant\u0131s\u0131 d\u00fczenledi. Demir\u00f6ren, g\u00fcndemdeki konularla ilgili a\u00e7\u0131klamalarda bulundu.\u00a0<!--more--><\/p>\n<p style=\"text-align: justify;\"><strong><span style=\"text-decoration: underline;\">\u0130\u015fte Demir\u00f6ren&#8217;in a\u00e7\u0131klamalar\u0131\u00a0:<\/span><\/strong><\/p>\n<p style=\"text-align: justify;\">G\u00f6reve geldi\u011fimiz tarihten bu yana \u00e7aba ve mesaimizin b\u00fcy\u00fck bir k\u0131sm\u0131n\u0131 \u015fikeye ay\u0131rmak zorunda kald\u0131k. Avrupa&#8217;da 6.s\u0131rada olan T\u00fcrk futbolunu geli\u015ftirmek i\u00e7in de \u00e7aba g\u00f6sterdik. Ben ve y\u00f6netim kurulu \u00fcyesi arkada\u015flar\u0131m, T\u00fcrk futbolunda g\u00fcven ortam\u0131 sa\u011flamak amac\u0131nday\u0131z. G\u00f6revimize bu azim ve kararl\u0131l\u0131kla sar\u0131ld\u0131k. Son y\u0131llarda \u00f6zellikle bahis oyunlar\u0131ndan haks\u0131z kazan\u00e7 sa\u011flamak i\u00e7in kirli elllerini oyunumuza sokmaya \u00e7al\u0131\u015fm\u0131\u015ft\u0131r.<\/p>\n<p style=\"text-align: justify;\"><strong>&#8220;TAV\u0130Z VERMEM\u0130Z D\u00dc\u015e\u00dcN\u00dcLEMEZ&#8221;\u00a0<\/strong><\/p>\n<p style=\"text-align: justify;\">Sevinerek s\u00f6yleyebilirim ki; iddialar bahse unsur hi\u00e7 bir \u015fey olmam\u0131\u015ft\u0131r. Bildi\u011finiz gibi TFF talimatlar\u0131, m\u00fcsabaka sonu\u00e7lar\u0131n\u0131 etkileme eylemleri i\u00e7indir. D\u00fcnyada emsali olmayan sertlikler i\u00e7ermektedir. Ama\u00e7 futbolun temiz kalmas\u0131d\u0131r. Dolay\u0131s\u0131yla futbolu futbol yapan kurallar\u0131n korunmas\u0131d\u0131r. TFF&#8217;nin bundan taviz vermesi d\u00fc\u015f\u00fcn\u00fclemez.<\/p>\n<p style=\"text-align: justify;\">Sporda \u015fiddet yasas\u0131n\u0131n \u015fike yasas\u0131 olarak adland\u0131r\u0131lmas\u0131 en b\u00fcy\u00fck \u00fcz\u00fcnt\u00fcm\u00fczd\u00fcr. Unutulmamal\u0131d\u0131r ki disiplin yarg\u0131s\u0131 ile genel yarg\u0131 soru\u015fturma ve teknikleri birbirinden farkl\u0131d\u0131r. Bug\u00fcn itibariyle s\u00f6yleyebilirim ki; karar a\u015famas\u0131na \u00e7ok yakla\u015f\u0131lm\u0131\u015ft\u0131r. Etik Kurulu dosya hacmi sebebiyle soru\u015fturmay\u0131 iki k\u0131sma ay\u0131rm\u0131\u015f, raporunu y\u00f6netim kurulumuza sunmu\u015ftur.<\/p>\n<p style=\"text-align: justify;\"><strong>&#8220;\u0130DD\u0130ANAMEDEK\u0130 T\u00dcM KUL\u00dcPLER PFDK&#8217;DA\u00a0<\/strong><\/p>\n<p style=\"text-align: justify;\">Y\u00f6netim kurulumuz \u00fc\u00e7 g\u00fcn boyunca bu raporu b\u00fcy\u00fck bir titizlilikle incelemi\u015f, iddianamede yer alan t\u00fcm kulupleri PFDK&#8217;ya sevk etme karar\u0131 alm\u0131\u015ft\u0131r.<\/p>\n<p style=\"text-align: justify;\">Bu kuleplerin \u00e7o\u011fu hakk\u0131nda Etik Kurulu \u015f\u00fcpheli bulmam\u0131\u015f, PFDK&#8217;ya sevk amac\u0131m\u0131z bu kul\u00fcplere idari de\u011fil yarg\u0131sal savunma hakk\u0131 tan\u0131makt\u0131r.<\/p>\n<p style=\"text-align: justify;\"><strong>&#8220;EN SEV\u0130ND\u0130R\u0130C\u0130 NOKTA&#8230;&#8221;\u00a0<\/strong><\/p>\n<p style=\"text-align: justify;\">Dosyada yer alan 22 ma\u00e7la ilgili t\u00fcm kul\u00fcpleri PFDK&#8217;ya sevk ettik. TFF ba\u015fkan\u0131 olarak PFDK&#8217;ya sevk edilen kul\u00fcplerimiz bu a\u015famada su\u00e7lu de\u011fildir. Kurulun incelemesinde t\u00fcm kul\u00fcplerimizin aklanmas\u0131n\u0131 g\u00f6rmek istiyoruz.<\/p>\n<p style=\"text-align: justify;\">Futbolu futbol yapan de\u011ferlere m\u00fcdahele \u00e7abalar\u0131n\u0131n hi\u00e7 bir \u015fekilde sahadaki sonu\u00e7lara yans\u0131mad\u0131\u011f\u0131n\u0131 g\u00f6rmemiz en sevindirici noktad\u0131r.<\/p>\n<p style=\"text-align: justify;\">3 Temmuz 2011&#8217;den bu yana disiplin yapt\u0131r\u0131mlar\u0131n a\u011f\u0131rl\u0131\u011f\u0131, bilhassa te\u015febb\u00fcse getirilen cezalar\u0131n a\u011f\u0131rl\u0131\u011f\u0131 g\u00f6z \u00f6n\u00fcnde bulundurulmal\u0131d\u0131r.<\/p>\n<p style=\"text-align: justify;\">Sporda \u015fiddet yasas\u0131n\u0131n a\u011f\u0131rl\u0131\u011f\u0131n\u0131n d\u00fcnyada e\u015fi benzeri olmad\u0131\u011f\u0131 ve bunun de\u011fi\u015ftirilmesi gerekti\u011fi g\u00fcndemimizdeydi.<\/p>\n<p style=\"text-align: justify;\">G\u00fcncel iddialar varken mevcut yap\u0131n\u0131n de\u011fi\u015ftirilmesi, baz\u0131 bireylerin lehine olaca\u011f\u0131 endi\u015feleri \u00e7\u0131kt\u0131. Ancak yanl\u0131\u015ftan d\u00f6nmek erdemdir. T\u00fcrk futbolunun menfaatleri \u00f6nemlidir.<\/p>\n<p style=\"text-align: justify;\"><strong>TE\u015eEBB\u00dcSE -12 PUAN\u00a0<\/strong><\/p>\n<p style=\"text-align: justify;\">A\u011f\u0131r \u015fike te\u015febb\u00fcs\u00fc ile ilgili olarak en az 12 puan indirme cezas\u0131 58. maddeye eklendi<\/p>\n<p style=\"text-align: justify;\">\u015eike ve te\u015fvik primi yeni maddede sert \u015fekilde cezaland\u0131r\u0131lmaktad\u0131r. Te\u015febb\u00fcs halinde ise ba\u011f\u0131ms\u0131z kurullar o dosyaya ili\u015fkin yapt\u0131r\u0131mlara h\u00fckmedebilecektir. Yeni d\u00fczenlemelerin konuya uygunlu\u011fu, di\u011fer \u00fclkelerin uygulamalar\u0131na paralelli\u011fi konusunda hi\u00e7 bir endi\u015femiz yoktur.<\/p>\n<p style=\"text-align: justify;\">Futbol hepimizindir, onu ileriyi ta\u015f\u0131mak hepimizin g\u00f6revidir. Fair play hepimizin g\u00f6revidir. Hep birlikte sporculardan bekledi\u011fimiz fair play&#8217;i her ad\u0131mda hayata yans\u0131tmal\u0131y\u0131z.<\/p>\n<p style=\"text-align: justify;\">T\u00fcrk futbolunun i\u00e7inde bulundu\u011fu istenmeyen durumdan bir an evvel \u00e7\u0131kmas\u0131 i\u00e7in T\u00fcrk halk\u0131n\u0131n destek verece\u011finden \u015f\u00fcphemiz yoktur. Euro 2020&#8217;nin en b\u00fcy\u00fck aday\u0131 olarak gelin hep birlikte g\u00f6revimizi yapal\u0131m.<\/p>\n<p style=\"text-align: justify;\"><strong>HANG\u0130 KUL\u00dcPER PFDK&#8217;YA SEVKED\u0130LD\u0130\u00a0<\/strong><\/p>\n<p style=\"text-align: justify;\">Demir\u00f6ren&#8217;in a\u00e7\u0131klamalar\u0131n\u0131n ard\u0131ndan bas\u0131n mensuplar\u0131n\u0131n sorular\u0131na ge\u00e7ildi.<\/p>\n<p style=\"text-align: justify;\">Y\u0131ld\u0131r\u0131m Demir\u00f6ren daha sonra kul\u00fcp say\u0131s\u0131n\u0131 ve isimlerini a\u00e7\u0131klamazken, yar\u0131n PFDK&#8217;ya sevk edilen t\u00fcm kul\u00fcpler a\u00e7\u0131klanacak dedi.<\/p>\n<p style=\"text-align: justify;\">UEFA&#8217;yla talimat de\u011fi\u015fikli\u011fini g\u00f6r\u00fc\u015ft\u00fcn\u00fcz m\u00fc sorusuna Demir\u00f6ren, &#8220;Etik Kurulu raporu bizi rahatlatan en b\u00fcy\u00fck unsurdur. Avrupa&#8217;n\u0131n en b\u00fcy\u00fck 6. ekonomisine sahip oldu\u011fumuz i\u00e7in 58. maddeyi de\u011fi\u015ftirdik. Bundan sonra UEFA&#8217;yla g\u00f6r\u00fc\u015fmeler yapaca\u011f\u0131z. \u015eu a\u015famada bu konuyla ilgili bir \u015fey s\u00f6yleyemem&#8221; dedi.<\/p>\n<p style=\"text-align: justify;\"><strong>&#8220;UEFA \u0130LE G\u00d6R\u00dc\u015eMED\u0130K&#8221;\u00a0<\/strong><\/p>\n<p style=\"text-align: justify;\">UEFA&#8217;n\u0131n &#8220;Talimatlar ma\u00e7lar devam ederken de\u011fi\u015fmez&#8221; \u015feklindeki karar\u0131n\u0131n sorulmas\u0131 \u00fczerine Y\u0131ld\u0131r\u0131m Demir\u00f6ren, &#8221; Disiplin Kurulu \u00f6zerktir. Disiplin Kurulu ve Tahkim Kurulu kendi iradesiyle karar verecektir. \u00d6nce Disiplin Kurulu&#8217;nun verece\u011fi karar\u0131 g\u00f6rece\u011fiz. UEFA&#8217;n\u0131n bizden istedi\u011fi \u00f6ncelikli bir \u015fey var. Kurullar\u0131n \u00f6ncelikle cevap vermesi gerek. Biz idari olarak de\u011fil, yarg\u0131 olarak kul\u00fcplerin aklanmas\u0131n\u0131 istiyoruz&#8221; dedi.<\/p>\n<p style=\"text-align: justify;\"><strong>&#8220;CAS DAVASINDAN \u00c7EK\u0130LME KARARIYLA \u0130LG\u0130M\u0130Z YOK&#8221;\u00a0<\/strong><\/p>\n<p style=\"text-align: justify;\">Fenerbah\u00e7e&#8217;nin CAS&#8217;taki davay\u0131 \u00e7ekmesinden sizin haberiniz var m\u0131yd\u0131 sorusuna Demir\u00f6ren, &#8220;Fenerbah\u00e7e&#8217;nin kendi \u00f6zg\u00fcr iradesiyle verdi\u011fi karard\u0131r. Bizim b\u00f6yle bir \u015feyi teklif etme \u015fans\u0131m\u0131z olmaz&#8221; yan\u0131t\u0131n\u0131 verdi.<\/p>\n<p style=\"text-align: justify;\">\u0130brahim Ak\u0131n&#8217;\u0131n kendisine para teklif edildi\u011fi y\u00f6n\u00fcndeki a\u00e7\u0131klamalar\u0131n\u0131n hat\u0131rlat\u0131lmas\u0131 \u00fczerine Demir\u00f6ren, &#8220;Yarg\u0131ya intikal etmi\u015f bir konuyla ilgili yorum yapmak istemem&#8221; diye konu\u015ftu.<\/p>\n<p style=\"text-align: justify;\"><strong>CEZALAR NE ZAMAN UYGULANACAK?<\/strong><\/p>\n<p style=\"text-align: justify;\">Cezalar\u0131n bu sezon mu yoksa gelecek sezon mu uygulanacak sorusuna Y\u0131ld\u0131r\u0131m Demir\u00f6ren, &#8220;Karar al\u0131nd\u0131\u011f\u0131 anda cezalar uygulan\u0131r&#8221; dedi.<\/p>\n<p style=\"text-align: justify;\"><a href=\"http:\/\/www.gazeteport.com.tr\/haber\/92439\/ve_turk_futbolu_icin_karar_aciklaniyor\" target=\"_blank\">Kaynak : GAZETEPORT<\/a><\/p>\n","protected":false},"excerpt":{"rendered":"<p style=\"text-align: center;\">\n<p style=\"text-align: justify;\">T\u00fcrkiye Futbol Federasyonu Ba\u015fkan\u0131 Y\u0131ld\u0131r\u0131m Demir\u00f6ren, bir bas\u0131n toplant\u0131s\u0131 d\u00fczenledi. 58. madde de\u011fi\u015fti. K\u00fcme d\u00fc\u015fme yok. Te\u015febb\u00fcste en fazla 12 puan silinecek.<\/p>\n<p style=\"text-align: justify;\">T\u00fcrkiye Futbol Federasyonu ba\u015fkan\u0131 Y\u0131ld\u0131r\u0131m Demir\u00f6ren, bir bas\u0131n toplant\u0131s\u0131 d\u00fczenledi. Demir\u00f6ren, g\u00fcndemdeki konularla ilgili a\u00e7\u0131klamalarda bulundu. <\/p>\n","protected":false},"author":1,"featured_media":0,"comment_status":"open","ping_status":"open","sticky":false,"template":"","format":"standard","meta":{"footnotes":""},"categories":[42],"tags":[],"class_list":["post-50944","post","type-post","status-publish","format-standard","hentry","category-spor","odd"],"_links":{"self":[{"href":"http:\/\/www.korhanyilmaz.com\/index.php?rest_route=\/wp\/v2\/posts\/50944","targetHints":{"allow":["GET"]}}],"collection":[{"href":"http:\/\/www.korhanyilmaz.com\/index.php?rest_route=\/wp\/v2\/posts"}],"about":[{"href":"http:\/\/www.korhanyilmaz.com\/index.php?rest_route=\/wp\/v2\/types\/post"}],"author":[{"embeddable":true,"href":"http:\/\/www.korhanyilmaz.com\/index.php?rest_route=\/wp\/v2\/users\/1"}],"replies":[{"embeddable":true,"href":"http:\/\/www.korhanyilmaz.com\/index.php?rest_route=%2Fwp%2Fv2%2Fcomments&post=50944"}],"version-history":[{"count":0,"href":"http:\/\/www.korhanyilmaz.com\/index.php?rest_route=\/wp\/v2\/posts\/50944\/revisions"}],"wp:attachment":[{"href":"http:\/\/www.korhanyilmaz.com\/index.php?rest_route=%2Fwp%2Fv2%2Fmedia&parent=50944"}],"wp:term":[{"taxonomy":"category","embeddable":true,"href":"http:\/\/www.korhanyilmaz.com\/index.php?rest_route=%2Fwp%2Fv2%2Fcategories&post=50944"},{"taxonomy":"post_tag","embeddable":true,"href":"http:\/\/www.korhanyilmaz.com\/index.php?rest_route=%2Fwp%2Fv2%2Ftags&post=50944"}],"curies":[{"name":"wp","href":"https:\/\/api.w.org\/{rel}","templated":true}]}}