{"id":50891,"date":"2012-04-29T08:13:05","date_gmt":"2012-04-29T05:13:05","guid":{"rendered":"http:\/\/www.korhanyilmaz.com\/?p=50891"},"modified":"2012-04-29T10:15:48","modified_gmt":"2012-04-29T07:15:48","slug":"fransanirim","status":"publish","type":"post","link":"http:\/\/www.korhanyilmaz.com\/?p=50891","title":{"rendered":"Fran\u2019san\u0131r\u0131m"},"content":{"rendered":"<div id=\"attachment_37365\" style=\"width: 100px\" class=\"wp-caption alignright\"><img loading=\"lazy\" decoding=\"async\" aria-describedby=\"caption-attachment-37365\" class=\" wp-image-37365 \" title=\"Y\u0131lmaz \u00d6zdil - H\u00fcrriyet Gazetesi\" src=\"http:\/\/www.korhanyilmaz.com\/wp-content\/uploads\/2011\/07\/257.jpg\" alt=\"\" width=\"90\" height=\"96\" \/><p id=\"caption-attachment-37365\" class=\"wp-caption-text\">Y\u0131lmaz \u00d6zdil<\/p><\/div>\n<p style=\"text-align: justify;\">\u00dcrd\u00fcn Ba\u015fbakan\u0131 geldi.<\/p>\n<p style=\"text-align: justify;\">Cumhurba\u015fkan\u0131m\u0131zla el s\u0131k\u0131\u015ft\u0131.<br \/>\n\u00dcrd\u00fcn\u2019e d\u00f6nmeden istifa etti.<\/p>\n<p style=\"text-align: justify;\">Ba\u015fbakan\u0131m\u0131z Libya\u2019dan \u00f6d\u00fcl ald\u0131, Kaddafi\u2019yi lin\u00e7 ettiler. Cumhurba\u015fkan\u0131m\u0131z M\u0131s\u0131r\u2019a gitti, M\u00fcbarek\u2019i kafese koydular. Ba\u015fbakan\u0131m\u0131z Saaka\u015fvili\u2019yle kucakla\u015ft\u0131, Rusya G\u00fcrcistan\u2019a dald\u0131. Cumhurba\u015fkan\u0131m\u0131z Yemen\u2019e gitti, Yemen\u2019de i\u00e7 sava\u015f \u00e7\u0131kt\u0131. Ba\u015fbakan\u0131m\u0131z L\u00fcbnan Meclisi\u2019nde konu\u015ftu, ertesi g\u00fcn L\u00fcbnan i\u015fgal edildi. Suudi Kral\u0131 T\u00fcrkiye\u2019ye geldi, Cumhurba\u015fkan\u0131m\u0131zla Ba\u015fbakan\u0131m\u0131za madalya takt\u0131, turp gibiydi, fel\u00e7 oldu, aylarca ABD\u2019de hastanede yatt\u0131, zor d\u00fczelttiler.<!--more--><\/p>\n<p style=\"text-align: justify;\">Ba\u015fbakan\u0131m\u0131z Suriye Ba\u015fbakan\u0131\u2019yla baraj temeli att\u0131, adam iki g\u00fcn sonra istifa etti. Afrika a\u00e7\u0131l\u0131m\u0131 yapt\u0131k, ne Tunus kald\u0131 karde\u015fim, ne Fildi\u015fi Sahili, alay\u0131 birbirine girdi. El Be\u015fir, \u00c7ankaya K\u00f6\u015fk\u00fc\u2019nde yemek yedi, Sudan resmen ikiye b\u00f6l\u00fcnd\u00fc, g\u00f6r\u00fcld\u00fc\u011f\u00fc yerde tutuklanmas\u0131 i\u00e7in Birle\u015fmi\u015f Milletler taraf\u0131ndan aran\u0131yor. Arjantin Devlet Ba\u015fkan\u0131 T\u00fcrkiye\u2019ye geldi, gelmeden \u00f6nce 100 bin dolarl\u0131k seyahat harc\u0131rah\u0131 \u00e7al\u0131nd\u0131, ge\u00e7en ay kansere yakaland\u0131\u011f\u0131 a\u00e7\u0131kland\u0131. Cumhurba\u015fkan\u0131m\u0131z G\u00fcney Kore\u2019ye gitti, Kuzey Kore 50 sene sonra G\u00fcney Kore\u2019ye f\u00fcze f\u0131rlatt\u0131. Ba\u015fbakan\u0131m\u0131z Irak\u2019a gitti, hen\u00fcz Irak\u2019tayken, meclis bas\u0131ld\u0131, h\u00fck\u00fcmet rehin al\u0131nd\u0131, 45 ki\u015fi \u00f6ld\u00fc. Be\u015far Esad\u2019la kucakla\u015ft\u0131k, Suriye kar\u0131\u015ft\u0131. Yunanistan Ba\u015fbakan\u0131\u2019n\u0131 Erzurum K\u0131\u015f Olimpiyatlar\u0131\u2019na davet ettik, halk ayaklanmas\u0131 \u00e7\u0131kt\u0131, h\u00fck\u00fcmet d\u00fc\u015ft\u00fc. Polonya\u2019yla irtibat kurduk, devlet ba\u015fkan\u0131n\u0131n u\u00e7a\u011f\u0131 d\u00fc\u015ft\u00fc. 2010\u2019u Japon Y\u0131l\u0131 ilan ettik, 2011\u2019de d\u00fcmd\u00fcz oldular, n\u00fckleer santral bile patlad\u0131. Cumhurba\u015fkan\u0131m\u0131z Endonezya\u2019ya ayak bast\u0131, yedi \u015fiddetinde deprem oldu, tsunami alarm\u0131 verildi. Haiti\u2019de deprem oldu, Ba\u015fbakan\u0131m\u0131z ilk yard\u0131m elini uzatan biz olduk dedi, Haiti Ba\u015fbakan\u0131 istifa etti. Ba\u015fbakan\u0131m\u0131z film \u00e7ekimi i\u00e7in gelen Nicholas Cage\u2019le tan\u0131\u015ft\u0131, amcan\u0131z nas\u0131l filan diye hal hat\u0131r sordu,<br \/>\n\u00fclkesine d\u00f6ner d\u00f6nmez tutuklad\u0131lar&#8230; Romanya Ba\u015fbakan\u0131 geldi, anla\u015fmalar imzalad\u0131k, gidince istifa etti. \u0130spanya Ba\u015fbakan\u0131\u2019yla medeniyetler ittifak\u0131 kurduk, \u0130spanya Ba\u015fbakan\u0131 siyaseti b\u0131rakt\u0131. Silvio ayvay\u0131 yedi. Portekiz Ba\u015fbakan\u0131, NATO zirvesi i\u00e7in Lizbon\u2019a giden Cumhurba\u015fkan\u0131m\u0131z\u0131 kar\u015f\u0131lad\u0131, sonra gitti kendi cumhurba\u015fkan\u0131na istifas\u0131n\u0131 sundu. Ukrayna\u2019yla vizeleri kald\u0131rd\u0131k, Ukrayna Ba\u015fbakan\u0131 tutukland\u0131. Kosova sokaklar\u0131na Ba\u015fbakan\u0131m\u0131z\u0131n foto\u011fraflar\u0131 ve ho\u015f geldiniz pankartlar\u0131 as\u0131ld\u0131, Ba\u015fbakan\u0131m\u0131z\u0131n Kosova\u2019ya inmesinden 12 saat \u00f6nce Kosova H\u00fck\u00fcmeti d\u00fc\u015ft\u00fc. Cumhurba\u015fkan\u0131m\u0131z\u0131n Hollanda\u2019ya gidece\u011fi a\u00e7\u0131kland\u0131,<br \/>\nHollanda Prensi \u00e7\u0131\u011f alt\u0131nda kald\u0131, komaya girdi, Cumhurba\u015fkan\u0131m\u0131z Hollanda\u2019ya gitti, madalya tak\u0131ld\u0131, Hollanda H\u00fck\u00fcmeti istifa etti.<\/p>\n<p style=\"text-align: justify;\">Hal b\u00f6yleyken, Fransa\u2019daki cumhurba\u015fkanl\u0131\u011f\u0131 se\u00e7imini kimin kazanaca\u011f\u0131 merak ediliyor.<\/p>\n<p style=\"text-align: justify;\">Umar\u0131m kaybeder ama&#8230;<br \/>\nMaalesef elimizdeki tek veri \u015fu:<br \/>\nSarkozi\u2019yle k\u00fcs\u00fcz.<\/p>\n<p style=\"text-align: justify;\"><a href=\"http:\/\/www.hurriyet.com.tr\/yazarlar\/20443987.asp\" target=\"_blank\">Kaynak : H\u00fcrriyet.com.tr<\/a><\/p>\n","protected":false},"excerpt":{"rendered":"<p id=\"caption-attachment-37365\" class=\"wp-caption-text\">Y\u0131lmaz \u00d6zdil<\/p>\n<p style=\"text-align: justify;\">\u00dcrd\u00fcn Ba\u015fbakan\u0131 geldi.<\/p>\n<p style=\"text-align: justify;\">Cumhurba\u015fkan\u0131m\u0131zla el s\u0131k\u0131\u015ft\u0131. \u00dcrd\u00fcn\u2019e d\u00f6nmeden istifa etti.<\/p>\n<p style=\"text-align: justify;\">Ba\u015fbakan\u0131m\u0131z Libya\u2019dan \u00f6d\u00fcl ald\u0131, Kaddafi\u2019yi lin\u00e7 ettiler. Cumhurba\u015fkan\u0131m\u0131z M\u0131s\u0131r\u2019a gitti, M\u00fcbarek\u2019i kafese koydular. Ba\u015fbakan\u0131m\u0131z Saaka\u015fvili\u2019yle kucakla\u015ft\u0131, Rusya G\u00fcrcistan\u2019a dald\u0131. Cumhurba\u015fkan\u0131m\u0131z Yemen\u2019e gitti, Yemen\u2019de i\u00e7 sava\u015f \u00e7\u0131kt\u0131. Ba\u015fbakan\u0131m\u0131z L\u00fcbnan Meclisi\u2019nde konu\u015ftu, ertesi g\u00fcn L\u00fcbnan i\u015fgal edildi. <\/p>\n","protected":false},"author":1,"featured_media":0,"comment_status":"open","ping_status":"open","sticky":false,"template":"","format":"standard","meta":{"footnotes":""},"categories":[16],"tags":[30],"class_list":["post-50891","post","type-post","status-publish","format-standard","hentry","category-kose-yazilari","tag-yilmaz-ozdil","odd"],"_links":{"self":[{"href":"http:\/\/www.korhanyilmaz.com\/index.php?rest_route=\/wp\/v2\/posts\/50891","targetHints":{"allow":["GET"]}}],"collection":[{"href":"http:\/\/www.korhanyilmaz.com\/index.php?rest_route=\/wp\/v2\/posts"}],"about":[{"href":"http:\/\/www.korhanyilmaz.com\/index.php?rest_route=\/wp\/v2\/types\/post"}],"author":[{"embeddable":true,"href":"http:\/\/www.korhanyilmaz.com\/index.php?rest_route=\/wp\/v2\/users\/1"}],"replies":[{"embeddable":true,"href":"http:\/\/www.korhanyilmaz.com\/index.php?rest_route=%2Fwp%2Fv2%2Fcomments&post=50891"}],"version-history":[{"count":0,"href":"http:\/\/www.korhanyilmaz.com\/index.php?rest_route=\/wp\/v2\/posts\/50891\/revisions"}],"wp:attachment":[{"href":"http:\/\/www.korhanyilmaz.com\/index.php?rest_route=%2Fwp%2Fv2%2Fmedia&parent=50891"}],"wp:term":[{"taxonomy":"category","embeddable":true,"href":"http:\/\/www.korhanyilmaz.com\/index.php?rest_route=%2Fwp%2Fv2%2Fcategories&post=50891"},{"taxonomy":"post_tag","embeddable":true,"href":"http:\/\/www.korhanyilmaz.com\/index.php?rest_route=%2Fwp%2Fv2%2Ftags&post=50891"}],"curies":[{"name":"wp","href":"https:\/\/api.w.org\/{rel}","templated":true}]}}