{"id":5089,"date":"2009-03-13T10:02:27","date_gmt":"2009-03-13T08:02:27","guid":{"rendered":"http:\/\/www.korhanyilmaz.com\/?p=5089"},"modified":"2009-03-13T10:02:27","modified_gmt":"2009-03-13T08:02:27","slug":"ergenekon-%e2%80%98zirve%e2%80%99ye-cikti","status":"publish","type":"post","link":"http:\/\/www.korhanyilmaz.com\/?p=5089","title":{"rendered":"Ergenekon \u2018Zirve\u2019ye \u00e7\u0131kt\u0131"},"content":{"rendered":"<p style=\"text-align: center;\"><img loading=\"lazy\" decoding=\"async\" class=\"aligncenter size-full wp-image-5090\" title=\"Ergenekon \u2018Zirve\u2019ye \u00e7\u0131kt\u0131 \" src=\"http:\/\/www.korhanyilmaz.com\/wp-content\/uploads\/2009\/03\/130320090404289236590.jpg\" alt=\"Ergenekon \u2018Zirve\u2019ye \u00e7\u0131kt\u0131 \" width=\"376\" height=\"240\" \/><\/p>\n<p style=\"text-align: justify;\"><strong>Ergenekon soru\u015fturmas\u0131, Malatya&#8217;da 3 H\u0131ristiyan\u0131n \u00f6ld\u00fcr\u00fcld\u00fc\u011f\u00fc Zirve Yay\u0131nevi katliam\u0131na uzand\u0131.<\/strong><\/p>\n<p style=\"text-align: justify;\">Eski Malatya \u0130l Jandarma Alay Komutan\u0131 emekli Albay Mehmet \u00dclger Ankara&#8217;da, emekli astsubay Mehmet \u00c7olak ise Diyarbak\u0131r&#8217;da g\u00f6zalt\u0131na al\u0131nd\u0131<\/p>\n<p style=\"text-align: justify;\">ERGNEKON soru\u015fturmas\u0131 kapsam\u0131nda d\u00fcn sabah saatlerinde Ankara ve Diyarbak\u0131r&#8217;da operasyon d\u00fczenlendi. Operasyon kapsam\u0131nda Ankara&#8217;da Malatya eski Jandarma Alay Komutan\u0131 Emekli Emekli Albay Mehmet \u00dclger, Diyarbak\u0131r&#8217;da da Jandarma Alay Komutanl\u0131\u011f\u0131 \u0130stihbarat \u015eube&#8217;de g\u00f6revli uzman \u00e7avu\u015f Mehmet \u00c7olak g\u00f6zalt\u0131na al\u0131nd\u0131. \u00dclger ve \u00c7olak&#8217;\u0131n evlerine yap\u0131lan bask\u0131nda her iki zanl\u0131n\u0131n da bilgisayarlar\u0131na ve evlerinde ele ge\u00e7irilen bir \u00e7uval dolusu CD ele ge\u00e7irildi. \u00dclger, \u0130stanbul \u0130stanbul Emniyet M\u00fcd\u00fcrl\u00fc\u011f\u00fc&#8217;nde sorguya al\u0131nd\u0131. <!--more-->Operasyonun Diyarbak\u0131r aya\u011f\u0131nda g\u00f6zalt\u0131na al\u0131nan Uzman \u00c7avu\u015f Mehmet \u00c7olak&#8217;\u0131n da \u0130stanbul&#8217;a getirilerek, Merkez Komutanl\u0131\u011f\u0131&#8217;nda tutuldu\u011fu \u00f6\u011frenildi. D\u00fcn d\u00f6rt saat arayla Ankara ve Diyarbak\u0131r&#8217;da g\u00f6zalt\u0131na al\u0131nan Emekli Albay Mehmet \u00dclger ile Uzman \u00c7avu\u015f Mehmet \u00c7olak&#8217;\u0131n ad\u0131 daha \u00f6nce Malatya&#8217;da 3 misyonerin katledildi\u011fi &#8220;Zirve Yay\u0131nevi Katliam\u0131&#8221; olay\u0131na kar\u0131\u015fm\u0131\u015ft\u0131. \u00dclger, \u00fc\u00e7 misyonerin bo\u011faz\u0131n\u0131n kesilerek \u00f6ld\u00fcr\u00fclmesiyle sonu\u00e7lanan kanl\u0131 katliam s\u0131ras\u0131nda Malatya \u0130l Jandarma Alay Komutan\u0131&#8217;yd\u0131. \u015eimdi Diyarbak\u0131r Jandarma Alay Komutanl\u0131\u011f\u0131 \u0130stihbarat \u015eube&#8217;de g\u00f6revli olan Uzman \u00c7avu\u015f Mehmet \u00c7olak da, katliam\u0131n ger\u00e7ekle\u015fti\u011fi d\u00f6nemde Malatya Jandarma Alay Komutanl\u0131\u011f\u0131&#8217;nda Alay Komutan\u0131 Albay Mehmet \u00dclger&#8217;in emrinde \u00e7al\u0131\u015f\u0131yordu.<\/p>\n<p style=\"text-align: justify;\"><span style=\"color: #888888;\">Kaynak : Sava\u015f Ak\u0131n \/ Vatan Gazetesi<\/span><\/p>\n","protected":false},"excerpt":{"rendered":"<p style=\"text-align: center;\">\n<p style=\"text-align: justify;\">Ergenekon soru\u015fturmas\u0131, Malatya&#8217;da 3 H\u0131ristiyan\u0131n \u00f6ld\u00fcr\u00fcld\u00fc\u011f\u00fc Zirve Yay\u0131nevi katliam\u0131na uzand\u0131.<\/p>\n<p style=\"text-align: justify;\">Eski Malatya \u0130l Jandarma Alay Komutan\u0131 emekli Albay Mehmet \u00dclger Ankara&#8217;da, emekli astsubay Mehmet \u00c7olak ise Diyarbak\u0131r&#8217;da g\u00f6zalt\u0131na al\u0131nd\u0131<\/p>\n<p style=\"text-align: justify;\">ERGNEKON soru\u015fturmas\u0131 kapsam\u0131nda d\u00fcn sabah saatlerinde Ankara ve Diyarbak\u0131r&#8217;da operasyon d\u00fczenlendi. Operasyon kapsam\u0131nda Ankara&#8217;da Malatya eski Jandarma <\/p>\n","protected":false},"author":1,"featured_media":0,"comment_status":"open","ping_status":"closed","sticky":false,"template":"","format":"standard","meta":{"footnotes":""},"categories":[105],"tags":[],"class_list":["post-5089","post","type-post","status-publish","format-standard","hentry","category-gundem","odd"],"_links":{"self":[{"href":"http:\/\/www.korhanyilmaz.com\/index.php?rest_route=\/wp\/v2\/posts\/5089","targetHints":{"allow":["GET"]}}],"collection":[{"href":"http:\/\/www.korhanyilmaz.com\/index.php?rest_route=\/wp\/v2\/posts"}],"about":[{"href":"http:\/\/www.korhanyilmaz.com\/index.php?rest_route=\/wp\/v2\/types\/post"}],"author":[{"embeddable":true,"href":"http:\/\/www.korhanyilmaz.com\/index.php?rest_route=\/wp\/v2\/users\/1"}],"replies":[{"embeddable":true,"href":"http:\/\/www.korhanyilmaz.com\/index.php?rest_route=%2Fwp%2Fv2%2Fcomments&post=5089"}],"version-history":[{"count":0,"href":"http:\/\/www.korhanyilmaz.com\/index.php?rest_route=\/wp\/v2\/posts\/5089\/revisions"}],"wp:attachment":[{"href":"http:\/\/www.korhanyilmaz.com\/index.php?rest_route=%2Fwp%2Fv2%2Fmedia&parent=5089"}],"wp:term":[{"taxonomy":"category","embeddable":true,"href":"http:\/\/www.korhanyilmaz.com\/index.php?rest_route=%2Fwp%2Fv2%2Fcategories&post=5089"},{"taxonomy":"post_tag","embeddable":true,"href":"http:\/\/www.korhanyilmaz.com\/index.php?rest_route=%2Fwp%2Fv2%2Ftags&post=5089"}],"curies":[{"name":"wp","href":"https:\/\/api.w.org\/{rel}","templated":true}]}}