{"id":50812,"date":"2012-04-25T12:18:30","date_gmt":"2012-04-25T09:18:30","guid":{"rendered":"http:\/\/www.korhanyilmaz.com\/?p=50812"},"modified":"2012-04-26T09:18:29","modified_gmt":"2012-04-26T06:18:29","slug":"anayasa-mahkemesinin-kurulus-yil-donumu","status":"publish","type":"post","link":"http:\/\/www.korhanyilmaz.com\/?p=50812","title":{"rendered":"Anayasa Mahkemesi&#8217;nin kurulu\u015f y\u0131l d\u00f6n\u00fcm\u00fc"},"content":{"rendered":"<p style=\"text-align: center;\"><a href=\"http:\/\/www.korhanyilmaz.com\/wp-content\/uploads\/2012\/04\/E0016.jpg\"  class=\"lightview\"><img loading=\"lazy\" decoding=\"async\" class=\"aligncenter  wp-image-50813\" src=\"http:\/\/www.korhanyilmaz.com\/wp-content\/uploads\/2012\/04\/E0016.jpg\" alt=\"\" width=\"264\" height=\"192\" \/><\/a><\/p>\n<p style=\"text-align: justify;\">Ba\u015fbakan Recep Tayyip Erdo\u011fan Anayasa Mahkemesinin 50. Kurulu\u015f Y\u0131ld\u00f6n\u00fcm\u00fc vesilesiyle bir kutlama mesaj\u0131 yay\u0131nlad\u0131.<\/p>\n<p style=\"text-align: justify;\">Ba\u015fbakan Recep Tayyip Erdo\u011fan, &#8221;Demokrasimizin g\u00fc\u00e7lenmesine, ekonomik kalk\u0131nmam\u0131za, T\u00fcrkiye&#8217;nin gelecek hedeflerine g\u00fc\u00e7l\u00fc bir zemin olu\u015fturacak; insan\u0131m\u0131z\u0131n me\u015fru taleplerini, hukukun \u00fcst\u00fcnl\u00fc\u011f\u00fcn\u00fc, e\u015fitlik ilkesini, insan hak ve h\u00fcrriyetlerini en iyi bi\u00e7imde kar\u015f\u0131layacak g\u00fc\u00e7l\u00fc bir anayasa yapmak, hepimiz i\u00e7in milli bir \u00f6dev ve sorumluluk olmal\u0131d\u0131r&#8221; dedi.\u00a0<!--more--><\/p>\n<p style=\"text-align: justify;\">Ba\u015fbakanl\u0131k Bas\u0131n Merkezi&#8217;nden yap\u0131lan a\u00e7\u0131klamaya g\u00f6re, Ba\u015fbakan Erdo\u011fan, Anayasa Mahkemesi&#8217;nin kurulu\u015f y\u0131l d\u00f6n\u00fcm\u00fc nedeniyle Anayasa Mahkemesi Ba\u015fkan\u0131 Ha\u015fim K\u0131l\u0131\u00e7&#8217;a bir kutlama mesaj\u0131 g\u00f6nderdi.<\/p>\n<p style=\"text-align: justify;\">Erdo\u011fan, mesajda \u015funlar\u0131 kaydetti:<\/p>\n<p style=\"text-align: justify;\">&#8221;Anayasa Mahkemesi, g\u00fc\u00e7ler ayr\u0131l\u0131\u011f\u0131 ilkesini benimsemi\u015f, demokrasiye s\u0131k\u0131 s\u0131k\u0131ya ba\u011fl\u0131 Cumhuriyetimizin, hukuk devleti niteli\u011finin temel g\u00fcvencelerinden biridir. Biliyor ve inan\u0131yoruz ki adalet, m\u00fclk\u00fcn temeli oldu\u011fu kadar, sosyal bar\u0131\u015f\u0131n, refah ve istikrar\u0131n, s\u00fcrd\u00fcr\u00fclebilir kalk\u0131nman\u0131n da olmazsa olmaz \u015fart\u0131d\u0131r. Temel hak ve \u00f6zg\u00fcrl\u00fcklerin g\u00fcvence alt\u0131na al\u0131nmad\u0131\u011f\u0131, adalet ve hakkaniyet duygusunun yerle\u015fmedi\u011fi bir toplumda ilerlemeden, geli\u015fmeden s\u00f6z edemeyiz. Bu bak\u0131mdan, demokrasimizin g\u00fc\u00e7lenmesine, ekonomik kalk\u0131nmam\u0131za, T\u00fcrkiye&#8217;nin gelecek hedeflerine g\u00fc\u00e7l\u00fc bir zemin olu\u015fturacak; insan\u0131m\u0131z\u0131n me\u015fru taleplerini, hukukun \u00fcst\u00fcnl\u00fc\u011f\u00fcn\u00fc, e\u015fitlik ilkesini, insan hak ve h\u00fcrriyetlerini en iyi bi\u00e7imde kar\u015f\u0131layacak g\u00fc\u00e7l\u00fc bir anayasa yapmak, hepimiz i\u00e7in milli bir \u00f6dev ve sorumluluk olmal\u0131d\u0131r.<\/p>\n<p style=\"text-align: justify;\">Kanunlar\u0131n, Anayasam\u0131za uygunlu\u011funu denetlemekle y\u00fck\u00fcml\u00fc olan Anayasa Mahkemesi&#8217;nin hukuk sistemimizin g\u00fc\u00e7lendirilmesi, daha demokratik ve daha ileri a\u015famalara ula\u015fmas\u0131 i\u00e7in yapaca\u011f\u0131 katk\u0131lara inanc\u0131m\u0131z tamd\u0131r. Bu d\u00fc\u015f\u00fcncelerle, yar\u0131m as\u0131rl\u0131k deneyim ve birikime sahip olan Anayasa Mahkememizin kurulu\u015f y\u0131l d\u00f6n\u00fcm\u00fcn\u00fc kutluyor, de\u011ferli \u00fcyeleri ve t\u00fcm \u00e7al\u0131\u015fanlar\u0131na ba\u015far\u0131lar diliyorum.&#8221;<\/p>\n<p style=\"text-align: justify;\"><a href=\"http:\/\/www.ihlassondakika.com\/haber_Anayasa-Mahkemesinin-kurulus-yil-donumu_473257.html\" target=\"_blank\">Kaynak : \u0130hlas Son Dakika<\/a><\/p>\n","protected":false},"excerpt":{"rendered":"<p style=\"text-align: center;\">\n<p style=\"text-align: justify;\">Ba\u015fbakan Recep Tayyip Erdo\u011fan Anayasa Mahkemesinin 50. Kurulu\u015f Y\u0131ld\u00f6n\u00fcm\u00fc vesilesiyle bir kutlama mesaj\u0131 yay\u0131nlad\u0131.<\/p>\n<p style=\"text-align: justify;\">Ba\u015fbakan Recep Tayyip Erdo\u011fan, &#8221;Demokrasimizin g\u00fc\u00e7lenmesine, ekonomik kalk\u0131nmam\u0131za, T\u00fcrkiye&#8217;nin gelecek hedeflerine g\u00fc\u00e7l\u00fc bir zemin olu\u015fturacak; insan\u0131m\u0131z\u0131n me\u015fru taleplerini, hukukun \u00fcst\u00fcnl\u00fc\u011f\u00fcn\u00fc, e\u015fitlik ilkesini, insan hak ve h\u00fcrriyetlerini en iyi bi\u00e7imde kar\u015f\u0131layacak g\u00fc\u00e7l\u00fc bir anayasa yapmak, <\/p>\n","protected":false},"author":1,"featured_media":0,"comment_status":"open","ping_status":"open","sticky":false,"template":"","format":"standard","meta":{"footnotes":""},"categories":[105],"tags":[],"class_list":["post-50812","post","type-post","status-publish","format-standard","hentry","category-gundem","odd"],"_links":{"self":[{"href":"http:\/\/www.korhanyilmaz.com\/index.php?rest_route=\/wp\/v2\/posts\/50812","targetHints":{"allow":["GET"]}}],"collection":[{"href":"http:\/\/www.korhanyilmaz.com\/index.php?rest_route=\/wp\/v2\/posts"}],"about":[{"href":"http:\/\/www.korhanyilmaz.com\/index.php?rest_route=\/wp\/v2\/types\/post"}],"author":[{"embeddable":true,"href":"http:\/\/www.korhanyilmaz.com\/index.php?rest_route=\/wp\/v2\/users\/1"}],"replies":[{"embeddable":true,"href":"http:\/\/www.korhanyilmaz.com\/index.php?rest_route=%2Fwp%2Fv2%2Fcomments&post=50812"}],"version-history":[{"count":0,"href":"http:\/\/www.korhanyilmaz.com\/index.php?rest_route=\/wp\/v2\/posts\/50812\/revisions"}],"wp:attachment":[{"href":"http:\/\/www.korhanyilmaz.com\/index.php?rest_route=%2Fwp%2Fv2%2Fmedia&parent=50812"}],"wp:term":[{"taxonomy":"category","embeddable":true,"href":"http:\/\/www.korhanyilmaz.com\/index.php?rest_route=%2Fwp%2Fv2%2Fcategories&post=50812"},{"taxonomy":"post_tag","embeddable":true,"href":"http:\/\/www.korhanyilmaz.com\/index.php?rest_route=%2Fwp%2Fv2%2Ftags&post=50812"}],"curies":[{"name":"wp","href":"https:\/\/api.w.org\/{rel}","templated":true}]}}