{"id":50803,"date":"2012-04-25T12:32:48","date_gmt":"2012-04-25T09:32:48","guid":{"rendered":"http:\/\/www.korhanyilmaz.com\/?p=50803"},"modified":"2012-04-26T02:00:16","modified_gmt":"2012-04-25T23:00:16","slug":"mehmet-agar-cezaevinde-bu-bir-vatan-gorevi","status":"publish","type":"post","link":"http:\/\/www.korhanyilmaz.com\/?p=50803","title":{"rendered":"Mehmet A\u011far cezaevinde: Bu bir vatan g\u00f6revi"},"content":{"rendered":"<p style=\"text-align: center;\"><a href=\"http:\/\/www.korhanyilmaz.com\/wp-content\/uploads\/2012\/04\/E0014.jpg\"  class=\"lightview\"><img loading=\"lazy\" decoding=\"async\" class=\"aligncenter  wp-image-50804\" src=\"http:\/\/www.korhanyilmaz.com\/wp-content\/uploads\/2012\/04\/E0014.jpg\" alt=\"\" width=\"322\" height=\"241\" \/><\/a><\/p>\n<p style=\"text-align: justify;\">Susurluk davas\u0131nda mahkum olan eski \u0130\u00e7i\u015fleri Bakan\u0131 Mehmet A\u011far, iki y\u0131ll\u0131k hapis cezas\u0131n\u0131 \u00e7ekmek \u00fczere Yenipazar Cezaevi&#8217;ne girdi. Huzur i\u00e7inde oldu\u011funu s\u00f6yleyen A\u011far, &#8216;Kimseye k\u0131rg\u0131n de\u011filim&#8217; dedi.<\/p>\n<p style=\"text-align: justify;\">Ankara- &#8220;Susurluk Davas\u0131&#8221; kapsam\u0131nda 5 y\u0131l hapis cezas\u0131 Yarg\u0131tay taraf\u0131ndan onanan ve Ankara Cumhuriyet Ba\u015fsavc\u0131l\u0131\u011f\u0131 taraf\u0131ndan hakk\u0131nda &#8221;yakalama emri&#8221; \u00e7\u0131kart\u0131lan eski \u0130\u00e7i\u015fleri Bakan\u0131 Mehmet A\u011far, cezas\u0131n\u0131 \u00e7ekece\u011fi Ayd\u0131n Yenipazar K1 Tipi Kapal\u0131 Ceza \u0130nfaz Kurumu&#8217;na geldi.\u00a0<!--more--><\/p>\n<p style=\"text-align: justify;\">Teslim olmaya sivil plakal\u0131 bir ara\u00e7la gelen A\u011far, cezaevi \u00f6n\u00fcnde bas\u0131n mensuplar\u0131na a\u00e7\u0131klama yapt\u0131.<\/p>\n<p style=\"text-align: justify;\">Mehmet A\u011far, gazetecilere y\u00f6nelik olarak \u201cSizi \u00e7ok \u00e7ok yordum, \u00e7ok \u00fczd\u00fcm; bundan sonra \u00fczmeyece\u011fim\u201d dedi.<\/p>\n<p style=\"text-align: justify;\">Cezaevine girmesini vatan g\u00f6revi olarak nitelendiren A\u011far, \u201cG\u00f6revimi yap\u0131p \u00e7\u0131kaca\u011f\u0131m\u201d diye konu\u015ftu.<\/p>\n<p style=\"text-align: justify;\">Kimseye k\u0131rg\u0131n olmad\u0131\u011f\u0131n s\u00f6yleyen Mehmet A\u011far, \u201cHuzur i\u00e7indeyim, milleti \u00fczecek bir davran\u0131\u015f\u0131m olmad\u0131. Allah devlete ve millete zeval vermesin\u201d dedi.<\/p>\n<p style=\"text-align: justify;\">Mehmet A\u011far, cezas\u0131 hakk\u0131ndaki sorulara ise &#8220;Allah&#8217;tan, devletten gelen bir \u015feydir. O da ba\u015f\u0131m\u0131z\u0131n \u00fcst\u00fcndedir&#8221; yan\u0131t\u0131n\u0131 verdi.<\/p>\n<p style=\"text-align: justify;\">A\u011far, cezas\u0131n\u0131 ailesine yak\u0131n bir yerde \u00e7ekece\u011fi i\u00e7in de mutlu oldu\u011funu vurgulad\u0131.<\/p>\n<p style=\"text-align: justify;\">A\u011far, a\u00e7\u0131klamas\u0131n\u0131n ard\u0131ndan iki y\u0131l yataca\u011f\u0131 cezavine giri\u015f yapt\u0131.<\/p>\n<p style=\"text-align: justify;\"><strong>Cezaevinde tadilat\u00a0<\/strong><\/p>\n<p style=\"text-align: justify;\">Mehmet A\u011far&#8217;\u0131n iki y\u0131l hapis yataca\u011f\u0131 cezaevinde tadilat yap\u0131lm\u0131\u015ft\u0131. Tel \u00f6rg\u00fcleri yenilenen cezavine yeni kap\u0131 tak\u0131lm\u0131\u015ft\u0131.<\/p>\n<p style=\"text-align: justify;\">Mehmet A\u011far i\u00e7in di\u011fer mahkumlara kapal\u0131 olan \u00f6zel bir b\u00f6l\u00fcm yap\u0131lm\u0131\u015ft\u0131. A\u011far\u2019\u0131n kalaca\u011f\u0131 b\u00f6l\u00fcmde banyo ve tuvalet de bulunuyor.<\/p>\n<p style=\"text-align: justify;\">Cezevinde kalan 50 mahkum da \u00e7evredeki di\u011fer cezaevlerine nakledilmi\u015fti.<\/p>\n<p style=\"text-align: justify;\"><a href=\"http:\/\/www.cumhuriyet.com.tr\/?hn=332580\" target=\"_blank\">Kaynak : Cumhuriyet Haber Portal\u0131<\/a><\/p>\n","protected":false},"excerpt":{"rendered":"<p style=\"text-align: center;\">\n<p style=\"text-align: justify;\">Susurluk davas\u0131nda mahkum olan eski \u0130\u00e7i\u015fleri Bakan\u0131 Mehmet A\u011far, iki y\u0131ll\u0131k hapis cezas\u0131n\u0131 \u00e7ekmek \u00fczere Yenipazar Cezaevi&#8217;ne girdi. Huzur i\u00e7inde oldu\u011funu s\u00f6yleyen A\u011far, &#8216;Kimseye k\u0131rg\u0131n de\u011filim&#8217; dedi.<\/p>\n<p style=\"text-align: justify;\">Ankara- &#8220;Susurluk Davas\u0131&#8221; kapsam\u0131nda 5 y\u0131l hapis cezas\u0131 Yarg\u0131tay taraf\u0131ndan onanan ve Ankara Cumhuriyet Ba\u015fsavc\u0131l\u0131\u011f\u0131 taraf\u0131ndan hakk\u0131nda &#8221;yakalama emri&#8221; \u00e7\u0131kart\u0131lan eski <\/p>\n","protected":false},"author":1,"featured_media":0,"comment_status":"open","ping_status":"open","sticky":false,"template":"","format":"standard","meta":{"footnotes":""},"categories":[105],"tags":[979],"class_list":["post-50803","post","type-post","status-publish","format-standard","hentry","category-gundem","tag-mehmet-agar","odd"],"_links":{"self":[{"href":"http:\/\/www.korhanyilmaz.com\/index.php?rest_route=\/wp\/v2\/posts\/50803","targetHints":{"allow":["GET"]}}],"collection":[{"href":"http:\/\/www.korhanyilmaz.com\/index.php?rest_route=\/wp\/v2\/posts"}],"about":[{"href":"http:\/\/www.korhanyilmaz.com\/index.php?rest_route=\/wp\/v2\/types\/post"}],"author":[{"embeddable":true,"href":"http:\/\/www.korhanyilmaz.com\/index.php?rest_route=\/wp\/v2\/users\/1"}],"replies":[{"embeddable":true,"href":"http:\/\/www.korhanyilmaz.com\/index.php?rest_route=%2Fwp%2Fv2%2Fcomments&post=50803"}],"version-history":[{"count":0,"href":"http:\/\/www.korhanyilmaz.com\/index.php?rest_route=\/wp\/v2\/posts\/50803\/revisions"}],"wp:attachment":[{"href":"http:\/\/www.korhanyilmaz.com\/index.php?rest_route=%2Fwp%2Fv2%2Fmedia&parent=50803"}],"wp:term":[{"taxonomy":"category","embeddable":true,"href":"http:\/\/www.korhanyilmaz.com\/index.php?rest_route=%2Fwp%2Fv2%2Fcategories&post=50803"},{"taxonomy":"post_tag","embeddable":true,"href":"http:\/\/www.korhanyilmaz.com\/index.php?rest_route=%2Fwp%2Fv2%2Ftags&post=50803"}],"curies":[{"name":"wp","href":"https:\/\/api.w.org\/{rel}","templated":true}]}}