{"id":50797,"date":"2012-04-25T14:25:22","date_gmt":"2012-04-25T11:25:22","guid":{"rendered":"http:\/\/www.korhanyilmaz.com\/?p=50797"},"modified":"2012-04-26T01:52:48","modified_gmt":"2012-04-25T22:52:48","slug":"basbakana-yasayi-okumasini-tavsiye-ederim","status":"publish","type":"post","link":"http:\/\/www.korhanyilmaz.com\/?p=50797","title":{"rendered":"&#8216;Ba\u015fbakan&#8217;a yasay\u0131 okumas\u0131n\u0131 tavsiye ederim&#8217;"},"content":{"rendered":"<p style=\"text-align: center;\"><a href=\"http:\/\/www.korhanyilmaz.com\/wp-content\/uploads\/2012\/04\/E0012.jpg\"  class=\"lightview\"><img loading=\"lazy\" decoding=\"async\" class=\"aligncenter  wp-image-50798\" src=\"http:\/\/www.korhanyilmaz.com\/wp-content\/uploads\/2012\/04\/E0012.jpg\" alt=\"\" width=\"322\" height=\"241\" \/><\/a><\/p>\n<p style=\"text-align: justify;\">CHP Grup Ba\u015fkanvekili Akif Hamza\u00e7ebi, Ba\u015fbakan Recep Tayyip Erdo\u011fan&#8217;\u0131n, kapat\u0131lan camilerle ilgili s\u00f6zlerine, &#8220;Bu tamamen yanl\u0131\u015ft\u0131r, ger\u00e7eklerin tahrif edilmesinden ba\u015fka bir \u015fey de\u011fil&#8221; dedi.<\/p>\n<p style=\"text-align: justify;\">Ankara- CHP Grup Ba\u015fkanvekili Akif Hamza\u00e7ebi, Ege \u00dcniversitesi Uluslararas\u0131 \u0130li\u015fkiler Kul\u00fcb\u00fc \u00dcyesi \u00f6\u011frencilerini kabul etti. Kabulde, \u00f6\u011frenciler Hamza\u00e7ebi&#8217;ye, &#8220;Sizin ad\u0131n\u0131za Ege Orman Vakf\u0131&#8217;na bir tane fidan diktirdik, art\u0131k bir tane fidan\u0131n\u0131z var&#8221; dedi. \u00d6\u011frencilere te\u015fekk\u00fcr eden Hamza\u00e7ebi, &#8220;Bu plaketken \u00e7ok de\u011ferli ve kal\u0131c\u0131&#8221; diye konu\u015ftu.\u00a0<!--more--><\/p>\n<p style=\"text-align: justify;\"><strong>&#8216;Cami kapatma&#8217; polemi\u011fi\u00a0<\/strong><\/p>\n<p style=\"text-align: justify;\">Bir bas\u0131n mensubunun, &#8220;Say\u0131n Ba\u015fbakan&#8217;\u0131n, d\u00fcn yapt\u0131\u011f\u0131 a\u00e7\u0131klamada partinize y\u00f6nelik cami kapatma konusunda ele\u015ftirileri oldu ne diyorsunuz?&#8221; sorusuna Hamza\u00e7ebi, &#8220;Say\u0131n Ba\u015fbakan&#8217;\u0131n Sal\u0131 g\u00fcnk\u00fc grup toplant\u0131lar\u0131 art\u0131k din ekseninde, kutsal de\u011ferler ekseninde toplumu kutupla\u015ft\u0131rmaya y\u00f6nelik politikalar\u0131n\u0131n a\u00e7\u0131kland\u0131\u011f\u0131 toplant\u0131lar haline d\u00f6n\u00fc\u015fm\u00fc\u015ft\u00fcr. B\u00f6yle bir \u00fcslubun, bu tip toplant\u0131lar\u0131n \u00fclkemize, topluma verece\u011fi hi\u00e7bir \u015fey yoktur&#8221; dedi.<\/p>\n<p style=\"text-align: justify;\"><strong>&#8216;Bar\u0131\u015f dilini yakalamak zorunday\u0131z&#8217;\u00a0<\/strong><\/p>\n<p style=\"text-align: justify;\">Hamza\u00e7ebi, \u015f\u00f6yle devam etti: &#8220;Toplumu din ve kutsal de\u011ferler etraf\u0131nda kutuplara ay\u0131rmak ve dinin sahipleri veya dinin kar\u015f\u0131tlar\u0131 gibi bir anlay\u0131\u015f ile insanlar\u0131 ayr\u0131ma tabi tutmak toplumda b\u00f6l\u00fcnmeye yol a\u00e7abilecek olan bir politikad\u0131r. Say\u0131n Ba\u015fbakan&#8217;\u0131n bu \u00fcsluptan memnun oldu\u011fu anla\u015f\u0131l\u0131yor, bu \u00fcslupla kendisini ba\u015f ba\u015fa b\u0131rak\u0131yoruz, bizim bu \u00fcslupla yar\u0131\u015fmak gibi herhangi bir niyetimiz yok. Bu \u00fcsluba ayn\u0131 \u015fekilde cevap vermek gibi bir arzumuz da yok. Bunu do\u011fru bulmuyoruz, siyasetin \u00f6fke ve nefretten kaynaklanan bu duygulardan beslenen dilini bir kenara at\u0131p bar\u0131\u015f dilini yakalamak zorunday\u0131z. Bu noktada Say\u0131n Ba\u015fbakan&#8217;a yani g\u00fc\u00e7 sahiplerine d\u00fc\u015fen g\u00f6revler vard\u0131r. En b\u00fcy\u00fck g\u00f6rev kendilerine d\u00fc\u015fmektedir. Ben bu g\u00f6revi yapmaya Say\u0131n Ba\u015fbakan&#8217;\u0131 davet ediyorum.&#8221;<\/p>\n<p style=\"text-align: justify;\"><strong>&#8216;Vermi\u015f oldu\u011fu bilgiler yanl\u0131\u015f&#8217;\u00a0<\/strong><\/p>\n<p style=\"text-align: justify;\">Ba\u015fbakan&#8217;\u0131n Sal\u0131 g\u00fcnk\u00fc toplant\u0131da vermi\u015f oldu\u011fu bilgilerin tamamen yanl\u0131\u015f oldu\u011funu ifade eden Hamza\u00e7ebi, bas\u0131n toplant\u0131s\u0131nda 22 Kas\u0131m 1935 tarihli Resmi Gazete&#8217;de yay\u0131nlanarak y\u00fcr\u00fcrl\u00fc\u011fe giren yasay\u0131 \u00f6rnek g\u00f6stererek, \u015f\u00f6yle dedi: &#8220;Bir iki k\u0131sa \u00f6rnek verece\u011fim. Say\u0131n Ba\u015fbakan diyor ki &#8216;1935 y\u0131l\u0131nda CHP iktidar\u0131nda bir yasa \u00e7\u0131kar\u0131lm\u0131\u015ft\u0131r bu yasayla camiler kapat\u0131lm\u0131\u015ft\u0131r&#8217;. Bu tamamen yanl\u0131\u015ft\u0131r, ger\u00e7eklerin tahrif edilmesinden ba\u015fka bir \u015fey de\u011fil. Yasa \u00f6n\u00fcmde. 22 Kas\u0131m 1935 tarihli Resmi Gazete&#8217;de yay\u0131nlanarak y\u00fcr\u00fcrl\u00fc\u011fe girmi\u015ftir. Yasan\u0131n TBMM&#8217;deki g\u00f6r\u00fc\u015fme tutanaklar\u0131n\u0131 \u00e7\u0131kard\u0131m, gerek\u00e7esini \u00e7\u0131kard\u0131m, gerek\u00e7e diyor ki, bir k\u0131s\u0131m camilerimiz cemaatsiz kalm\u0131\u015ft\u0131r. Yani camiye namaz k\u0131lmaya gidecek kimse yoktur ya da bu camiler \u00e7ok harap durumdad\u0131r. Buralara vatanda\u015f\u0131m\u0131z\u0131n ibadet i\u00e7in gitmesi m\u00fcmk\u00fcn de\u011fildir. Dolay\u0131s\u0131yla bu camileri ba\u015fka hizmetlere y\u00f6nlendirmek suretiyle de\u011ferlendirelim \u015feklinde bir kanundur. Hi\u00e7bir \u015fekilde cemaati olan insanlar\u0131m\u0131z\u0131n ibadet etmek amac\u0131yla gitti\u011fi bir caminin hizmetten \u00e7\u0131kar\u0131lmas\u0131 \u015feklinde bir durum s\u00f6z konusu de\u011fildir. Yasa burada, ben Say\u0131n Ba\u015fbakan&#8217;a bu yasay\u0131 okumas\u0131n\u0131 tavsiye ediyorum.&#8221;<\/p>\n<p style=\"text-align: justify;\"><strong>&#8216;Say\u0131n Ba\u015fbakan&#8217;\u0131 tarihi ger\u00e7ekleri \u00e7arp\u0131tmamaya davet ediyorum&#8217;\u00a0<\/strong><\/p>\n<p style=\"text-align: justify;\">Ba\u015fbakan&#8217;\u0131n \u00f6rnekler verdi\u011fini kaydeden Hamza\u00e7ebi, &#8220;Seferihisar&#8217;da bir cami ah\u0131r yap\u0131lm\u0131\u015ft\u0131r, diyor, zaman\u0131n Cumhuriyet Gazetesi&#8217;ni buna \u00f6rnek olarak g\u00f6steriyor. Ben de ayn\u0131 Cumhuriyet Gazetesi&#8217;ni TBMM K\u00fct\u00fcphanesi&#8217;nden \u00e7\u0131kard\u0131m. Haber burada, haber diyor ki, &#8216;bu ne insafs\u0131zl\u0131k&#8217; ba\u015fl\u0131\u011f\u0131 alt\u0131nda. Seferihisar m\u00fcze m\u00fcd\u00fcr\u00fcn\u00fcn bir caminin harap halini tespit etmesiyle ba\u015fl\u0131yor olay. Devletin g\u00f6revlileri bu caminin amac\u0131na ayk\u0131r\u0131 bir \u015fekilde kullan\u0131ld\u0131\u011f\u0131n\u0131 tespit ediyor. Caminin minaresi y\u0131ld\u0131r\u0131mdan y\u0131k\u0131lm\u0131\u015f, duvarlar\u0131 y\u0131k\u0131lm\u0131\u015f, harap bir halde, vatanda\u015flar da bunu cami olarak kullanmam\u0131\u015flar, bir ba\u015fka ama\u00e7la kendileri k\u00f6yl\u00fcler ba\u015fka ama\u00e7la kullanm\u0131\u015flar, m\u00fcze m\u00fcd\u00fcr\u00fc de bunu tespit ediyor ve i\u015flem yap\u0131yor. Bu haberi &#8216;CHP camiyi ah\u0131r yapt\u0131&#8217; diye verirseniz bu en hafifinden insafs\u0131zl\u0131kt\u0131r. Say\u0131n Ba\u015fbakan&#8217;\u0131 tarihi ger\u00e7ekleri \u00e7arp\u0131tmamaya davet ediyorum&#8221; diye konu\u015ftu.<\/p>\n<p style=\"text-align: justify;\"><strong>&#8216;Vermi\u015f oldu\u011fu b\u00fct\u00fcn \u00f6rnekler \u00e7arp\u0131tmalarla dolu&#8217;\u00a0<\/strong><\/p>\n<p style=\"text-align: justify;\">Ba\u015fbakan&#8217;\u0131n vermi\u015f oldu\u011fu b\u00fct\u00fcn \u00f6rneklerin \u00e7arp\u0131tmalarla dolu oldu\u011funu savunan Hamza\u00e7ebi, \u015f\u00f6yle devam etti: &#8220;CHP&#8217;nin tarihinde \u0130stanbul&#8217;un silueti olarak isimlendirdi\u011fimiz ve \u0130stanbul&#8217;a \u00f6zelli\u011fini veren silueti rant u\u011fruna feda etme anlay\u0131\u015f\u0131 olmam\u0131\u015ft\u0131r. CHP&#8217;nin tarihinde \u0130stanbul&#8217;un tarihi yar\u0131m adas\u0131n\u0131 s\u00fcsleyen ba\u015fta S\u00fcleymaniye Camii olmak \u00fczere ve di\u011fer camiler olmak \u00fczere onlar\u0131n minarelerinin ve kubbelerinin yaratt\u0131\u011f\u0131 o ola\u011fan\u00fcst\u00fc g\u00fczelli\u011fi g\u00f6kdelenler u\u011fruna feda etme anlay\u0131\u015f\u0131 yoktur. Say\u0131n Ba\u015fbakan&#8217;\u0131n y\u00f6netimindeki T\u00fcrkiye&#8217;de bu tarihi camiler feda edilmi\u015ftir. AKP&#8217;nin y\u00f6netimindeki bu d\u00f6nemde Say\u0131n Ba\u015fbakan&#8217;\u0131n ba\u015fbakan oldu\u011fu ve onun anlay\u0131\u015f\u0131n\u0131n hakim oldu\u011fu \u0130stanbul B\u00fcy\u00fck\u015fehir Belediyesinde bu siluet yok edilmi\u015ftir, ne i\u00e7in g\u00f6kdelenler u\u011fruna, rant u\u011fruna. Say\u0131n Ba\u015fbakan bunlarla me\u015fgul olsun, g\u00fcn\u00fcm\u00fczde bu olaylar var.&#8221;<\/p>\n<p style=\"text-align: justify;\"><strong>Tutuklu vekiller\u00a0<\/strong><\/p>\n<p style=\"text-align: justify;\">Bir bas\u0131n mensubunun, &#8220;TBMM Ba\u015fkan\u0131 yar\u0131n grup ba\u015fkanvekilleriyle bir araya gelecek. Bu konuda partiniz taraf\u0131ndan bir g\u00f6r\u00fc\u015f sunulacak m\u0131?&#8221; sorusuna Hamza\u00e7ebi, \u015fu yan\u0131t\u0131 verdi: &#8220;TBMM&#8217;nin Say\u0131n Ba\u015fkan\u0131 tutuklu milletvekillerinin tutuklulu\u011funun sona erdirilmesine veya bu sorunun \u00e7\u00f6z\u00fcm\u00fcne y\u00f6nelik olarak bir \u00e7al\u0131\u015fma ba\u015flatt\u0131, \u00f6ncelikle Say\u0131n Meclis Ba\u015fkan\u0131&#8217;n\u0131 bu \u00e7al\u0131\u015fmas\u0131 nedeniyle kutluyorum ve kendisine te\u015fekk\u00fcr ediyorum. Say\u0131n Ba\u015fkan bu konuda toplant\u0131ya kat\u0131lan taraflara &#8216;deme\u00e7 vermeme&#8217; y\u00f6n\u00fcnde bir ilke karar\u0131n\u0131 \u00f6nermi\u015ftir ve bu karar t\u00fcm siyasi partiler taraf\u0131ndan benimsenmi\u015ftir. Bu konuda bizim bir a\u00e7\u0131klama yapmam\u0131z do\u011fru de\u011fil, s\u00fcre\u00e7 i\u015fliyor ama bu s\u00fcrecin olumlu sonu\u00e7lanmas\u0131 y\u00f6n\u00fcnde arzumuz vard\u0131r. Say\u0131n Meclis Ba\u015fkan\u0131n\u0131n bu iyiniyetli \u00e7abas\u0131n\u0131n sonucunu beklemek gerekiyor. Bu \u00e7abay\u0131 y\u00fcrekten destekledi\u011fimizi ifade ediyorum.&#8221; &#8220;Yeni bir \u00f6neriniz olacak m\u0131?&#8221; sorusuna da Hamza\u00e7ebi, &#8220;Onu arkada\u015flar\u0131m\u0131z toplant\u0131ya kat\u0131ld\u0131klar\u0131nda de\u011ferlendirirler e\u011fer \u00f6yle bir \u00f6neri yapma ihtiyac\u0131 ortaya \u00e7\u0131kar ise kendileri de\u011ferlendirirler&#8221; yan\u0131t\u0131n\u0131 verdi.<\/p>\n<p style=\"text-align: justify;\"><a href=\"http:\/\/www.cumhuriyet.com.tr\/?hn=332614\" target=\"_blank\">Kaynak : Cumhuriyet Haber Portal\u0131<\/a><\/p>\n","protected":false},"excerpt":{"rendered":"<p style=\"text-align: center;\">\n<p style=\"text-align: justify;\">CHP Grup Ba\u015fkanvekili Akif Hamza\u00e7ebi, Ba\u015fbakan Recep Tayyip Erdo\u011fan&#8217;\u0131n, kapat\u0131lan camilerle ilgili s\u00f6zlerine, &#8220;Bu tamamen yanl\u0131\u015ft\u0131r, ger\u00e7eklerin tahrif edilmesinden ba\u015fka bir \u015fey de\u011fil&#8221; dedi.<\/p>\n<p style=\"text-align: justify;\">Ankara- CHP Grup Ba\u015fkanvekili Akif Hamza\u00e7ebi, Ege \u00dcniversitesi Uluslararas\u0131 \u0130li\u015fkiler Kul\u00fcb\u00fc \u00dcyesi \u00f6\u011frencilerini kabul etti. Kabulde, \u00f6\u011frenciler Hamza\u00e7ebi&#8217;ye, &#8220;Sizin ad\u0131n\u0131za Ege Orman Vakf\u0131&#8217;na bir <\/p>\n","protected":false},"author":1,"featured_media":0,"comment_status":"open","ping_status":"open","sticky":false,"template":"","format":"standard","meta":{"footnotes":""},"categories":[105],"tags":[],"class_list":["post-50797","post","type-post","status-publish","format-standard","hentry","category-gundem","odd"],"_links":{"self":[{"href":"http:\/\/www.korhanyilmaz.com\/index.php?rest_route=\/wp\/v2\/posts\/50797","targetHints":{"allow":["GET"]}}],"collection":[{"href":"http:\/\/www.korhanyilmaz.com\/index.php?rest_route=\/wp\/v2\/posts"}],"about":[{"href":"http:\/\/www.korhanyilmaz.com\/index.php?rest_route=\/wp\/v2\/types\/post"}],"author":[{"embeddable":true,"href":"http:\/\/www.korhanyilmaz.com\/index.php?rest_route=\/wp\/v2\/users\/1"}],"replies":[{"embeddable":true,"href":"http:\/\/www.korhanyilmaz.com\/index.php?rest_route=%2Fwp%2Fv2%2Fcomments&post=50797"}],"version-history":[{"count":0,"href":"http:\/\/www.korhanyilmaz.com\/index.php?rest_route=\/wp\/v2\/posts\/50797\/revisions"}],"wp:attachment":[{"href":"http:\/\/www.korhanyilmaz.com\/index.php?rest_route=%2Fwp%2Fv2%2Fmedia&parent=50797"}],"wp:term":[{"taxonomy":"category","embeddable":true,"href":"http:\/\/www.korhanyilmaz.com\/index.php?rest_route=%2Fwp%2Fv2%2Fcategories&post=50797"},{"taxonomy":"post_tag","embeddable":true,"href":"http:\/\/www.korhanyilmaz.com\/index.php?rest_route=%2Fwp%2Fv2%2Ftags&post=50797"}],"curies":[{"name":"wp","href":"https:\/\/api.w.org\/{rel}","templated":true}]}}