{"id":50794,"date":"2012-04-25T16:36:56","date_gmt":"2012-04-25T13:36:56","guid":{"rendered":"http:\/\/www.korhanyilmaz.com\/?p=50794"},"modified":"2012-04-26T01:49:11","modified_gmt":"2012-04-25T22:49:11","slug":"akp-beni-fisledi","status":"publish","type":"post","link":"http:\/\/www.korhanyilmaz.com\/?p=50794","title":{"rendered":"&#8216;AKP beni fi\u015fledi&#8217;"},"content":{"rendered":"<p style=\"text-align: center;\"><a href=\"http:\/\/www.korhanyilmaz.com\/wp-content\/uploads\/2012\/04\/E0011.jpg\"  class=\"lightview\"><img loading=\"lazy\" decoding=\"async\" class=\"aligncenter  wp-image-50795\" src=\"http:\/\/www.korhanyilmaz.com\/wp-content\/uploads\/2012\/04\/E0011.jpg\" alt=\"\" width=\"322\" height=\"241\" \/><\/a><\/p>\n<p style=\"text-align: justify;\">CHP Genel Ba\u015fkan\u0131 Kemal K\u0131l\u0131\u00e7daro\u011flu, 28 \u015eubat soru\u015fturmas\u0131n\u0131n cad\u0131 av\u0131na d\u00f6n\u00fc\u015ft\u00fc\u011f\u00fcn\u00fc ve kendisini fi\u015fleyenin fi\u015flemelerden yak\u0131nan AKP \u0130ktidar\u0131 oldu\u011funu s\u00f6yledi.<\/p>\n<p style=\"text-align: justify;\">Saraybosna- CHP Genel Ba\u015fkan\u0131 Kemal K\u0131l\u0131\u00e7daro\u011flu, iki g\u00fcnl\u00fck Bosna Hersek ziyareti kapsam\u0131nda, T\u00fcrkiye\u2019nin Saraybosna B\u00fcy\u00fckel\u00e7ili\u011fi\u2019ni ziyaret etti ve B\u00fcy\u00fckel\u00e7i Ahmet Y\u0131ld\u0131z\u2019dan bilgi ald\u0131.\u00a0<!--more--><\/p>\n<p style=\"text-align: justify;\">Beraberindeki heyetle birlikte daha sonra T\u00fcrk K\u00fclt\u00fcr Merkezi\u2019ne ge\u00e7en K\u0131l\u0131\u00e7daro\u011flu, gazetecilerin g\u00fcndeme ili\u015fkin sorular\u0131n\u0131 yan\u0131tlad\u0131.<\/p>\n<p style=\"text-align: justify;\">K\u0131l\u0131\u00e7daro\u011flu, \u201cBosna Hersek ziyaretiyle birlikte CHP\u2019nin yeni bir Balkan a\u00e7\u0131l\u0131m\u0131 ba\u015flat\u0131p ba\u015flatmad\u0131\u011f\u0131na ili\u015fkin\u201d sorusu \u00fczerine, CHP\u2019nin sadece Bosna Hersek ve Balkanlar i\u00e7in de\u011fil \u00f6n\u00fcm\u00fczdeki g\u00fcnlerde di\u011fer \u00fclkelere de ziyaretler yapaca\u011f\u0131n\u0131 bildirdi.<\/p>\n<p style=\"text-align: justify;\">Bosna Hersek ziyaretinin ard\u0131ndan \u0130stanbul\u2019da uluslararas\u0131 bir toplant\u0131ya ev sahipli\u011fi yapacaklar\u0131n\u0131 hat\u0131rlatan K\u0131l\u0131\u00e7daro\u011flu, \u015funlar\u0131 kaydetti; \u201cArap bahar\u0131n\u0131, \u00f6zg\u00fcrl\u00fckleri ve demokrasiyi, sosyal demokrat a\u00e7\u0131dan o b\u00f6lgelerdeki geli\u015fmeleri g\u00f6r\u00fc\u015fece\u011fiz, konu\u015faca\u011f\u0131z. Kanaat \u00f6nderleri, bakanlar, gazeteciler ve politikac\u0131lar gelecek. CHP\u2019nin Bosna Hersek\u2019e gelmesi ilk de\u011fil daha \u00f6nce Hikmet \u00c7etin, Deniz Baykal da geldi. Ben \u00fc\u00e7\u00fcnc\u00fc olarak geliyorum. Buras\u0131 T\u00fcrkiye i\u00e7in \u00e7ok \u00f6nemli bir yer, tarihi k\u00fclt\u00fcrel ba\u011flar\u0131m\u0131z var. Sosyal demokrat anlay\u0131\u015fta olan CHP\u2019nin buraya gelmesi \u00fcniversitede konu\u015fma yapmas\u0131 \u00f6nemli. Pek \u00e7ok tarafla da g\u00f6r\u00fc\u015fece\u011fiz, konu\u015faca\u011f\u0131z. Bosna Hersek\u2019e verdi\u011fimiz \u00f6nem sadece CHP a\u00e7\u0131s\u0131ndan de\u011fil T\u00fcrkiye Cumhuriyeti\u2019nin b\u00fct\u00fcn siyasal partileri Bosna Hersek politikas\u0131 konusunda ortak g\u00f6r\u00fc\u015ftedirler. Hep beraber T\u00fcrkiye\u2019nin ulusal \u00e7\u0131karlar\u0131n\u0131n korunmas\u0131 konusunda ortak g\u00f6r\u00fc\u015ftedirler, ortak hareket ediyorlar.\u201d<\/p>\n<p style=\"text-align: justify;\">K\u0131l\u0131\u00e7daro\u011flu, bir gazetecinin \u201c28 \u015eubat kapsam\u0131nda fi\u015flendi\u011fini iddia etmesi ve bug\u00fcn Ba\u015fbakanl\u0131\u011f\u0131n cevab\u0131n\u0131n baz\u0131 gazetelerde yer ald\u0131\u011f\u0131n\u0131\u201d hat\u0131rlatarak buna ili\u015fkin g\u00f6r\u00fc\u015f\u00fcn\u00fc sormas\u0131 \u00fczerine, \u015funlar\u0131 kaydetti: \u201cBa\u015fbakanl\u0131\u011f\u0131n Dan\u0131\u015ftay\u2019a g\u00f6nderdi\u011fi savunmada, 2004 y\u0131l\u0131na kadar Ba\u015fbakanl\u0131k Takip Kurulu\u2019na kadar gelen b\u00fct\u00fcn \u015fikayetlerin, ihbarlar\u0131n herhangi bir kayda girmedi\u011fi bildiriliyor. Ba\u015fbakanl\u0131k diyor ki; biz bunlar\u0131 2004 y\u0131l\u0131nda ilk kez kayda ald\u0131k. Yani fi\u015flemeyi AKP iktidar\u0131 yap\u0131yor, bunu da kendisi Dan\u0131\u015ftay\u2019a g\u00f6nderdi\u011fi bir yaz\u0131da itiraf ediyor. Dolay\u0131s\u0131yla bakt\u0131\u011f\u0131m\u0131z zaman fi\u015fleme s\u00fcreci 2004 y\u0131l\u0131nda resmen Ba\u015fbakanl\u0131\u011f\u0131n ar\u015fivine girerek belgelendirilmesi, bizim demokrasi anlay\u0131\u015f\u0131m\u0131z a\u00e7\u0131s\u0131ndan onaylayaca\u011f\u0131m\u0131z bir durum de\u011fildir. Hem fi\u015flemeden \u015fikayet edeceksin, hem \u2018fi\u015fleme yapanlar\u0131 yarg\u0131layaca\u011f\u0131m\u2019 diye yola \u00e7\u0131kacaks\u0131n ancak geldi\u011fimiz noktada g\u00f6r\u00fcyoruz ki fi\u015flemeyi yapan AKP iktidar\u0131d\u0131r. Bu \u00fcz\u00fcnt\u00fc verici bir durum olay. Dan\u0131\u015ftay\u2019da kendisini savunuyor Ba\u015fbakanl\u0131k, \u2018biz fi\u015flemeyi yapt\u0131k\u2019 diye. E\u011fer demokrasi konusunda samimiyseniz, Ba\u015fbakanl\u0131\u011f\u0131nDan\u0131\u015ftay\u2019a verece\u011fi yan\u0131t bir c\u00fcmleden ibaret olacakt\u0131; \u2018Ge\u00e7mi\u015fte Ba\u015fbakanl\u0131k Takip Kurulu bu t\u00fcr olaylar\u0131 ger\u00e7ekle\u015ftirmi\u015ftir. Ama biz bunlar\u0131 tasvip etmiyoruz. Yap\u0131lan uygulamalar yanl\u0131\u015ft\u0131r, bu uygulamalara da kat\u0131lm\u0131yoruz\u2019 demesi laz\u0131md\u0131. Tam tersine yap\u0131lan fi\u015flemeyi savunuyor. \u0130ki y\u00fczl\u00fc politikan\u0131n \u00f6mr\u00fc k\u0131sal\u0131yor. Ger\u00e7e\u011fi onlar\u0131n yaz\u0131lar\u0131ndan, a\u00e7\u0131klamalar\u0131ndan \u00f6\u011frenmi\u015f oluyoruz.\u201d<\/p>\n<p style=\"text-align: justify;\"><a href=\"http:\/\/www.cumhuriyet.com.tr\/?hn=332660\" target=\"_blank\">Kaynak : Cumhuriyet Haber Portal\u0131<\/a><\/p>\n","protected":false},"excerpt":{"rendered":"<p style=\"text-align: center;\">\n<p style=\"text-align: justify;\">CHP Genel Ba\u015fkan\u0131 Kemal K\u0131l\u0131\u00e7daro\u011flu, 28 \u015eubat soru\u015fturmas\u0131n\u0131n cad\u0131 av\u0131na d\u00f6n\u00fc\u015ft\u00fc\u011f\u00fcn\u00fc ve kendisini fi\u015fleyenin fi\u015flemelerden yak\u0131nan AKP \u0130ktidar\u0131 oldu\u011funu s\u00f6yledi.<\/p>\n<p style=\"text-align: justify;\">Saraybosna- CHP Genel Ba\u015fkan\u0131 Kemal K\u0131l\u0131\u00e7daro\u011flu, iki g\u00fcnl\u00fck Bosna Hersek ziyareti kapsam\u0131nda, T\u00fcrkiye\u2019nin Saraybosna B\u00fcy\u00fckel\u00e7ili\u011fi\u2019ni ziyaret etti ve B\u00fcy\u00fckel\u00e7i Ahmet Y\u0131ld\u0131z\u2019dan bilgi ald\u0131. <\/p>\n","protected":false},"author":1,"featured_media":0,"comment_status":"open","ping_status":"open","sticky":false,"template":"","format":"standard","meta":{"footnotes":""},"categories":[105],"tags":[],"class_list":["post-50794","post","type-post","status-publish","format-standard","hentry","category-gundem","odd"],"_links":{"self":[{"href":"http:\/\/www.korhanyilmaz.com\/index.php?rest_route=\/wp\/v2\/posts\/50794","targetHints":{"allow":["GET"]}}],"collection":[{"href":"http:\/\/www.korhanyilmaz.com\/index.php?rest_route=\/wp\/v2\/posts"}],"about":[{"href":"http:\/\/www.korhanyilmaz.com\/index.php?rest_route=\/wp\/v2\/types\/post"}],"author":[{"embeddable":true,"href":"http:\/\/www.korhanyilmaz.com\/index.php?rest_route=\/wp\/v2\/users\/1"}],"replies":[{"embeddable":true,"href":"http:\/\/www.korhanyilmaz.com\/index.php?rest_route=%2Fwp%2Fv2%2Fcomments&post=50794"}],"version-history":[{"count":0,"href":"http:\/\/www.korhanyilmaz.com\/index.php?rest_route=\/wp\/v2\/posts\/50794\/revisions"}],"wp:attachment":[{"href":"http:\/\/www.korhanyilmaz.com\/index.php?rest_route=%2Fwp%2Fv2%2Fmedia&parent=50794"}],"wp:term":[{"taxonomy":"category","embeddable":true,"href":"http:\/\/www.korhanyilmaz.com\/index.php?rest_route=%2Fwp%2Fv2%2Fcategories&post=50794"},{"taxonomy":"post_tag","embeddable":true,"href":"http:\/\/www.korhanyilmaz.com\/index.php?rest_route=%2Fwp%2Fv2%2Ftags&post=50794"}],"curies":[{"name":"wp","href":"https:\/\/api.w.org\/{rel}","templated":true}]}}