{"id":50772,"date":"2012-04-25T08:58:45","date_gmt":"2012-04-25T05:58:45","guid":{"rendered":"http:\/\/www.korhanyilmaz.com\/?p=50772"},"modified":"2012-04-26T01:35:23","modified_gmt":"2012-04-25T22:35:23","slug":"28-subatta-ucuncu-dalga","status":"publish","type":"post","link":"http:\/\/www.korhanyilmaz.com\/?p=50772","title":{"rendered":"28 \u015eubat&#8217;ta \u00fc\u00e7\u00fcnc\u00fc dalga"},"content":{"rendered":"<p style=\"text-align: center;\"><a href=\"http:\/\/www.korhanyilmaz.com\/wp-content\/uploads\/2012\/04\/E006.jpg\"  class=\"lightview\"><img loading=\"lazy\" decoding=\"async\" class=\"aligncenter  wp-image-50773\" src=\"http:\/\/www.korhanyilmaz.com\/wp-content\/uploads\/2012\/04\/E006.jpg\" alt=\"\" width=\"304\" height=\"228\" \/><\/a><\/p>\n<p style=\"text-align: justify;\">\u00d6zel yetkili Ankara Cumhuriyet Ba\u015fsavc\u0131vekilli\u011fi&#8217;nin y\u00fcr\u00fctt\u00fc\u011f\u00fc 28 \u015eubat Soru\u015fturmas\u0131 kapsam\u0131nda \u0130stanbul, Ankara, \u0130zmir ve Kars&#8217;ta belirlenen 12 adreste arama yap\u0131ld\u0131. G\u00f6zalt\u0131na al\u0131nanlar aras\u0131nda eski Jandarma Genel Komutan\u0131 emekli Orgeneral Fevzi T\u00fcrkeri ile emekli Korgeneral Y\u0131ld\u0131r\u0131m T\u00fcrker de bulunuyor.\u00a0<!--more--><\/p>\n<p style=\"text-align: justify;\">\u0130stanbul\/Ankara &#8211; \u00d6zel yetkili Ankara Cumhuriyet Ba\u015fsavc\u0131vekilli\u011fi, &#8221;CMK 250. madde ile yetkili ve g\u00f6revli Ankara Cumhuriyet Ba\u015fsavc\u0131vekilli\u011fi&#8217;nin 2011\/206 soru\u015fturma say\u0131l\u0131 dosyas\u0131 kapsam\u0131nda&#8221; kamuoyunda &#8221;28 \u015eubat s\u00fcreci&#8221; olarak bilinen ve &#8221;T\u00fcrkiye Cumhuriyeti h\u00fck\u00fcmetini ortadan kald\u0131rmaya veya g\u00f6revlerini yapmas\u0131n\u0131 k\u0131smen veya tamamen engellemeye te\u015febb\u00fcs etmek&#8221; su\u00e7lamas\u0131yla, 24 Nisan 2012 tarihinde Ankara 11. A\u011f\u0131r Ceza Mahkemesi&#8217;nden al\u0131nan arama karar\u0131 do\u011frultusunda, sabah 08.30 itibar\u0131yla Ankara&#8217;da 6, \u0130stanbul&#8217;da 2, \u0130zmir&#8217;de 3, Kars&#8217;ta 1 olmak \u00fczere toplam 12 ayr\u0131 adreste arama yap\u0131ld\u0131. Soru\u015fturma kapsam\u0131nda 7&#8217;si muvazzaf, 6&#8217;s\u0131 emekli 13 \u015f\u00fcpheli hakk\u0131nda g\u00f6zalt\u0131 karar\u0131 verildi.<\/p>\n<p style=\"text-align: justify;\">Askeri mahallerdeki aramalar\u0131n Cumhuriyet savc\u0131s\u0131 denetiminde, Merkez Komutanl\u0131\u011f\u0131 g\u00f6revlileri taraf\u0131ndan ger\u00e7ekle\u015ftirildi.<\/p>\n<p style=\"text-align: justify;\">Soru\u015fturma kapsam\u0131nda g\u00f6zalt\u0131 karar\u0131 verilenlerin kimlikleri \u015f\u00f6yle:<\/p>\n<p style=\"text-align: justify;\"><strong>ANKARA\u00a0<\/strong><\/p>\n<p style=\"text-align: justify;\">Emekli Orgeneral Fevzi T\u00fcrkeri<\/p>\n<p style=\"text-align: justify;\">Emekli Korgeneral Y\u0131ld\u0131r\u0131m T\u00fcrker<\/p>\n<p style=\"text-align: justify;\">Tu\u011fgeneral Lokman Ekinci<\/p>\n<p style=\"text-align: justify;\">Tu\u011fgeneral \u0130smail Hakk\u0131 \u00d6nder<\/p>\n<p style=\"text-align: justify;\">Albay Yahya Kemal Yak\u0131\u015fkan<\/p>\n<p style=\"text-align: justify;\">Emekli Astsubay \u015eeref Kavalal\u0131<\/p>\n<p style=\"text-align: justify;\"><strong>\u0130ZM\u0130R\u00a0<\/strong><\/p>\n<p style=\"text-align: justify;\">Albay Mustafa K\u00f6seo\u011flu<\/p>\n<p style=\"text-align: justify;\">Albay Mehmet Ha\u015fimo\u011flu<\/p>\n<p style=\"text-align: justify;\">Emekli Albay Cemal Hakan Pelit<\/p>\n<p style=\"text-align: justify;\"><strong>\u0130STANBUL\u00a0<\/strong><\/p>\n<p style=\"text-align: justify;\">Albay Atilla Kurtay<\/p>\n<p style=\"text-align: justify;\">Emekli Albay Mehmet Ayg\u00fcner<\/p>\n<p style=\"text-align: justify;\">Emekli Y\u00fczba\u015f\u0131 Tanju Sirmen<\/p>\n<p style=\"text-align: justify;\"><strong>KARS\u00a0<\/strong><\/p>\n<p style=\"text-align: justify;\">Astsubay Adem Demir<\/p>\n<p style=\"text-align: justify;\"><strong>G\u00fcnboyu hareketlilik\u00a0<\/strong><\/p>\n<p style=\"text-align: justify;\">\u00d6zel yetkili Ankara Cumhuriyet Ba\u015fsavc\u0131vekilli\u011fi&#8217;nin y\u00fcr\u00fctt\u00fc\u011f\u00fc 28 \u015eubat Soru\u015fturmas\u0131 kapsam\u0131nda Ankara&#8217;daki evinde arama yap\u0131lan emekli Orgeneral Fevzi T\u00fcrkeri ve emekli Korgeneral Y\u0131ld\u0131r\u0131m T\u00fcrker ile emekli Astsubay \u015eeref Kavalal\u0131 g\u00f6zalt\u0131na al\u0131nd\u0131.<\/p>\n<p style=\"text-align: justify;\">Ankara&#8217;da ger\u00e7ekle\u015ftirilen arama ve g\u00f6zalt\u0131lar\u0131n, yasalara ve usule son derece uygun yap\u0131ld\u0131\u011f\u0131 belirtildi. Sabah saat 08.00&#8217;den \u00f6nce arama yap\u0131lmad\u0131\u011f\u0131 gibi haklar\u0131nda g\u00f6zalt\u0131 karar\u0131 bulunan ki\u015filerin evlerine saat 08.00&#8217;den sonra gidildi.<\/p>\n<p style=\"text-align: justify;\">Aramalara Merkez Komutanl\u0131\u011f\u0131 yetkilileri ve askeri savc\u0131lar da kat\u0131ld\u0131. G\u00f6zalt\u0131 karar\u0131 bulunan ki\u015filerin avukatlar\u0131 da aramalarda haz\u0131r bulunurken, avukat\u0131 bulunmayan ki\u015filere avukat tayin edildi.<\/p>\n<p style=\"text-align: justify;\">\u0130zmir Emniyet M\u00fcd\u00fcrl\u00fc\u011f\u00fc Ter\u00f6rle M\u00fccadele \u015eube ekiplerince, Narl\u0131dere askeri lojmanlar\u0131ndaki evlerinde arama yap\u0131lan albaylar Mustafa K\u00f6seo\u011flu ile Mehmet Ha\u015fimo\u011flu g\u00f6zalt\u0131na al\u0131nd\u0131.<\/p>\n<p style=\"text-align: justify;\">\u00a0Kar\u015f\u0131yaka&#8217;daki evinde arama yap\u0131lan emekli Albay Cemal Hakan Pelit&#8217;in ise il d\u0131\u015f\u0131nda oldu\u011fu \u00f6\u011frenildi.<\/p>\n<p style=\"text-align: justify;\">\u0130stanbul Ter\u00f6rle M\u00fccadele \u015eube M\u00fcd\u00fcrl\u00fc\u011f\u00fc ekipleri, emekli Albay Mehmet Ayg\u00fcner&#8217;e ait oldu\u011fu belirtilen Kad\u0131k\u00f6y Sahray\u0131cedid Mahallesi M\u00fcminderesi Sokak&#8217;taki ev ile emekli Y\u00fczba\u015f\u0131 Tanju Sirmen&#8217;e ait oldu\u011fu kaydedilen Maltepe Feyzullah Mahallesi K\u00f6ro\u011flu Sokak&#8217;taki evde arama yapt\u0131.<\/p>\n<p style=\"text-align: justify;\">Araman\u0131n ard\u0131ndan emekli Albay Mehmet Ayg\u00fcner ile emekli Y\u00fczba\u015f\u0131 Tanju Sirmen, g\u00f6zalt\u0131na al\u0131nd\u0131.<\/p>\n<p style=\"text-align: justify;\">Bu arada, hakk\u0131nda g\u00f6zalt\u0131 karar\u0131 bulunan, ikameti \u0130stanbul&#8217;da g\u00f6r\u00fcnen Albay Atilla Kurtay&#8217;\u0131n Ardahan&#8217;da oldu\u011fu belirlendi.<\/p>\n<p style=\"text-align: justify;\">14. Mekanize Piyade Tugay Komutanl\u0131\u011f\u0131&#8217;nda g\u00f6revli Astsubay Adem Demir&#8217;in askeri lojmanlardaki evinde arama yap\u0131ld\u0131.<\/p>\n<p style=\"text-align: justify;\"><strong>26 ki\u015fi tutuklu\u00a0<\/strong><\/p>\n<p style=\"text-align: justify;\">Ankara Cumhuriyet Ba\u015fsavc\u0131vekilli\u011fi&#8217;nin y\u00fcr\u00fctt\u00fc\u011f\u00fc soru\u015fturmada ilk dalga 12 Nisan&#8217;da ger\u00e7ekle\u015fmi\u015f, d\u00f6nemin Genelkurmay 2. Ba\u015fkan\u0131 \u00c7evik Bir dahil 18 ki\u015fi tutuklanm\u0131\u015ft\u0131. 19 Nisan&#8217;daki ikinci dalgada da d\u00f6nemin Genelkurmay Genel Sekreteri emekli T\u00fcmgeneral Erol \u00d6zkasnak dahil 8 ki\u015fi tutuklanm\u0131\u015ft\u0131. \u0130ki dalga sonunda soru\u015fturma kapsam\u0131nda tutuklanan ki\u015fi say\u0131s\u0131 26&#8217;ya y\u00fckseldi.<\/p>\n<p style=\"text-align: justify;\"><a href=\"http:\/\/www.cumhuriyet.com.tr\/?hn=332528\" target=\"_blank\">Kaynak : Cumhuriyet Haber Portal\u0131<\/a><\/p>\n","protected":false},"excerpt":{"rendered":"<p style=\"text-align: center;\">\n<p style=\"text-align: justify;\">\u00d6zel yetkili Ankara Cumhuriyet Ba\u015fsavc\u0131vekilli\u011fi&#8217;nin y\u00fcr\u00fctt\u00fc\u011f\u00fc 28 \u015eubat Soru\u015fturmas\u0131 kapsam\u0131nda \u0130stanbul, Ankara, \u0130zmir ve Kars&#8217;ta belirlenen 12 adreste arama yap\u0131ld\u0131. G\u00f6zalt\u0131na al\u0131nanlar aras\u0131nda eski Jandarma Genel Komutan\u0131 emekli Orgeneral Fevzi T\u00fcrkeri ile emekli Korgeneral Y\u0131ld\u0131r\u0131m T\u00fcrker de bulunuyor. <\/p>\n","protected":false},"author":1,"featured_media":0,"comment_status":"open","ping_status":"open","sticky":false,"template":"","format":"standard","meta":{"footnotes":""},"categories":[105],"tags":[976],"class_list":["post-50772","post","type-post","status-publish","format-standard","hentry","category-gundem","tag-28-subat-sorusturmasi","odd"],"_links":{"self":[{"href":"http:\/\/www.korhanyilmaz.com\/index.php?rest_route=\/wp\/v2\/posts\/50772","targetHints":{"allow":["GET"]}}],"collection":[{"href":"http:\/\/www.korhanyilmaz.com\/index.php?rest_route=\/wp\/v2\/posts"}],"about":[{"href":"http:\/\/www.korhanyilmaz.com\/index.php?rest_route=\/wp\/v2\/types\/post"}],"author":[{"embeddable":true,"href":"http:\/\/www.korhanyilmaz.com\/index.php?rest_route=\/wp\/v2\/users\/1"}],"replies":[{"embeddable":true,"href":"http:\/\/www.korhanyilmaz.com\/index.php?rest_route=%2Fwp%2Fv2%2Fcomments&post=50772"}],"version-history":[{"count":0,"href":"http:\/\/www.korhanyilmaz.com\/index.php?rest_route=\/wp\/v2\/posts\/50772\/revisions"}],"wp:attachment":[{"href":"http:\/\/www.korhanyilmaz.com\/index.php?rest_route=%2Fwp%2Fv2%2Fmedia&parent=50772"}],"wp:term":[{"taxonomy":"category","embeddable":true,"href":"http:\/\/www.korhanyilmaz.com\/index.php?rest_route=%2Fwp%2Fv2%2Fcategories&post=50772"},{"taxonomy":"post_tag","embeddable":true,"href":"http:\/\/www.korhanyilmaz.com\/index.php?rest_route=%2Fwp%2Fv2%2Ftags&post=50772"}],"curies":[{"name":"wp","href":"https:\/\/api.w.org\/{rel}","templated":true}]}}