{"id":50765,"date":"2012-04-25T17:25:20","date_gmt":"2012-04-25T14:25:20","guid":{"rendered":"http:\/\/www.korhanyilmaz.com\/?p=50765"},"modified":"2012-04-26T01:17:04","modified_gmt":"2012-04-25T22:17:04","slug":"imam-hatipler-milletin-gozbebegi-olacak","status":"publish","type":"post","link":"http:\/\/www.korhanyilmaz.com\/?p=50765","title":{"rendered":"&#8220;\u0130mam hatipler milletin g\u00f6zbebe\u011fi olacak&#8221;"},"content":{"rendered":"<p style=\"text-align: center;\"><a href=\"http:\/\/www.korhanyilmaz.com\/wp-content\/uploads\/2012\/04\/E004.jpg\"  class=\"lightview\"><img loading=\"lazy\" decoding=\"async\" class=\"aligncenter  wp-image-50766\" src=\"http:\/\/www.korhanyilmaz.com\/wp-content\/uploads\/2012\/04\/E004.jpg\" alt=\"\" width=\"396\" height=\"180\" \/><\/a><\/p>\n<p style=\"text-align: justify;\">Ba\u015fbakan Recep Tayyip Erdo\u011fan, video konferans y\u00f6ntemiyle kat\u0131ld\u0131\u011f\u0131 \u0130mam Hatip Lisesi Mezunlar\u0131 ve Mensuplar\u0131 Derne\u011fi&#8217;nin Kutlu Do\u011fum Haftas\u0131 etkinli\u011finde yapt\u0131\u011f\u0131 konu\u015fmada, &#8220;\u0130mam hatip okullar\u0131, bu \u00fclkenin ve bu milletin g\u00f6z bebe\u011fi olacakt\u0131r&#8221; dedi.<!--more--><\/p>\n<p style=\"text-align: justify;\">ANKARA &#8211; Ba\u015fbakan Recep Tayyip Erdo\u011fan, video konferans y\u00f6ntemiyle kat\u0131ld\u0131\u011f\u0131 \u0130mam Hatip Lisesi Mezunlar\u0131 ve Mensuplar\u0131 Derne\u011fi&#8217;nin Kutlu Do\u011fum Haftas\u0131 etkinli\u011finde yapt\u0131\u011f\u0131 konu\u015fmada, \u201c\u0130mam hatip okullar\u0131, bu \u00fclkenin ve bu milletin g\u00f6z bebe\u011fi olacakt\u0131r. \u0130mam hatip okullar\u0131, aziz milletimizin, tam anlam\u0131yla var\u0131n\u0131 yo\u011funu ortaya koyup in\u015fa ettirdi\u011fi, ya\u015fatt\u0131\u011f\u0131, koruyup kollad\u0131\u011f\u0131 okullard\u0131r. Bir bask\u0131 ve zul\u00fcm neticesinde kapat\u0131lan imam hatiplerin orta k\u0131s\u0131mlar\u0131n\u0131, yapt\u0131\u011f\u0131m\u0131z bu d\u00fczenlemeyle yeniden a\u00e7t\u0131k. Bizlere, bunu nasip etti\u011fi i\u00e7in de Rabbime \u015f\u00fckrediyorum\u201d dedi.<\/p>\n<p style=\"text-align: justify;\"><a href=\"http:\/\/www.gazeteport.com.tr\/haber\/91657\/quotimam_hatipler_milletin_gozbebegi_olacakquot\" target=\"_blank\">Kaynak : GAZETEPORT<\/a><\/p>\n","protected":false},"excerpt":{"rendered":"<p style=\"text-align: center;\">\n<p style=\"text-align: justify;\">Ba\u015fbakan Recep Tayyip Erdo\u011fan, video konferans y\u00f6ntemiyle kat\u0131ld\u0131\u011f\u0131 \u0130mam Hatip Lisesi Mezunlar\u0131 ve Mensuplar\u0131 Derne\u011fi&#8217;nin Kutlu Do\u011fum Haftas\u0131 etkinli\u011finde yapt\u0131\u011f\u0131 konu\u015fmada, &#8220;\u0130mam hatip okullar\u0131, bu \u00fclkenin ve bu milletin g\u00f6z bebe\u011fi olacakt\u0131r&#8221; dedi.<\/p>\n","protected":false},"author":1,"featured_media":0,"comment_status":"open","ping_status":"open","sticky":false,"template":"","format":"standard","meta":{"footnotes":""},"categories":[105],"tags":[],"class_list":["post-50765","post","type-post","status-publish","format-standard","hentry","category-gundem","odd"],"_links":{"self":[{"href":"http:\/\/www.korhanyilmaz.com\/index.php?rest_route=\/wp\/v2\/posts\/50765","targetHints":{"allow":["GET"]}}],"collection":[{"href":"http:\/\/www.korhanyilmaz.com\/index.php?rest_route=\/wp\/v2\/posts"}],"about":[{"href":"http:\/\/www.korhanyilmaz.com\/index.php?rest_route=\/wp\/v2\/types\/post"}],"author":[{"embeddable":true,"href":"http:\/\/www.korhanyilmaz.com\/index.php?rest_route=\/wp\/v2\/users\/1"}],"replies":[{"embeddable":true,"href":"http:\/\/www.korhanyilmaz.com\/index.php?rest_route=%2Fwp%2Fv2%2Fcomments&post=50765"}],"version-history":[{"count":0,"href":"http:\/\/www.korhanyilmaz.com\/index.php?rest_route=\/wp\/v2\/posts\/50765\/revisions"}],"wp:attachment":[{"href":"http:\/\/www.korhanyilmaz.com\/index.php?rest_route=%2Fwp%2Fv2%2Fmedia&parent=50765"}],"wp:term":[{"taxonomy":"category","embeddable":true,"href":"http:\/\/www.korhanyilmaz.com\/index.php?rest_route=%2Fwp%2Fv2%2Fcategories&post=50765"},{"taxonomy":"post_tag","embeddable":true,"href":"http:\/\/www.korhanyilmaz.com\/index.php?rest_route=%2Fwp%2Fv2%2Ftags&post=50765"}],"curies":[{"name":"wp","href":"https:\/\/api.w.org\/{rel}","templated":true}]}}