{"id":50754,"date":"2012-04-25T13:05:33","date_gmt":"2012-04-25T10:05:33","guid":{"rendered":"http:\/\/www.korhanyilmaz.com\/?p=50754"},"modified":"2012-04-26T01:11:01","modified_gmt":"2012-04-25T22:11:01","slug":"turkiye-gulenin-egemenligini-hissediyor","status":"publish","type":"post","link":"http:\/\/www.korhanyilmaz.com\/?p=50754","title":{"rendered":"&#8216;T\u00fcrkiye, G\u00fclen&#8217;in egemenli\u011fini hissediyor&#8217;"},"content":{"rendered":"<p style=\"text-align: center;\"><a href=\"http:\/\/www.korhanyilmaz.com\/wp-content\/uploads\/2012\/04\/E001.jpg\"  class=\"lightview\"><img loading=\"lazy\" decoding=\"async\" class=\"aligncenter  wp-image-50755\" src=\"http:\/\/www.korhanyilmaz.com\/wp-content\/uploads\/2012\/04\/E001.jpg\" alt=\"\" width=\"276\" height=\"207\" \/><\/a><\/p>\n<p style=\"text-align: justify;\">The New York Times, &#8220;T\u00fcrkiye, ABD&#8217;de inzivaya \u00e7ekilmi\u015f din adam\u0131n\u0131n egemenli\u011fini hissediyor&#8221; yorumunu yapt\u0131.<\/p>\n<p style=\"text-align: justify;\">Ankara- ABD bas\u0131n\u0131, \u00fclkede ya\u015fayan Fettullah G\u00fclen&#8217;in, T\u00fcrkiye \u00fczerinde etkisi oldu\u011funa dikkat \u00e7ekiyor.<\/p>\n<p style=\"text-align: justify;\">The New York Times gazetesi, &#8220;T\u00fcrkiye, ABD&#8217;de inzivaya \u00e7ekilmi\u015f din adam\u0131n\u0131n egemenli\u011fini hissediyor&#8221; yorumunu yaparak, \u00fcst d\u00fczey bir Amerikan yetkilisinin, &#8220;G\u00fclen hareketinin bilinmezlerle dolu do\u011fas\u0131ndan dolay\u0131 tedirginiz. Her \u015fey bir sapt\u0131rmaca, g\u00f6z boyama. Etki ve g\u00fc\u00e7 istedikleri \u00e7ok a\u00e7\u0131k. Laik T\u00fcrkiye&#8217;ye meydan okumak i\u00e7in gizli bir ajandalar\u0131n\u0131n oldu\u011fundan endi\u015fe duyuyoruz ve \u00fclke daha \u0130slami bir y\u00f6nde ilerliyor&#8221; ifadelerine yer verdi.\u00a0<!--more--><\/p>\n<p style=\"text-align: justify;\">ABD&#8217;nin sayg\u0131n gazetelerinden The New York Times, &#8220;T\u00fcrkiye, ABD&#8217;de inzivaya \u00e7ekilmi\u015f din adam\u0131n\u0131n egemenli\u011fini hissediyor&#8221; ba\u015fl\u0131kl\u0131 geni\u015f haberinde, Ahmet \u015e\u0131k&#8217;\u0131n tutuklanmas\u0131n\u0131n, ABD&#8217;de ya\u015fayan Fettullah G\u00fclen ile ba\u011flant\u0131l\u0131 olabilece\u011fi ifadelerine yer vererek, G\u00fclen&#8217;i &#8220;Milyonlarca takip\u00e7isi ve 140 \u00fclkede bulunan okullar\u0131yla d\u00fcnyan\u0131n en etkili \u0130slami hareketlerinden birinin karizmatik vaizi&#8221; diye nitelendirdi.<\/p>\n<p style=\"text-align: justify;\">Ergenekon soru\u015fturmalar\u0131na da i\u015faret eden gazete, &#8220;Ancak taktikler ve \u015feffaf olmaman\u0131n yan\u0131 s\u0131ra hareketin g\u00fcc\u00fcn\u00fcn gizlice yay\u0131lmas\u0131 \u015fuan Say\u0131n G\u00fclen&#8217;in destek\u00e7ilerinin n\u00fcfuslar\u0131n\u0131 daha fazla muhafazakar bir T\u00fcrkiye yaratmak amac\u0131yla muhaliflere kar\u015f\u0131 bir cad\u0131 av\u0131 i\u00e7in T\u00fcrkiye&#8217;deki mahkemelerde ve poliste ve istihbarat servisinde kulland\u0131klar\u0131 y\u00f6n\u00fcnde bir su\u00e7lama ortaya \u00e7\u0131kart\u0131yor&#8221; de\u011ferlendirmesini yapt\u0131.<\/p>\n<p style=\"text-align: justify;\"><strong>&#8220;Etki ve g\u00fc\u00e7 istedikleri \u00e7ok a\u00e7\u0131k&#8221;<\/strong><\/p>\n<p style=\"text-align: justify;\">\u00dcst d\u00fczey bir Amerikan yetkilisinin, &#8220;G\u00fclen hareketinin bilinmezlerle dolu do\u011fas\u0131ndan dolay\u0131 tedirginiz her \u015fey bir sapt\u0131rmaca, g\u00f6z boyama. Etki ve g\u00fc\u00e7 istedikleri \u00e7ok a\u00e7\u0131k. Laik T\u00fcrkiye&#8217;ye meydan okumak i\u00e7in gizli bir ajandalar\u0131n\u0131n oldu\u011fundan endi\u015fe duyuyoruz ve \u00fclke daha \u0130slami bir y\u00f6nde ilerliyor&#8221; ifadelerine yer veren NYT, hareketin, T\u00fcrk medyas\u0131n\u0131n g\u00fc\u00e7l\u00fc par\u00e7alar\u0131yla yak\u0131n ili\u015fkisi oldu\u011funa ya da harekete sempati duyuldu\u011funa dikkat \u00e7ekti.<\/p>\n<p style=\"text-align: justify;\"><strong>&#8220;Erdo\u011fan ve AKP daha temkinli&#8221;\u00a0<\/strong><\/p>\n<p style=\"text-align: justify;\">Gazete, Fettullah G\u00fclen&#8217;in, destekledi\u011fi &#8220;de\u011fi\u015fken ve pop\u00fclist, otoritesine herhangi bir meydan okumaya kar\u015f\u0131 duyarl\u0131&#8221; Ba\u015fbakan Recep Tayyip Erdo\u011fan ile ili\u015fkinin bazen gerilimli oldu\u011funu savunarak, analistlerin, G\u00fclen hareketini ele\u015ftiren \u00fcnl\u00fc ki\u015fileri tutuklaman\u0131n h\u00fck\u00fcmeti utand\u0131rd\u0131\u011f\u0131 i\u00e7in, Erdo\u011fan ve AKP \u00fcyelerinin, giderek artan bir \u015fekilde daha temkinli oldu\u011fu iddias\u0131na yer verdi.<\/p>\n<p style=\"text-align: justify;\">Fettullah G\u00fclen sempatizanlar\u0131n\u0131n, G\u00fclen&#8217;in amac\u0131n\u0131n bir &#8220;alt\u0131n nesil&#8221; yaratmak oldu\u011fu s\u00f6zlerine de yer veren NYT, &#8220;2002&#8217;den bu yana Say\u0131n Erdo\u011fan&#8217;\u0131n h\u00fck\u00fcmetinin y\u00fckseli\u015fi g\u00fc\u00e7 dengesini radikal bir bi\u00e7imde de\u011fi\u015ftirdi&#8221; yorumunu yapt\u0131.<\/p>\n<p style=\"text-align: justify;\"><a href=\"http:\/\/www.cumhuriyet.com.tr\/?hn=332596\" target=\"_blank\">Kaynak : Cumhuriyet Haber Portal\u0131<\/a><\/p>\n","protected":false},"excerpt":{"rendered":"<p style=\"text-align: center;\">\n<p style=\"text-align: justify;\">The New York Times, &#8220;T\u00fcrkiye, ABD&#8217;de inzivaya \u00e7ekilmi\u015f din adam\u0131n\u0131n egemenli\u011fini hissediyor&#8221; yorumunu yapt\u0131.<\/p>\n<p style=\"text-align: justify;\">Ankara- ABD bas\u0131n\u0131, \u00fclkede ya\u015fayan Fettullah G\u00fclen&#8217;in, T\u00fcrkiye \u00fczerinde etkisi oldu\u011funa dikkat \u00e7ekiyor.<\/p>\n<p style=\"text-align: justify;\">The New York Times gazetesi, &#8220;T\u00fcrkiye, ABD&#8217;de inzivaya \u00e7ekilmi\u015f din adam\u0131n\u0131n egemenli\u011fini hissediyor&#8221; yorumunu yaparak, \u00fcst d\u00fczey bir Amerikan <\/p>\n","protected":false},"author":1,"featured_media":0,"comment_status":"open","ping_status":"open","sticky":false,"template":"","format":"standard","meta":{"footnotes":""},"categories":[105],"tags":[310],"class_list":["post-50754","post","type-post","status-publish","format-standard","hentry","category-gundem","tag-fethullah-gulen","odd"],"_links":{"self":[{"href":"http:\/\/www.korhanyilmaz.com\/index.php?rest_route=\/wp\/v2\/posts\/50754","targetHints":{"allow":["GET"]}}],"collection":[{"href":"http:\/\/www.korhanyilmaz.com\/index.php?rest_route=\/wp\/v2\/posts"}],"about":[{"href":"http:\/\/www.korhanyilmaz.com\/index.php?rest_route=\/wp\/v2\/types\/post"}],"author":[{"embeddable":true,"href":"http:\/\/www.korhanyilmaz.com\/index.php?rest_route=\/wp\/v2\/users\/1"}],"replies":[{"embeddable":true,"href":"http:\/\/www.korhanyilmaz.com\/index.php?rest_route=%2Fwp%2Fv2%2Fcomments&post=50754"}],"version-history":[{"count":0,"href":"http:\/\/www.korhanyilmaz.com\/index.php?rest_route=\/wp\/v2\/posts\/50754\/revisions"}],"wp:attachment":[{"href":"http:\/\/www.korhanyilmaz.com\/index.php?rest_route=%2Fwp%2Fv2%2Fmedia&parent=50754"}],"wp:term":[{"taxonomy":"category","embeddable":true,"href":"http:\/\/www.korhanyilmaz.com\/index.php?rest_route=%2Fwp%2Fv2%2Fcategories&post=50754"},{"taxonomy":"post_tag","embeddable":true,"href":"http:\/\/www.korhanyilmaz.com\/index.php?rest_route=%2Fwp%2Fv2%2Ftags&post=50754"}],"curies":[{"name":"wp","href":"https:\/\/api.w.org\/{rel}","templated":true}]}}