{"id":50745,"date":"2012-04-24T08:12:43","date_gmt":"2012-04-24T05:12:43","guid":{"rendered":"http:\/\/www.korhanyilmaz.com\/?p=50745"},"modified":"2012-04-26T09:41:19","modified_gmt":"2012-04-26T06:41:19","slug":"necdet-bey","status":"publish","type":"post","link":"http:\/\/www.korhanyilmaz.com\/?p=50745","title":{"rendered":"Necdet bey&#8230;"},"content":{"rendered":"<div id=\"attachment_37365\" style=\"width: 100px\" class=\"wp-caption alignright\"><img loading=\"lazy\" decoding=\"async\" aria-describedby=\"caption-attachment-37365\" class=\" wp-image-37365  \" title=\"Y\u0131lmaz \u00d6zdil - H\u00fcrriyet Gazetesi\" src=\"http:\/\/www.korhanyilmaz.com\/wp-content\/uploads\/2011\/07\/257.jpg\" alt=\"\" width=\"90\" height=\"96\" \/><p id=\"caption-attachment-37365\" class=\"wp-caption-text\">Y\u0131lmaz \u00d6zdil<\/p><\/div>\n<p style=\"text-align: justify;\">Orgeneral Necdet \u00d6zel\u2019e iletilmesi ricas\u0131yla, Genelkurmay Ba\u015fkanl\u0131\u011f\u0131, \u00c7ankaya, Ankara.<\/p>\n<p style=\"text-align: justify;\">Necdet bey&#8230;<br \/>\nBu sene mesela, ka\u00e7 subay hapse girdi?<br \/>\nBiliyoruz.<br \/>\nAdalet Bakanl\u0131\u011f\u0131 g\u00fcn g\u00fcn, isim isim a\u00e7\u0131kl\u0131yor.<\/p>\n<p style=\"text-align: justify;\">\u00dclkeye ka\u00e7 dolar girdi?<br \/>\nCent cent&#8230;<br \/>\nMerkez Bankas\u0131 duyuruyor.<!--more--><\/p>\n<p style=\"text-align: justify;\">Memlekete ka\u00e7 turist girdi?<br \/>\nSor, Turizm Bakanl\u0131\u011f\u0131\u2019na&#8230;<br \/>\nS\u00f6ylesin.<br \/>\n\u0130statisti\u011fi tutuluyor.<\/p>\n<p style=\"text-align: justify;\">Ka\u00e7 ki\u015fi i\u015fe girdi?<br \/>\nKa\u00e7 ki\u015fi ev taksitine girdi?<br \/>\nKa\u00e7 ki\u015fi \u00fcniversiteye girdi?<br \/>\nKa\u00e7 ki\u015fi sinemaya girdi?<br \/>\nKa\u00e7 ki\u015fi ma\u00e7a girdi?<br \/>\nHepsini biliyoruz.<\/p>\n<p style=\"text-align: justify;\">K\u00fcmese ka\u00e7 tavuk girdi?<br \/>\nA\u011f\u0131la ka\u00e7 koyun girdi?<br \/>\nAh\u0131ra ka\u00e7 e\u015fek girdi?<br \/>\nTek tek say\u0131l\u0131yor.<\/p>\n<p style=\"text-align: justify;\">Ka\u00e7 ki\u015fi gerde\u011fe girdi?<br \/>\nOnu bile biliyoruz.<br \/>\nT\u00fcik\u2019in sitesinde yaz\u0131yor.<\/p>\n<p style=\"text-align: justify;\">23 Nisan&#8230;<br \/>\nAn\u0131tkabir\u2019e ka\u00e7 ki\u015fi girdi?<br \/>\nBilmiyoruz!<\/p>\n<p style=\"text-align: justify;\">Niye bilmiyoruz karde\u015fim?<\/p>\n<p style=\"text-align: justify;\">Genelkurmay Ba\u015fkanl\u0131\u011f\u0131\u2019n\u0131n resmi internet sitesindeki <strong>\u201cAn\u0131tkabir ziyaret\u00e7i say\u0131s\u0131\u201d<\/strong>n\u0131 neden kald\u0131rd\u0131n\u0131z? An\u0131tkabir\u2019e giren yurtta\u015f say\u0131s\u0131, T\u00fcrkiye\u2019ye giren angus say\u0131s\u0131ndan \u00f6nemsiz midir?<\/p>\n<p style=\"text-align: justify;\">Emir mi ald\u0131n\u0131z?<br \/>\nSizin emriniz mi?<br \/>\nBilmek istiyoruz.<\/p>\n<p style=\"text-align: justify;\">(Konuyla ilgili olarak Milli Savunma Bakan\u0131\u2019na soru \u00f6nergesi verildi. L\u00fctfedilip cevap verilmedi. Ger\u00e7e\u011fi \u00f6\u011frenebilmek i\u00e7in senelerce WikiLeaks belgelerinin a\u00e7\u0131klanmas\u0131n\u0131 m\u0131 bekleyece\u011fiz?)<\/p>\n<p style=\"text-align: justify;\">En son gitti\u011finizde, An\u0131tkabir \u00d6zel Defteri\u2019ne<strong> \u201cAtat\u00fcrk\u00e7\u00fc d\u00fc\u015f\u00fcnce sisteminin \u0131\u015f\u0131\u011f\u0131 alt\u0131nda, bize verilen b\u00fct\u00fcn g\u00f6revleri yerine getirmeye haz\u0131r\u0131z\u201d<\/strong> yazm\u0131\u015ft\u0131n\u0131z.<br \/>\nAn\u0131tkabir kanunen size ba\u011fl\u0131&#8230; G\u00f6revinizi yerine getirin.<\/p>\n<p style=\"text-align: justify;\">Atat\u00fcrk\u00e7\u00fcl\u00fc\u011f\u00fc saymak&#8230;<br \/>\nSizin i\u015finiz.<br \/>\nSay\u0131n Necdet bey&#8230;<br \/>\nSay\u0131n.<\/p>\n<p style=\"text-align: justify;\">Sevgilerimle olmasa da&#8230;<br \/>\nSay\u2019g\u0131lar\u0131mla.<br \/>\nY\u0131lmaz<\/p>\n<p style=\"text-align: justify;\"><a href=\"http:\/\/www.hurriyet.com.tr\/yazarlar\/20406629.asp\" target=\"_blank\">Kaynak : H\u00fcrriyet.com.tr<\/a><\/p>\n","protected":false},"excerpt":{"rendered":"<p id=\"caption-attachment-37365\" class=\"wp-caption-text\">Y\u0131lmaz \u00d6zdil<\/p>\n<p style=\"text-align: justify;\">Orgeneral Necdet \u00d6zel\u2019e iletilmesi ricas\u0131yla, Genelkurmay Ba\u015fkanl\u0131\u011f\u0131, \u00c7ankaya, Ankara.<\/p>\n<p style=\"text-align: justify;\">Necdet bey&#8230; Bu sene mesela, ka\u00e7 subay hapse girdi? Biliyoruz. Adalet Bakanl\u0131\u011f\u0131 g\u00fcn g\u00fcn, isim isim a\u00e7\u0131kl\u0131yor.<\/p>\n<p style=\"text-align: justify;\">\u00dclkeye ka\u00e7 dolar girdi? Cent cent&#8230; Merkez Bankas\u0131 duyuruyor.<\/p>\n","protected":false},"author":1,"featured_media":0,"comment_status":"open","ping_status":"open","sticky":false,"template":"","format":"standard","meta":{"footnotes":""},"categories":[16],"tags":[30],"class_list":["post-50745","post","type-post","status-publish","format-standard","hentry","category-kose-yazilari","tag-yilmaz-ozdil","odd"],"_links":{"self":[{"href":"http:\/\/www.korhanyilmaz.com\/index.php?rest_route=\/wp\/v2\/posts\/50745","targetHints":{"allow":["GET"]}}],"collection":[{"href":"http:\/\/www.korhanyilmaz.com\/index.php?rest_route=\/wp\/v2\/posts"}],"about":[{"href":"http:\/\/www.korhanyilmaz.com\/index.php?rest_route=\/wp\/v2\/types\/post"}],"author":[{"embeddable":true,"href":"http:\/\/www.korhanyilmaz.com\/index.php?rest_route=\/wp\/v2\/users\/1"}],"replies":[{"embeddable":true,"href":"http:\/\/www.korhanyilmaz.com\/index.php?rest_route=%2Fwp%2Fv2%2Fcomments&post=50745"}],"version-history":[{"count":0,"href":"http:\/\/www.korhanyilmaz.com\/index.php?rest_route=\/wp\/v2\/posts\/50745\/revisions"}],"wp:attachment":[{"href":"http:\/\/www.korhanyilmaz.com\/index.php?rest_route=%2Fwp%2Fv2%2Fmedia&parent=50745"}],"wp:term":[{"taxonomy":"category","embeddable":true,"href":"http:\/\/www.korhanyilmaz.com\/index.php?rest_route=%2Fwp%2Fv2%2Fcategories&post=50745"},{"taxonomy":"post_tag","embeddable":true,"href":"http:\/\/www.korhanyilmaz.com\/index.php?rest_route=%2Fwp%2Fv2%2Ftags&post=50745"}],"curies":[{"name":"wp","href":"https:\/\/api.w.org\/{rel}","templated":true}]}}