{"id":50666,"date":"2012-04-20T15:48:11","date_gmt":"2012-04-20T12:48:11","guid":{"rendered":"http:\/\/www.korhanyilmaz.com\/?p=50666"},"modified":"2012-04-20T21:15:09","modified_gmt":"2012-04-20T18:15:09","slug":"pkk-silahi-biraktigi-anda-operasyonlar-durur","status":"publish","type":"post","link":"http:\/\/www.korhanyilmaz.com\/?p=50666","title":{"rendered":"&#8220;PKK silah\u0131 b\u0131rakt\u0131\u011f\u0131 anda operasyonlar durur&#8221;"},"content":{"rendered":"<p style=\"text-align: center;\"><a href=\"http:\/\/www.korhanyilmaz.com\/wp-content\/uploads\/2012\/04\/D0019.jpg\"  class=\"lightview\"><img loading=\"lazy\" decoding=\"async\" class=\"aligncenter  wp-image-50524\" title=\"D0019\" src=\"http:\/\/www.korhanyilmaz.com\/wp-content\/uploads\/2012\/04\/D0019.jpg\" alt=\"\" width=\"276\" height=\"207\" \/><\/a><\/p>\n<p style=\"text-align: justify;\">Ankara zirvesinin ard\u0131ndan Erdo\u011fan ve Barzani&#8217;den PKK&#8217;n\u0131n silah b\u0131rakmas\u0131n\u0131n \u00f6nko\u015ful oldu\u011funu vurgulayan a\u00e7\u0131klamalar geldi. Erdo\u011fan, &#8221;PKK, ter\u00f6r \u00f6rg\u00fct\u00fc silah b\u0131rakt\u0131\u011f\u0131 andan itibaren operasyonlar durur&#8221; dedi.<\/p>\n<p style=\"text-align: justify;\">Doha- Ba\u015fbakan Erdo\u011fan, 13. Birle\u015fmi\u015f Milletler Ticaret ve Kalk\u0131nma Konferans\u0131&#8217;na kat\u0131lmak i\u00e7in geldi\u011fi Doha&#8217;da gazetecilerin g\u00fcndemdeki konulara ili\u015fkin sorular\u0131n\u0131 yan\u0131tlad\u0131. Erdo\u011fan, bir gazetecinin ABD D\u0131\u015fi\u015fleri Bakan\u0131 Hillary Clinton&#8217;\u0131n Suriyeli muhaliflere yard\u0131mlar\u0131 organize etmek i\u00e7in T\u00fcrkiye&#8217;de bir merkez kurulaca\u011f\u0131na ili\u015fkin a\u00e7\u0131klamas\u0131n\u0131 hat\u0131rlatarak, bu merkezin nerede kurulaca\u011f\u0131 sorusu \u00fczerine, \u015f\u00f6yle konu\u015ftu:\u00a0<!--more--><\/p>\n<p style=\"text-align: justify;\">&#8221;\u015euanda hen\u00fcz bize yans\u0131m\u0131\u015f herhangi bir \u015fey yok. Fakat bildi\u011finiz gibi Birle\u015fmi\u015f Milletler G\u00fcvenlik Konseyi, \u015fuanda g\u00f6zlemcileri d\u00fcn Cenevre&#8217;de yap\u0131lan imza t\u00f6reniyle birlikte, Suriye&#8217;ye zaten g\u00f6ndermi\u015f durumda ve yeni bir taleple de 300 g\u00f6zlemci olma durumu s\u00f6z konusu. Bu g\u00f6zlemcilerin bir taraftan oraya g\u00f6nderilmesi, bir taraftan Suriye&#8217;de at\u0131lmas\u0131 gerekli ad\u0131mlarla alakal\u0131 olarak bu konuya \u00f6nem atfeden \u00fclkeler gerek biz gerek Arap Birli\u011fi, gerek Avrupa Birli\u011fi gerek Birle\u015fmi\u015f Milletler hep birlikte bu \u00e7al\u0131\u015fmay\u0131 y\u00fcr\u00fctmek suretiyle at\u0131lmas\u0131 gereken ad\u0131mlar\u0131 birlikte y\u00fcr\u00fctmekten yanay\u0131z. Kald\u0131 ki \u0130stanbul Zirvesi&#8217;nde de al\u0131nm\u0131\u015f baz\u0131 kararlar var. Bu kararlar \u00e7er\u00e7evesinde de s\u00fcreci y\u00fcr\u00fctmek isteriz.&#8221;<\/p>\n<p style=\"text-align: justify;\"><strong>&#8221;Silahlar b\u0131rak\u0131lmad\u0131\u011f\u0131 s\u00fcrece operasyonlar durmaz&#8221;\u00a0<\/strong><\/p>\n<p style=\"text-align: justify;\">Ba\u015fbakan Recep Tayyip Erdo\u011fan, bir gazetecinin, &#8221;Gelecek ay Irak&#8217;\u0131n Kuzeyi&#8217;nde K\u00fcrt Konferans\u0131&#8217;n\u0131n toplanaca\u011f\u0131 ve PKK&#8217;n\u0131n silahs\u0131zland\u0131r\u0131lmas\u0131na ili\u015fkin konunun ele al\u0131naca\u011f\u0131 ifade ediliyor. D\u00fcn Mesut Barzani&#8217;yle yapt\u0131\u011f\u0131n\u0131z g\u00f6r\u00fc\u015fmede bu konu de\u011ferlendirildi mi?&#8221; sorusu \u00fczerine \u015f\u00f6yle konu\u015ftu:<\/p>\n<p style=\"text-align: justify;\">&#8221;D\u00fcn g\u00fcndemimizde bu olmad\u0131 ama her zaman Kuzey Irak&#8217;la yapt\u0131\u011f\u0131m\u0131z g\u00f6r\u00fc\u015fmelerde g\u00fcndemde olan bir ba\u015fl\u0131k. \u00c7\u00fcnk\u00fc b\u00f6l\u00fcc\u00fc ter\u00f6r \u00f6rg\u00fct\u00fc, bizim \u00e7a\u011fr\u0131m\u0131z o, silah\u0131 b\u0131rakmas\u0131 laz\u0131m. Silah\u0131 b\u0131rakt\u0131\u011f\u0131 andan itibaren de zaten bizim T\u00fcrkiye Cumhuriyeti devleti olarak tavr\u0131m\u0131z nedir, tamam\u0131yla operasyonlar\u0131n durdurulmas\u0131 istikametindedir. Ama silahlar b\u0131rak\u0131lmad\u0131\u011f\u0131 s\u00fcrece tabii ki devletin de operasyonlar\u0131 durdurmas\u0131 s\u00f6z konusu de\u011fildir.&#8221;<\/p>\n<p style=\"text-align: justify;\"><strong>Irak&#8217;\u0131n gelece\u011fi\u00a0<\/strong><\/p>\n<p style=\"text-align: justify;\">Ba\u015fbakan Erdo\u011fan, &#8221;Irak merkezi y\u00f6netimi ile b\u00f6lgesel y\u00f6netim aras\u0131nda sorunlar var. Irak&#8217;ta y\u00f6netim modelinde de\u011fi\u015fiklik toprak b\u00fct\u00fcnl\u00fc\u011f\u00fc konusunda herhangi bir de\u011fi\u015fiklik endi\u015feniz var m\u0131?&#8221; sorusu \u00fczerine \u015funlar\u0131 kaydetti:<\/p>\n<p style=\"text-align: justify;\">&#8221;\u00d6yle bir temennimiz yok. \u00d6yle bir \u015feyi asla arzu etmeyiz. \u00c7\u00fcnk\u00fc biz ba\u015f\u0131ndan beri biliyorsunuz Irak&#8217;a y\u00f6nelik hedefimiz arzumuz, Irak&#8217;\u0131n toprak b\u00fct\u00fcnl\u00fc\u011f\u00fcd\u00fcr. Irak&#8217;\u0131n b\u00f6l\u00fcnmesinin par\u00e7alanmas\u0131n\u0131n hi\u00e7bir Irakl\u0131 vatanda\u015fa faydas\u0131 olmayaca\u011f\u0131 gibi kom\u015fu \u00fclke olarak karde\u015f \u00fclke olarak zay\u0131flanan b\u00f6l\u00fcnen bir Irak&#8217;\u0131n da gelece\u011fine y\u00f6nelik do\u011frusu burada sadece burada \u00fcz\u00fcnt\u00fcm\u00fcz\u00fc beyan ediyoruz. \u00c7\u00fcnk\u00fc b\u00f6l\u00fcnm\u00fc\u015f bir Irak kom\u015fu bir \u00fclke olarak gelece\u011fe y\u00f6nelik g\u00fc\u00e7l\u00fc bir Irak hi\u00e7bir zaman olmayacakt\u0131r. Bu Irak halk\u0131n\u0131 zay\u0131f d\u00fc\u015f\u00fcrecek, Irak devletini zay\u0131f d\u00fc\u015f\u00fcrecektir. Bunun i\u00e7in biz Irak&#8217;\u0131n toprak b\u00fct\u00fcnl\u00fc\u011f\u00fcnden yanay\u0131z. Temenni ederiz ki b\u00f6yle bir b\u00f6l\u00fcnmeye b\u00f6yle bir par\u00e7alanmaya kimse f\u0131rsat vermez.&#8221;<\/p>\n<p style=\"text-align: justify;\"><a href=\"http:\/\/www.cumhuriyet.com.tr\/?hn=331398\" target=\"_blank\">Kaynak : Cumhuriyet Haber Portal\u0131<\/a><\/p>\n","protected":false},"excerpt":{"rendered":"<p style=\"text-align: center;\">\n<p style=\"text-align: justify;\">Ankara zirvesinin ard\u0131ndan Erdo\u011fan ve Barzani&#8217;den PKK&#8217;n\u0131n silah b\u0131rakmas\u0131n\u0131n \u00f6nko\u015ful oldu\u011funu vurgulayan a\u00e7\u0131klamalar geldi. Erdo\u011fan, &#8221;PKK, ter\u00f6r \u00f6rg\u00fct\u00fc silah b\u0131rakt\u0131\u011f\u0131 andan itibaren operasyonlar durur&#8221; dedi.<\/p>\n<p style=\"text-align: justify;\">Doha- Ba\u015fbakan Erdo\u011fan, 13. Birle\u015fmi\u015f Milletler Ticaret ve Kalk\u0131nma Konferans\u0131&#8217;na kat\u0131lmak i\u00e7in geldi\u011fi Doha&#8217;da gazetecilerin g\u00fcndemdeki konulara ili\u015fkin sorular\u0131n\u0131 yan\u0131tlad\u0131. Erdo\u011fan, bir gazetecinin <\/p>\n","protected":false},"author":1,"featured_media":0,"comment_status":"open","ping_status":"open","sticky":false,"template":"","format":"standard","meta":{"footnotes":""},"categories":[105],"tags":[],"class_list":["post-50666","post","type-post","status-publish","format-standard","hentry","category-gundem","odd"],"_links":{"self":[{"href":"http:\/\/www.korhanyilmaz.com\/index.php?rest_route=\/wp\/v2\/posts\/50666","targetHints":{"allow":["GET"]}}],"collection":[{"href":"http:\/\/www.korhanyilmaz.com\/index.php?rest_route=\/wp\/v2\/posts"}],"about":[{"href":"http:\/\/www.korhanyilmaz.com\/index.php?rest_route=\/wp\/v2\/types\/post"}],"author":[{"embeddable":true,"href":"http:\/\/www.korhanyilmaz.com\/index.php?rest_route=\/wp\/v2\/users\/1"}],"replies":[{"embeddable":true,"href":"http:\/\/www.korhanyilmaz.com\/index.php?rest_route=%2Fwp%2Fv2%2Fcomments&post=50666"}],"version-history":[{"count":0,"href":"http:\/\/www.korhanyilmaz.com\/index.php?rest_route=\/wp\/v2\/posts\/50666\/revisions"}],"wp:attachment":[{"href":"http:\/\/www.korhanyilmaz.com\/index.php?rest_route=%2Fwp%2Fv2%2Fmedia&parent=50666"}],"wp:term":[{"taxonomy":"category","embeddable":true,"href":"http:\/\/www.korhanyilmaz.com\/index.php?rest_route=%2Fwp%2Fv2%2Fcategories&post=50666"},{"taxonomy":"post_tag","embeddable":true,"href":"http:\/\/www.korhanyilmaz.com\/index.php?rest_route=%2Fwp%2Fv2%2Ftags&post=50666"}],"curies":[{"name":"wp","href":"https:\/\/api.w.org\/{rel}","templated":true}]}}