{"id":50658,"date":"2012-04-19T22:50:32","date_gmt":"2012-04-19T19:50:32","guid":{"rendered":"http:\/\/www.korhanyilmaz.com\/?p=50658"},"modified":"2012-04-20T20:55:53","modified_gmt":"2012-04-20T17:55:53","slug":"28-subat-yorumu-12-eylulde-verilen-sozler-yerine-geliyor","status":"publish","type":"post","link":"http:\/\/www.korhanyilmaz.com\/?p=50658","title":{"rendered":"28 \u015eubat yorumu: 12 Eyl\u00fcl&#8217;de verilen s\u00f6zler yerine geliyor"},"content":{"rendered":"<p style=\"text-align: center;\"><a href=\"http:\/\/www.korhanyilmaz.com\/wp-content\/uploads\/2012\/04\/D0053.jpg\"  class=\"lightview\"><img loading=\"lazy\" decoding=\"async\" class=\"aligncenter  wp-image-50659\" src=\"http:\/\/www.korhanyilmaz.com\/wp-content\/uploads\/2012\/04\/D0053.jpg\" alt=\"\" width=\"322\" height=\"241\" \/><\/a><\/p>\n<p style=\"text-align: justify;\">Ba\u015fbakan Recep Tayyip Erdo\u011fan, 28 \u015eubat soru\u015fturmas\u0131nda temennisinin hakk\u0131n yerini bulmas\u0131, adaletin s\u00fcratle tecelli etmesi oldu\u011funu ifade etti.<\/p>\n<p style=\"text-align: justify;\">\u0130stanbul- Ba\u015fbakan Erdo\u011fan, Katar&#8217;a hareketinden \u00f6nce bir bas\u0131n toplant\u0131s\u0131 d\u00fczenledi.<\/p>\n<p style=\"text-align: justify;\">Erdo\u011fan, bir gazetecinin 28 \u015eubat soru\u015fturmas\u0131ndaki ikinci dalgaya y\u00f6nelik sorusu \u00fczerine, \u015fu anda olan\u0131n bir ara\u015ft\u0131rma, soru\u015fturman\u0131n devam\u0131 oldu\u011funu belirtti. Erdo\u011fan, \u015funlar\u0131 kaydetti:<\/p>\n<p style=\"text-align: justify;\">&#8220;Konuyla ilgili olarak herhangi bir de\u011ferlendirmeyi yapmaktan \u00f6te T\u00fcrkiye&#8217;de herkes \u015funu biliyor, \u015funu g\u00f6r\u00fcyor; darbeler art\u0131k bu \u00fclkede sorgulan\u0131yor. 12 Eyl\u00fcl referandumunda verilen s\u00f6z vaatler yerine geliyor. 12 Eyl\u00fcl referandumunda meydanlarda s\u00f6ylediklerimizi farkl\u0131 bir \u015fekilde ele\u015ftirenler &#8216;bunlar sadece meydanlarda s\u00f6ylenir burada kal\u0131r&#8217; diyenler herhalde bu referandumun neticesine y\u00fczde 58&#8217;le &#8216;evet&#8217; diyenlerin hakl\u0131l\u0131\u011f\u0131n\u0131 ortaya koymu\u015f durumdad\u0131r. Burada da temennim hak yerini bulsun, adalet s\u00fcratle tecelli etsin&#8221; dedi.\u00a0<!--more--><\/p>\n<p style=\"text-align: justify;\"><strong>&#8220;CHP&#8217;nin her zamanki uygulamas\u0131&#8221;\u00a0<\/strong><\/p>\n<p style=\"text-align: justify;\">Bir gazetecinin CHP&#8217;nin 4+4+4 yasas\u0131n\u0131n \u015fekil bak\u0131m\u0131ndan iptali ve y\u00fcr\u00fctmesinin durdurulmas\u0131 i\u00e7in Anayasa Mahkemesi&#8217;ne yapt\u0131\u011f\u0131 ba\u015fvurunun sormas\u0131 \u00fczerine Ba\u015fbakan Erdo\u011fan, &#8220;Bu ana muhalefet partisinin zamanki uygulamas\u0131 ve tutars\u0131zl\u0131\u011f\u0131n\u0131n de\u011fi\u015fik bir versiyonudur&#8221; dedi. Erdo\u011fan, CHP Lideri Kemal K\u0131l\u0131\u00e7daro\u011flu&#8217;nun Kutlu Do\u011fum Haftas\u0131nda yapt\u0131\u011f\u0131 konu\u015fmada peygamberin hayat\u0131yla ilgili g\u00fczel s\u00f6zler sarf etti\u011fini hat\u0131rlatarak, &#8220;\u0130stanbul&#8217;daki konu\u015fmas\u0131nda farkl\u0131 bir takdim sunmu\u015ftu. Ben de heyecanlan\u0131p, &#8216;Herhalde Anayasa Mahkemesi&#8217;ne gitmezler&#8217; demi\u015ftim. Bu yasada Kuran&#8217;\u0131n \u00f6\u011fretilmesi, peygamberimizin hayat\u0131 var. Peygamberin hayat\u0131yla ilgili bu kadar g\u00fczel s\u00f6zleri s\u00f6yleyenler bu yasay\u0131 Anaysa Mahkemesi&#8217;ne g\u00f6t\u00fcrmezler. Temenni ederiz ki son anda yine vazge\u00e7erler, vazge\u00e7meleri daha isabetli olur. Aksi takdirde tutars\u0131zl\u0131klar\u0131n\u0131n yeni bir uygulamas\u0131 olacakt\u0131r&#8221; dedi.<\/p>\n<p style=\"text-align: justify;\"><strong>&#8220;Tutuklu milletvekilleriyle ilgili farkl\u0131 yakla\u015f\u0131mlar var&#8221;\u00a0<\/strong><\/p>\n<p style=\"text-align: justify;\">Ba\u015fbakan Erdo\u011fan tutuklu milletvekilleri konusunda TBMM Ba\u015fkan\u0131 Cemil \u00c7i\u00e7ek&#8217;in \u00fc\u00e7 partiyle g\u00f6r\u00fc\u015fmeler yapt\u0131\u011f\u0131n\u0131 fakat g\u00f6r\u00fc\u015fmelerde \u00fc\u00e7 farkl\u0131 yakla\u015f\u0131m\u0131n ortaya \u00e7\u0131kt\u0131\u011f\u0131n\u0131 s\u00f6yledi. Yakla\u015f\u0131mlar \u00f6rt\u00fc\u015fmeden \u00c7i\u00e7ek&#8217;in kendilerine bu konuda bir teklif getirmeyece\u011fini s\u00f6yleyen Erdo\u011fan, &#8220;Ama b\u00f6yle o farkl\u0131 o farkl\u0131 \u00f6b\u00fcr\u00fc daha farkl\u0131 bir yakla\u015f\u0131m tarz\u0131 ortaya koyarlarsa, Meclis Ba\u015fkan\u0131m\u0131z kendi ifadesiyle, &#8216;B\u00f6yle bir durumda bu konuyu iktidar partisine g\u00f6t\u00fcremem&#8217; dedi. \u0130\u015fin asl\u0131 da budur zaten&#8221; diye konu\u015ftu.<\/p>\n<p style=\"text-align: justify;\"><strong>Barzani&#8217;yle Irak, Suriye ve PKK&#8217;yi konu\u015ftu\u00a0<\/strong><\/p>\n<p style=\"text-align: justify;\">Ba\u015fbakan Erdo\u011fan, Kuzey Irak B\u00f6lgesel K\u00fcrt Y\u00f6netimi Ba\u015fkan\u0131 Mesut Barzani&#8217;yle yapt\u0131\u011f\u0131 g\u00f6r\u00fc\u015fmenin sorulmas\u0131 \u00fczerine, &#8220;Irak g\u00f6r\u00fc\u015f\u00fclen ilk konuydu. Irak&#8217;ta geli\u015fmeler pek de hayra alamet de\u011fil. Mevcut Ba\u015fbakan&#8217;\u0131n gerek kendi koalisyon ortaklar\u0131na davran\u0131\u015flar\u0131, gerek Irak&#8217;taki yap\u0131lanmada ben merkezli ve \u015fartlar\u0131 zorlayan tutumu, Irak&#8217;taki \u015eii gruplar\u0131, Say\u0131n Barzani&#8217;yi ve Irakiyye grubunu rahats\u0131z etmekte ve s\u00fcreci olumsuz etkilemektedir. Bu konu \u00fczerinde durduk&#8221; dedi. Barzani&#8217;yle yapt\u0131\u011f\u0131 g\u00f6r\u00fc\u015fmede Suriye ve PKK ile ilgili konular\u0131nda g\u00fcndeme geldi\u011fin ifade eden Ba\u015fbakan Erdo\u011fan, Barzani&#8217;yle gerek Suriye konusunda gerekse PKK konusunda yakla\u015f\u0131mlar\u0131n\u0131n \u00f6rt\u00fc\u015ft\u00fc\u011f\u00fcn\u00fc s\u00f6yledi. Erdo\u011fan, Barzani&#8217;nin PKK konusundaki rahats\u0131zl\u0131\u011f\u0131n\u0131 kendisine iletti\u011fini kaydederek, Irak&#8217;\u0131n Kuzeyi ile enerji ve altyap\u0131 ekseninde s\u00fcren ekonomik ili\u015fkilerin devam\u0131n\u0131n da g\u00f6r\u00fc\u015fmede de\u011ferlendirildi\u011fini belirtti.<\/p>\n<p style=\"text-align: justify;\"><strong>&#8220;\u0130\u015fin asl\u0131n\u0131 yarg\u0131 ortaya \u00e7\u0131kar\u0131r&#8221;\u00a0<\/strong><\/p>\n<p style=\"text-align: justify;\">Erdo\u011fan, \u0130stanbul&#8217;da emniyetin yapt\u0131\u011f\u0131 operasyonlarda bulunan bombalar\u0131n Mesut Barzani&#8217;ye y\u00f6nelik bir eylemde kullan\u0131lmak \u00fczere haz\u0131rland\u0131\u011f\u0131 iddialar\u0131n\u0131n hat\u0131rlat\u0131lmas\u0131 \u00fczerine de yap\u0131lan operasyonun 25 g\u00fcnl\u00fck bir izleme \u00e7al\u0131\u015fmas\u0131 sonucu oldu\u011funu ifade etti. Operasyonu yapan g\u00fcvenlik g\u00fc\u00e7lerini tebrik eden Erdo\u011fan, &#8220;Bu a\u015famadan sonra i\u015fin asl\u0131n\u0131 yarg\u0131 ortaya \u00e7\u0131karacakt\u0131r&#8221; dedi.<\/p>\n<p style=\"text-align: justify;\"><strong>&#8220;\u00dclkesine g\u00f6nderilebilir, al\u0131konabilir&#8221;\u00a0<\/strong><\/p>\n<p style=\"text-align: justify;\">Ba\u015fbakan Erdo\u011fan, Suriye&#8217;ye silah ta\u015f\u0131d\u0131\u011f\u0131 iddias\u0131yla \u0130skenderun&#8217;da tutulan gemiyle ilgili soruyu da &#8220;Hen\u00fcz bo\u015faltma \u00e7al\u0131\u015fimalar\u0131 yap\u0131l\u0131yor. Silah konusu i\u015fin tahmini. Kon\u015fmentosunun incelenmesi sonucu \u00fclkesine g\u00f6nderilmesi ya da beyannamesinde farkl\u0131 \u015feyler varsa al\u0131koymak da s\u00f6z konusu. Bunlar\u0131n incelemesi \u015fu anda yap\u0131l\u0131yor. Neticeyi ondan sonra alaca\u011f\u0131z. \u015eu an kesin bir \u015fey s\u00f6ylemem do\u011fru olmaz&#8221; diye yan\u0131tlad\u0131.<\/p>\n<p style=\"text-align: justify;\"><strong>&#8220;Art\u0131k yokluk belirtileri ba\u015flad\u0131&#8221;\u00a0<\/strong><\/p>\n<p style=\"text-align: justify;\">Ba\u015fbakan Erdo\u011fan, bir gazetecinin &#8220;Bug\u00fcn Birle\u015fmi\u015f Milletler Suriye&#8217;de olan g\u00f6zlemcilerinin say\u0131s\u0131n\u0131 30&#8217;dan 300&#8242; art\u0131rma talebinde bulundu. Bu say\u0131 sizce yeterli mi?&#8221; sorusuna \u015fu yan\u0131t\u0131 verdi:<\/p>\n<p style=\"text-align: justify;\">&#8220;Say\u0131 noktas\u0131nda karar\u0131 gerek Birle\u015fmi\u015f Milletler G\u00fcvenlik Konseyi, gerek ilgili birimler verecekler. Ama ba\u015fta s\u00f6ylenen mesela 250&#8217;ydi. Yani 250 yeter deniyordu. \u015eimdi 300 talebi geldi. \u0130nan\u0131yorum ki araziye gelenler oradaki, oradaki \u00e7al\u0131\u015fmay\u0131 y\u00fcr\u00fctenler yeter diyecekler veya daha fazla g\u00f6zlemci talebinde bulunacaklar. Daha fazla g\u00f6zlemci talebinde bulunmalar\u0131 halinde de zaten bu tekrar g\u00fcndeme gelecektir. Ona g\u00f6re art\u0131rma yoluna gidilecektir. Bir de tabi buradaki g\u00f6zlem \u00e7al\u0131\u015fmalar\u0131 ne denli sa\u011fl\u0131kl\u0131 y\u00fcr\u00fct\u00fclebilecek. Yani buna rejim ne denli yard\u0131mc\u0131 olacak, \u00f6nlerini nas\u0131l a\u00e7acak, nerelerde m\u00fcsaade edecek nerelerce etmeyecek tabi bunlar \u0131 \u015fu anda bilemiyoruz. Ama g\u00f6rd\u00fc\u011f\u00fcm\u00fcz kadar\u0131yla i\u015fte bug\u00fcn Cenevre&#8217;de imzalar at\u0131ld\u0131. Temenni ederiz ki kan ve \u00f6l\u00fcm durur, bundan sonraki halk\u0131n \u00f6zg\u00fcveni biraz daha artar. Burada yard\u0131m paketleri da\u011f\u0131t\u0131l\u0131yor. Yard\u0131m paketlerinin da\u011f\u0131t\u0131l\u0131yor olmas\u0131 Suriye&#8217;de durumun nereye geldi\u011fini alametidir. Yani art\u0131k yokluk belirtileri ba\u015flad\u0131. Tabi \u00fcretim filan bunlar neredeyse durma noktas\u0131na geldi. Milli b\u00fct\u00e7e ciddi bir zaaf\u0131n i\u00e7erisinde. Tabii b\u00f6yle bir s\u00fcrecin i\u00e7erisinde buna ne kadar dayanabilir, ne kadar tahamm\u00fcl eder onu bilemem. Biz gerek \u00c7in seyahatinde gerek \u0130ran seyahatinde edindi\u011fimiz bilgileri zaten payla\u015fm\u0131\u015ft\u0131k. \u00c7in bu konuda d\u00fc\u015f\u00fcnceleri bizimle \u00f6rt\u00fc\u015f\u00fcyor. \u0130ran farkl\u0131 bir yakla\u015f\u0131m i\u00e7erisinde. Rusya m\u00fc\u015fterek bir \u00e7al\u0131\u015fma yapal\u0131m diyor. Bunlar ile bu \u00e7al\u0131\u015fmalar\u0131 y\u00fcr\u00fctece\u011fiz. Bizim b\u00fct\u00fcn temennimiz \u0130stanbul zirvesinde al\u0131nan karar muzibince de \u0130stanbul&#8217;daki Ulusal Ge\u00e7i\u015f Konseyi toparlay\u0131c\u0131 bir \u00e7al\u0131\u015fmay\u0131 s\u00fcrd\u00fcrmek suretiyle in\u015fallah \u00e7ok daha g\u00fc\u00e7l\u00fc bir \u00e7\u0131k\u0131\u015f\u0131 yaparlar ve Suriye&#8217;deki Ulusal Ge\u00e7i\u015f Konseyi&#8217;yle koordineli olan Suriye halk\u0131 b\u00fct\u00fcn Suriye halk\u0131n\u0131 buradaki rejimin yanl\u0131\u015flar\u0131na evet demeden bu i\u015fi demokratik bir yolla \u00e7\u00f6zmeyi ger\u00e7ekle\u015ftirir.&#8221;<\/p>\n<p style=\"text-align: justify;\"><strong>&#8220;Sonunun hay\u0131rl\u0131 olmas\u0131n\u0131 diliyorum&#8221;\u00a0<\/strong><\/p>\n<p style=\"text-align: justify;\">Suriye&#8217;de demokrasi olmad\u0131\u011f\u0131 s\u00fcrece, halk\u0131n iradesi iktidar olmad\u0131\u011f\u0131 s\u00fcreci Suriye&#8217;nin a\u015famayaca\u011f\u0131 s\u0131k\u0131nt\u0131lar\u0131n olaca\u011f\u0131n\u0131 vurgulayan Erdo\u011fan, &#8220;\u015eu anda \u00e7\u00fcnk\u00fc orada otokratik bir yap\u0131 vard\u0131r. Dayatmac\u0131, otoriter bir sistem vard\u0131r. Suriye halk\u0131 bu sistemden kurtulma karar\u0131n\u0131 vermi\u015ftir ama bunu Suriye halk\u0131n\u0131n b\u00fcy\u00fck bir oranda kabullenmesi, onun m\u00fccadelesini vermesi Suriye&#8217;nin biran \u00f6nce demokratik bir sisteme ge\u00e7mesini yolunu a\u00e7acakt\u0131r. O zaman kan duracakt\u0131r, o zaman \u00f6l\u00fcm duracakt\u0131r&#8221; dedi. \u015eu anda 10 bini a\u015fk\u0131n \u00f6l\u00fcn\u00fcn oldu\u011funu kaydeden Ba\u015fbakan Erdo\u011fan &#8220;25 bini a\u015fk\u0131n \u015fu anda bizde s\u0131\u011f\u0131nmac\u0131 var. 100 bine yak\u0131n \u00dcrd\u00fcn&#8217;de s\u0131\u011f\u0131nmac\u0131 var. B\u00fct\u00fcn bu insanlara biz tabi ki kollar\u0131m\u0131z\u0131 a\u00e7t\u0131k. Biz gelene hay\u0131r diyemeyiz. Tedbirlerimiz ald\u0131k. AFAD bu konuyla ilgili \u00e7al\u0131\u015fmalar\u0131n\u0131 s\u00fcrd\u00fcr\u00fcyor. Elimizden geldi\u011fi kadar deste\u011fimiz veriyoruz, karde\u015flik, kom\u015fuluk g\u00f6revimizi yap\u0131yoruz. Sonunun hay\u0131rl\u0131 olmas\u0131n\u0131 diliyorum&#8221; diye konu\u015ftu.<\/p>\n<p style=\"text-align: justify;\"><a href=\"http:\/\/www.cumhuriyet.com.tr\/?hn=331168\" target=\"_blank\">Kaynak : Cumhuriyet Haber Portal\u0131<\/a><\/p>\n","protected":false},"excerpt":{"rendered":"<p style=\"text-align: center;\">\n<p style=\"text-align: justify;\">Ba\u015fbakan Recep Tayyip Erdo\u011fan, 28 \u015eubat soru\u015fturmas\u0131nda temennisinin hakk\u0131n yerini bulmas\u0131, adaletin s\u00fcratle tecelli etmesi oldu\u011funu ifade etti.<\/p>\n<p style=\"text-align: justify;\">\u0130stanbul- Ba\u015fbakan Erdo\u011fan, Katar&#8217;a hareketinden \u00f6nce bir bas\u0131n toplant\u0131s\u0131 d\u00fczenledi.<\/p>\n<p style=\"text-align: justify;\">Erdo\u011fan, bir gazetecinin 28 \u015eubat soru\u015fturmas\u0131ndaki ikinci dalgaya y\u00f6nelik sorusu \u00fczerine, \u015fu anda olan\u0131n bir ara\u015ft\u0131rma, soru\u015fturman\u0131n devam\u0131 <\/p>\n","protected":false},"author":1,"featured_media":0,"comment_status":"open","ping_status":"open","sticky":false,"template":"","format":"standard","meta":{"footnotes":""},"categories":[105],"tags":[],"class_list":["post-50658","post","type-post","status-publish","format-standard","hentry","category-gundem","odd"],"_links":{"self":[{"href":"http:\/\/www.korhanyilmaz.com\/index.php?rest_route=\/wp\/v2\/posts\/50658","targetHints":{"allow":["GET"]}}],"collection":[{"href":"http:\/\/www.korhanyilmaz.com\/index.php?rest_route=\/wp\/v2\/posts"}],"about":[{"href":"http:\/\/www.korhanyilmaz.com\/index.php?rest_route=\/wp\/v2\/types\/post"}],"author":[{"embeddable":true,"href":"http:\/\/www.korhanyilmaz.com\/index.php?rest_route=\/wp\/v2\/users\/1"}],"replies":[{"embeddable":true,"href":"http:\/\/www.korhanyilmaz.com\/index.php?rest_route=%2Fwp%2Fv2%2Fcomments&post=50658"}],"version-history":[{"count":0,"href":"http:\/\/www.korhanyilmaz.com\/index.php?rest_route=\/wp\/v2\/posts\/50658\/revisions"}],"wp:attachment":[{"href":"http:\/\/www.korhanyilmaz.com\/index.php?rest_route=%2Fwp%2Fv2%2Fmedia&parent=50658"}],"wp:term":[{"taxonomy":"category","embeddable":true,"href":"http:\/\/www.korhanyilmaz.com\/index.php?rest_route=%2Fwp%2Fv2%2Fcategories&post=50658"},{"taxonomy":"post_tag","embeddable":true,"href":"http:\/\/www.korhanyilmaz.com\/index.php?rest_route=%2Fwp%2Fv2%2Ftags&post=50658"}],"curies":[{"name":"wp","href":"https:\/\/api.w.org\/{rel}","templated":true}]}}